{"id":27951,"date":"2025-05-19T10:17:33","date_gmt":"2025-05-19T14:17:33","guid":{"rendered":"https:\/\/noticiasveraces.com\/?p=27951"},"modified":"2025-05-19T10:17:33","modified_gmt":"2025-05-19T14:17:33","slug":"ue-y-reino-unido-sellan-nueva-asociacion-estrategica-dw-19-05-2025","status":"publish","type":"post","link":"https:\/\/noticiasveraces.com\/?p=27951","title":{"rendered":"UE y Reino Unido sellan \u00abnueva asociaci\u00f3n estrat\u00e9gica\u00bb \u2013 DW \u2013 19\/05\/2025"},"content":{"rendered":"<p> \n<\/p>\n<div>\n<p>\u00abEste acuerdo es una victoria para las dos partes y consigue lo que los brit\u00e1nicos votaron: nos da acceso sin precedentes al mercado de la UE, al tiempo que mantiene las l\u00edneas rojas de nuestro programa electoral\u00bb, dijo el primer ministro del Reino Unido, Keir Starmer, en una rueda de prensa conjunta con la presidenta de la Comisi\u00f3n Europea, Ursula von der Leyen, y el presidente del Consejo Europeo, Ant\u00f3nio Costa. <\/p>\n<h2>Starmer: \u00abDejar atr\u00e1s viejos debates obsoletos\u00bb<\/h2>\n<p>\u00abEstamos concluyendo una nueva asociaci\u00f3n estrat\u00e9gica adaptada a nuestra \u00e9poca, que traer\u00e1 beneficios reales y tangibles en materia de seguridad, inmigraci\u00f3n irregular, precios de la energ\u00eda, agroalimentaci\u00f3n, comercio y otros, reduciendo las facturas, creando empleos y protegiendo nuestras fronteras\u00bb, hab\u00eda declarado\u00a0el primer ministro laborista del Reino Unido, al recibir en Londres a Von der Leyen\u00a0y a Costa.<\/p>\n<p>\u00abNos esforzaremos por fortalecer nuestras relaciones con aliados de todo el mundo, incluyendo, por supuesto, Europa. De eso se trata hoy: dejar atr\u00e1s viejos debates obsoletos, mirar hacia adelante, no hacia atr\u00e1s, y centrarnos en lo que podemos hacer juntos para lograr resultados en beneficio del pa\u00eds\u00bb, a\u00f1adi\u00f3 Starmer sobre\u00a0esta cumbre con los l\u00edderes de la\u00a0UE, la primera desde el Brexit.<\/p>\n<h2>Von der Leyen: \u00abEn Europa permanecemos unidos\u00bb<\/h2>\n<p>\u00abPasamos p\u00e1gina. Estamos abriendo un nuevo cap\u00edtulo en nuestra relaci\u00f3n \u00fanica. \u00c9sta es la historia de unos socios hist\u00f3ricos y naturales que se encuentran codo con codo en la escena mundial, afrontando los mismos retos, asumiendo los mismos objetivos, compartiendo los mismos valores\u00bb, indic\u00f3, por su parte, Von der Leyen, al t\u00e9rmino del encuentro. <\/p>\n<p>La pol\u00edtica alemana destac\u00f3\u00a0que la UE y el Reino Unido ahora est\u00e1n \u00abbuscando soluciones que sean beneficiosas para nuestros pueblos\u00bb. Y que hoy env\u00edan juntos al mundo el mensaje de que, \u00aben un momento de inestabilidad mundial y cuando nuestro continente se enfrenta a la mayor amenaza que ha sufrido durante generaciones, en Europa permanecemos unidos\u00bb. <\/p>\n<p><span data-slot-id=\"Article_InContent-1\" class=\"rich-text-ad\"\/><\/p>\n<h2>Inversiones en defensa<\/h2>\n<p>La UE y el Reino Unido lograron cerrar hoy acuerdos sobre seguridad y defensa y cooperaci\u00f3n en asuntos como pesca, movilidad juvenil o electricidad. <\/p>\n<p>Von der Leyen explic\u00f3 que este es \u00abes el primer paso\u00bb\u00a0hacia la participaci\u00f3n del Reino Unido en el programa europeo de inversiones en defensa (SAFE), a\u00fan en desarrollo y que contempla 150.000 millones de euros de pr\u00e9stamos para adquisiciones conjuntas. <\/p>\n<p>Para que Londres pueda participar en ellas, a\u00fan ser\u00e1 necesario un \u00absegundo paso\u00bb\u00a0m\u00e1s adelante, advirti\u00f3 Von der Leyen, quien en todo caso consider\u00f3 que ese paso \u00abaumentar\u00e1 nuestra preparaci\u00f3n, colmar\u00e1 las lagunas militares que tenemos y aumentar\u00e1 lo que es m\u00e1s importante, nuestra interoperabilidad\u00bb. <\/p>\n<p>\u00abCuando nuestras fuerzas armadas participen juntas en misiones, se crear\u00e1n nuevas oportunidades, por supuesto, para nuestras industrias de defensa\u00bb, agreg\u00f3. <\/p>\n<h2>Movilidad y electricidad<\/h2>\n<p>Por lo que se refiere a movilidad de ciudadanos, destac\u00f3 que los j\u00f3venes podr\u00e1n participar en el programa Erasmus Plus, lo que \u00abpermitir\u00e1 a la pr\u00f3xima generaci\u00f3n volver a vivir y estudiar en los pa\u00edses de los dem\u00e1s, de manera que se forjar\u00e1n amistades que durar\u00e1n toda la vida\u00bb.<\/p>\n<p>Von der Leyen aludi\u00f3 igualmente a que hoy decidieron \u00abestudiar la participaci\u00f3n del Reino Unido en el mercado el\u00e9ctrico de la UE\u00bb, lo que consider\u00f3 \u00abbueno para la estabilidad de los flujos energ\u00e9ticos\u00bb\u00a0y la seguridad energ\u00e9tica com\u00fan, adem\u00e1s de para bajar los precios de la energ\u00eda y atraer m\u00e1s inversi\u00f3n privada gracias a la estabilidad regulatoria.<\/p>\n<h2>Comercio, agricultura, pesca, migraci\u00f3n<\/h2>\n<p>La dirigente europea apunt\u00f3 adem\u00e1s que decidieron facilitar los flujos comerciales de productos agr\u00edcolas, concretaron un pacto pesquero que garantizar\u00e1 el acceso rec\u00edproco a sus aguas hasta 2038 y preservaron el arancel hist\u00f3rico para el acero. <\/p>\n<p>Sobre migraci\u00f3n, asegur\u00f3 que van a acelerar su cooperaci\u00f3n para \u00abmantener a nuestros ciudadanos seguros\u00bb, lo que implicar\u00e1 m\u00e1s trabajo operativo conjunto, especialmente a trav\u00e9s de Europol, y un intercambio de informaci\u00f3n \u00absin fisuras\u00bb.<\/p>\n<p>\u00abLa delincuencia no se detiene en la inmigraci\u00f3n ilegal, estamos aunando fuerzas para acabar con los contrabandistas y los traficantes\u00bb, indic\u00f3, y a\u00f1adi\u00f3 que \u00abnuestra meta est\u00e1 clara: queremos proteger nuestras fronteras y evitar m\u00e1s tragedias\u00bb. <\/p>\n<p>RML (AFP, EFE, actualizado a LAS 15:02 CET)<\/p>\n<\/div>\n\n","protected":false},"excerpt":{"rendered":"<p>\u00abEste acuerdo es una victoria para las dos partes y consigue lo que los brit\u00e1nicos votaron: nos da acceso sin precedentes al mercado de la UE, al tiempo que mantiene las l\u00edneas rojas de nuestro programa electoral\u00bb, dijo el primer ministro del Reino Unido, Keir Starmer, en una rueda de prensa conjunta con la presidenta &hellip;<\/p>\n","protected":false},"author":1,"featured_media":27952,"comment_status":"open","ping_status":"open","sticky":false,"template":"","format":"standard","meta":{"fifu_image_url":"https:\/\/static.dw.com\/image\/72595711_6.jpg","fifu_image_alt":"","footnotes":""},"categories":[13],"tags":[],"class_list":["post-27951","post","type-post","status-publish","format-standard","has-post-thumbnail","","category-mundo"],"_links":{"self":[{"href":"https:\/\/noticiasveraces.com\/index.php?rest_route=\/wp\/v2\/posts\/27951","targetHints":{"allow":["GET"]}}],"collection":[{"href":"https:\/\/noticiasveraces.com\/index.php?rest_route=\/wp\/v2\/posts"}],"about":[{"href":"https:\/\/noticiasveraces.com\/index.php?rest_route=\/wp\/v2\/types\/post"}],"author":[{"embeddable":true,"href":"https:\/\/noticiasveraces.com\/index.php?rest_route=\/wp\/v2\/users\/1"}],"replies":[{"embeddable":true,"href":"https:\/\/noticiasveraces.com\/index.php?rest_route=%2Fwp%2Fv2%2Fcomments&post=27951"}],"version-history":[{"count":0,"href":"https:\/\/noticiasveraces.com\/index.php?rest_route=\/wp\/v2\/posts\/27951\/revisions"}],"wp:featuredmedia":[{"embeddable":true,"href":"https:\/\/noticiasveraces.com\/index.php?rest_route=\/wp\/v2\/media\/27952"}],"wp:attachment":[{"href":"https:\/\/noticiasveraces.com\/index.php?rest_route=%2Fwp%2Fv2%2Fmedia&parent=27951"}],"wp:term":[{"taxonomy":"category","embeddable":true,"href":"https:\/\/noticiasveraces.com\/index.php?rest_route=%2Fwp%2Fv2%2Fcategories&post=27951"},{"taxonomy":"post_tag","embeddable":true,"href":"https:\/\/noticiasveraces.com\/index.php?rest_route=%2Fwp%2Fv2%2Ftags&post=27951"}],"curies":[{"name":"wp","href":"https:\/\/api.w.org\/{rel}","templated":true}]}}