{"id":27948,"date":"2025-05-19T09:16:58","date_gmt":"2025-05-19T13:16:58","guid":{"rendered":"https:\/\/noticiasveraces.com\/?p=27948"},"modified":"2025-05-19T09:16:58","modified_gmt":"2025-05-19T13:16:58","slug":"pacto-de-pesca-y-defensa-de-la-uek-ue-surge-5-anos-despues-del-brexit","status":"publish","type":"post","link":"https:\/\/noticiasveraces.com\/?p=27948","title":{"rendered":"Pacto de pesca y defensa de la UEK-UE surge 5 a\u00f1os despu\u00e9s del Brexit"},"content":{"rendered":"<p> \n<\/p>\n<div>\n<p class=\"speakable\">El Reino Unido y la Uni\u00f3n Europea llegaron a un acuerdo hist\u00f3rico centrado en los derechos de pesca y la cooperaci\u00f3n de defensa el lunes, cinco a\u00f1os despu\u00e9s del Brexit. <\/p>\n<p class=\"speakable\">El ministro de la Oficina del Gabinete Brit\u00e1nico, Nick Thomas-Symonds, anunci\u00f3 el acuerdo como funcionarios de ambos lados se reunieron en Londres para su primera cumbre importante desde que el Reino Unido dej\u00f3 formalmente el bloque de comercio de 27 naciones en 2020. Eso sigui\u00f3 a una votaci\u00f3n del refer\u00e9ndum de margen delgada de 2016 llamando a la partida del Reino Unido. El gobierno del primer ministro brit\u00e1nico, Keir Starmer, quien se reuni\u00f3 con el presidente de la Comisi\u00f3n Europea, Ursula von der Leyen, y otros altos funcionarios de la UE, anunciaron la cumbre como un hito importante en el reinicio de las relaciones. <\/p>\n<p>\u00abD\u00eda hist\u00f3rico\u00bb, escribi\u00f3 Thomas-Symonds en X el lunes. \u00abDespu\u00e9s de meses de negociaciones, puedo anunciar que el gobierno laborista ha asegurado un nuevo acuerdo con la UE\u00bb. <\/p>\n<p>El principal negociador de Starmer dijo que el acuerdo era bueno para empleos, facturas, fronteras y m\u00e1s. <\/p>\n<p><strong>Rubio se burla de los detalles del posible Trump, la reuni\u00f3n en persona de Putin despu\u00e9s de Rusia-Ukraine Ceaseffire Talks Stall<\/strong><\/p>\n<div class=\"image-ct inline\">\n<div class=\"m\"><picture><source media=\"(max-width: 767px)\" srcset=\"https:\/\/a57.foxnews.com\/static.foxnews.com\/foxnews.com\/content\/uploads\/2025\/05\/343\/192\/starmer-greets-von-der-leyen.jpg?ve=1&amp;tl=1, https:\/\/a57.foxnews.com\/static.foxnews.com\/foxnews.com\/content\/uploads\/2025\/05\/686\/384\/starmer-greets-von-der-leyen.jpg?ve=1&amp;tl=1 2x\" height=\"192\" width=\"343\"><source media=\"(min-width: 768px) and (max-width: 1023px)\" srcset=\"https:\/\/a57.foxnews.com\/static.foxnews.com\/foxnews.com\/content\/uploads\/2025\/05\/672\/378\/starmer-greets-von-der-leyen.jpg?ve=1&amp;tl=1, https:\/\/a57.foxnews.com\/static.foxnews.com\/foxnews.com\/content\/uploads\/2025\/05\/1344\/756\/starmer-greets-von-der-leyen.jpg?ve=1&amp;tl=1 2x\" height=\"378\" width=\"672\"><source media=\"(min-width: 1024px) and (max-width: 1279px)\" srcset=\"https:\/\/a57.foxnews.com\/static.foxnews.com\/foxnews.com\/content\/uploads\/2025\/05\/931\/523\/starmer-greets-von-der-leyen.jpg?ve=1&amp;tl=1, https:\/\/a57.foxnews.com\/static.foxnews.com\/foxnews.com\/content\/uploads\/2025\/05\/1862\/1046\/starmer-greets-von-der-leyen.jpg?ve=1&amp;tl=1 2x\" height=\"523\" width=\"931\"><source media=\"(min-width: 1280px)\" srcset=\"https:\/\/a57.foxnews.com\/static.foxnews.com\/foxnews.com\/content\/uploads\/2025\/05\/720\/405\/starmer-greets-von-der-leyen.jpg?ve=1&amp;tl=1, https:\/\/a57.foxnews.com\/static.foxnews.com\/foxnews.com\/content\/uploads\/2025\/05\/1440\/810\/starmer-greets-von-der-leyen.jpg?ve=1&amp;tl=1 2x\" height=\"405\" width=\"720\"><img loading=\"lazy\" decoding=\"async\" src=\"https:\/\/a57.foxnews.com\/static.foxnews.com\/foxnews.com\/content\/uploads\/2025\/05\/1200\/675\/starmer-greets-von-der-leyen.jpg?ve=1&amp;tl=1\" alt=\"Strander besos de la mejilla de Leyen en Londres saludo\" width=\"1200\" height=\"675\"\/><\/source><\/source><\/source><\/source><\/picture><\/div>\n<div class=\"info\">\n<div class=\"caption\">\n<p><span>El primer ministro de Gran Breta\u00f1a, Keir Starmer, derecho, presidenta de la Comisi\u00f3n Europea de Kisses, Ursula von der Leyen, cuando llega con el presidente del Consejo Europeo, Antonio Costa, para asistir a una cumbre del Reino Unido y la Uni\u00f3n Europea en Lancaster House, Londres, lunes 19 de mayo de 2025. <\/span> <span>(Henry Nicholls\/Pool Photo a trav\u00e9s de AP)<\/span><\/p>\n<\/div>\n<\/div>\n<\/div>\n<p>\u00abGran Breta\u00f1a de regreso al escenario mundial, con un gobierno al servicio de los trabajadores\u00bb, agreg\u00f3 Thomas-Symonds, sin elaborar a\u00fan m\u00e1s los detalles del acuerdo.<\/p>\n<p>Starmer ha enfatizado que el Reino Unido no se unir\u00e1 al mercado \u00fanico y sin fricci\u00f3n de la Uni\u00f3n de Aduanas sin fricci\u00f3n de la UE, ni aceptar la libre circulaci\u00f3n de personas entre el Reino Unido y la UE. El Primer Ministro ha enfrentado crecientes desaf\u00edos del Partido Reforma del Reino Unido, que apoy\u00f3 al Brexit y se opone a pol\u00edticas de migraci\u00f3n masiva que volcan a la poderosa naci\u00f3n isle\u00f1a. <\/p>\n<p>La reforma, que recientemente gan\u00f3 en grande en las elecciones locales, y el Partido Conservador de la Oposici\u00f3n ya ha llamado al acuerdo como una \u00abrendici\u00f3n\u00bb de la soberan\u00eda del Reino Unido al liderazgo de la UE en Bruselas.<\/p>\n<p>\u00abLa bandera blanca ha sido agitada fuera de Downing Street. La gran rendici\u00f3n de la UE por parte del Reino Unido se est\u00e1 llevando a cabo mientras hablamos\u00bb, dijo Richard Tice de Reform UK British Media, facturando el acuerdo como una traici\u00f3n a los t\u00e9rminos de Brexit en la pesca en particular.  <\/p>\n<p>Las conversaciones sobre el fortalecimiento de los lazos centrados en gran medida en la seguridad y la defensa, y en un plan de movilidad juvenil que permitir\u00eda a los j\u00f3venes brit\u00e1nicos y europeos vivir y trabajar temporalmente en el territorio del otro. Ese sigue siendo un tema pol\u00edticamente delicetoso en el Reino Unido, visto por algunos Brexiteers como retroceder hacia la libre circulaci\u00f3n, seg\u00fan Associated Press. El Reino Unido ya tiene arreglos de movilidad juvenil con pa\u00edses como Australia y Canad\u00e1. <\/p>\n<div class=\"image-ct inline\">\n<div class=\"m\"><picture><source media=\"(max-width: 767px)\" srcset=\"https:\/\/a57.foxnews.com\/static.foxnews.com\/foxnews.com\/content\/uploads\/2025\/05\/343\/192\/starmer-uk-eu-summit.jpg?ve=1&amp;tl=1, https:\/\/a57.foxnews.com\/static.foxnews.com\/foxnews.com\/content\/uploads\/2025\/05\/686\/384\/starmer-uk-eu-summit.jpg?ve=1&amp;tl=1 2x\" height=\"192\" width=\"343\"><source media=\"(min-width: 768px) and (max-width: 1023px)\" srcset=\"https:\/\/a57.foxnews.com\/static.foxnews.com\/foxnews.com\/content\/uploads\/2025\/05\/672\/378\/starmer-uk-eu-summit.jpg?ve=1&amp;tl=1, https:\/\/a57.foxnews.com\/static.foxnews.com\/foxnews.com\/content\/uploads\/2025\/05\/1344\/756\/starmer-uk-eu-summit.jpg?ve=1&amp;tl=1 2x\" height=\"378\" width=\"672\"><source media=\"(min-width: 1024px) and (max-width: 1279px)\" srcset=\"https:\/\/a57.foxnews.com\/static.foxnews.com\/foxnews.com\/content\/uploads\/2025\/05\/931\/523\/starmer-uk-eu-summit.jpg?ve=1&amp;tl=1, https:\/\/a57.foxnews.com\/static.foxnews.com\/foxnews.com\/content\/uploads\/2025\/05\/1862\/1046\/starmer-uk-eu-summit.jpg?ve=1&amp;tl=1 2x\" height=\"523\" width=\"931\"><source media=\"(min-width: 1280px)\" srcset=\"https:\/\/a57.foxnews.com\/static.foxnews.com\/foxnews.com\/content\/uploads\/2025\/05\/720\/405\/starmer-uk-eu-summit.jpg?ve=1&amp;tl=1, https:\/\/a57.foxnews.com\/static.foxnews.com\/foxnews.com\/content\/uploads\/2025\/05\/1440\/810\/starmer-uk-eu-summit.jpg?ve=1&amp;tl=1 2x\" height=\"405\" width=\"720\"><img loading=\"lazy\" decoding=\"async\" src=\"https:\/\/a57.foxnews.com\/static.foxnews.com\/foxnews.com\/content\/uploads\/2025\/05\/1200\/675\/starmer-uk-eu-summit.jpg?ve=1&amp;tl=1\" alt=\"Starmer en la cumbre de la UE-UK\" width=\"1200\" height=\"675\"\/><\/source><\/source><\/source><\/source><\/picture><\/div>\n<div class=\"info\">\n<div class=\"caption\">\n<p><span>El primer ministro de Gran Breta\u00f1a, Keir Starmer, Centro, llega para asistir a la Cumbre del Reino Unido-UE en Lancaster House, en Londres, el lunes 19 de mayo de 2025. <\/span> <span>(Henry Nicholls\/Pool Photo a trav\u00e9s de AP)<\/span><\/p>\n<\/div>\n<\/div>\n<\/div>\n<p><strong>Johnson empuja el horario &#8216;agresivo&#8217; para que la C\u00e1mara apruebe el proyecto de ley de presupuesto de Trump despu\u00e9s del mot\u00edn republicano: &#8216;No podemos fallar&#8217;<\/strong><\/p>\n<p>Otro problema que ha sido durante mucho tiempo un punto de conflicto en las relaciones con el Reino Unido-UE es la pesca, un tema simb\u00f3licamente importante para el Reino Unido y los Estados miembros de la UE como Francia. Las disputas sobre el tema casi descarrilaron un acuerdo de Brexit en 2020. Tambi\u00e9n se espera que la cumbre cubra los est\u00e1ndares de alineaci\u00f3n en la venta de productos agr\u00edcolas, que podr\u00edan eliminar los controles costosos de los productos alimenticios exportados en todo el Canal de la Mancha. <\/p>\n<p>Thomas-Symonds le dijo a la BBC que confiaba en que el comercio podr\u00eda mejorarse para las importaciones y exportaciones de alimentos. <\/p>\n<p>\u00abSabemos que hemos tenido camiones esperando durante 16 horas, la comida fresca en la parte posterior no puede exportarse, porque, francamente, solo est\u00e1 saliendo, la burocracia, todas las certificaciones que se requieren, queremos reducir eso\u00bb, dijo, seg\u00fan los informes. <\/p>\n<p>El New York Times cit\u00f3 a un diplom\u00e1tico europeo no identificado diciendo que el acuerdo permitir\u00e1 a los barcos europeos el acceso a las aguas pesqueras del Reino Unido hasta el 30 de junio de 2038. <\/p>\n<div class=\"image-ct inline\">\n<div class=\"m\"><picture><source media=\"(max-width: 767px)\" srcset=\"https:\/\/a57.foxnews.com\/static.foxnews.com\/foxnews.com\/content\/uploads\/2025\/05\/343\/192\/uk-eu-summit-von-der-leyen-starmer-costa.jpg?ve=1&amp;tl=1, https:\/\/a57.foxnews.com\/static.foxnews.com\/foxnews.com\/content\/uploads\/2025\/05\/686\/384\/uk-eu-summit-von-der-leyen-starmer-costa.jpg?ve=1&amp;tl=1 2x\" height=\"192\" width=\"343\"><source media=\"(min-width: 768px) and (max-width: 1023px)\" srcset=\"https:\/\/a57.foxnews.com\/static.foxnews.com\/foxnews.com\/content\/uploads\/2025\/05\/672\/378\/uk-eu-summit-von-der-leyen-starmer-costa.jpg?ve=1&amp;tl=1, https:\/\/a57.foxnews.com\/static.foxnews.com\/foxnews.com\/content\/uploads\/2025\/05\/1344\/756\/uk-eu-summit-von-der-leyen-starmer-costa.jpg?ve=1&amp;tl=1 2x\" height=\"378\" width=\"672\"><source media=\"(min-width: 1024px) and (max-width: 1279px)\" srcset=\"https:\/\/a57.foxnews.com\/static.foxnews.com\/foxnews.com\/content\/uploads\/2025\/05\/931\/523\/uk-eu-summit-von-der-leyen-starmer-costa.jpg?ve=1&amp;tl=1, https:\/\/a57.foxnews.com\/static.foxnews.com\/foxnews.com\/content\/uploads\/2025\/05\/1862\/1046\/uk-eu-summit-von-der-leyen-starmer-costa.jpg?ve=1&amp;tl=1 2x\" height=\"523\" width=\"931\"><source media=\"(min-width: 1280px)\" srcset=\"https:\/\/a57.foxnews.com\/static.foxnews.com\/foxnews.com\/content\/uploads\/2025\/05\/720\/405\/uk-eu-summit-von-der-leyen-starmer-costa.jpg?ve=1&amp;tl=1, https:\/\/a57.foxnews.com\/static.foxnews.com\/foxnews.com\/content\/uploads\/2025\/05\/1440\/810\/uk-eu-summit-von-der-leyen-starmer-costa.jpg?ve=1&amp;tl=1 2x\" height=\"405\" width=\"720\"><img loading=\"lazy\" decoding=\"async\" src=\"https:\/\/a57.foxnews.com\/static.foxnews.com\/foxnews.com\/content\/uploads\/2025\/05\/1200\/675\/uk-eu-summit-von-der-leyen-starmer-costa.jpg?ve=1&amp;tl=1\" alt=\"L\u00edderes de la cumbre de UE-UK\" width=\"1200\" height=\"675\"\/><\/source><\/source><\/source><\/source><\/picture><\/div>\n<div class=\"info\">\n<div class=\"caption\">\n<p><span>El primer ministro de Gran Breta\u00f1a, Keir Starmer, Centro, representa una foto con el presidente de la Comisi\u00f3n Europea, Ursula von der Leyen, y el presidente del Consejo Europeo, Antonio Costa, a la derecha, por delante de una cumbre del Reino Unido y la Uni\u00f3n Europea en Lancaster House, Londres, lunes 19 de mayo de 2025. <\/span> <span>(Henry Nicholls\/Pool Photo a trav\u00e9s de AP)<\/span><\/p>\n<\/div>\n<\/div>\n<\/div>\n<p>El acuerdo se produce cuando el regreso del presidente Donald Trump aporta un mayor sentido de urgencia para la cooperaci\u00f3n entre el Reino Unido y el bloque, ya que la administraci\u00f3n entrante de los Estados Unidos adopta un nuevo enfoque para el comercio y la seguridad europeos, as\u00ed como la guerra de Ucrania-Rusia. No est\u00e1 claro c\u00f3mo Trump, quien respald\u00f3 al Brexit, reaccionar\u00e1 ante el nuevo acuerdo de Starmer con la UE. <\/p>\n<p><strong><u>Haga clic aqu\u00ed para obtener la aplicaci\u00f3n Fox News<\/u><\/strong><\/p>\n<p>\u00abEl reinicio a\u00fan podr\u00eda ser desanimado por desacuerdos sobre c\u00f3mo consolidar \u00e1reas de cooperaci\u00f3n existentes como pesca y\/o factores externos, como una reacci\u00f3n negativa de los Estados Unidos al Reino Unido que busca lazos m\u00e1s estrechos con la UE\u00bb, dijo Jannike Wachowiak, un asociado de investigaci\u00f3n en el Reino Unido en un cambio de pensamiento de Europa cambiante, dijo a la AP. <\/p>\n<p><i>Associated Press contribuy\u00f3 a este informe.<\/i><\/p>\n<p> <!----> <\/p>\n<div class=\"article-meta\">\n<div class=\"author-bio\">\n<p>Danielle Wallace es reportera de noticias y pol\u00edticas en Fox News Digital. Los consejos de la historia se pueden enviar a danielle.wallace@fox.com y en X: @danimwallace. <\/p>\n<\/div>\n<\/div>\n<\/div>\n\n","protected":false},"excerpt":{"rendered":"<p>El Reino Unido y la Uni\u00f3n Europea llegaron a un acuerdo hist\u00f3rico centrado en los derechos de pesca y la cooperaci\u00f3n de defensa el lunes, cinco a\u00f1os despu\u00e9s del Brexit. El ministro de la Oficina del Gabinete Brit\u00e1nico, Nick Thomas-Symonds, anunci\u00f3 el acuerdo como funcionarios de ambos lados se reunieron en Londres para su primera &hellip;<\/p>\n","protected":false},"author":1,"featured_media":27950,"comment_status":"open","ping_status":"open","sticky":false,"template":"","format":"standard","meta":{"fifu_image_url":"https:\/\/static.foxnews.com\/foxnews.com\/content\/uploads\/2025\/05\/starmer-greets-von-der-leyen.jpg","fifu_image_alt":"","footnotes":""},"categories":[13],"tags":[],"class_list":["post-27948","post","type-post","status-publish","format-standard","has-post-thumbnail","","category-mundo"],"_links":{"self":[{"href":"https:\/\/noticiasveraces.com\/index.php?rest_route=\/wp\/v2\/posts\/27948","targetHints":{"allow":["GET"]}}],"collection":[{"href":"https:\/\/noticiasveraces.com\/index.php?rest_route=\/wp\/v2\/posts"}],"about":[{"href":"https:\/\/noticiasveraces.com\/index.php?rest_route=\/wp\/v2\/types\/post"}],"author":[{"embeddable":true,"href":"https:\/\/noticiasveraces.com\/index.php?rest_route=\/wp\/v2\/users\/1"}],"replies":[{"embeddable":true,"href":"https:\/\/noticiasveraces.com\/index.php?rest_route=%2Fwp%2Fv2%2Fcomments&post=27948"}],"version-history":[{"count":0,"href":"https:\/\/noticiasveraces.com\/index.php?rest_route=\/wp\/v2\/posts\/27948\/revisions"}],"wp:featuredmedia":[{"embeddable":true,"href":"https:\/\/noticiasveraces.com\/index.php?rest_route=\/wp\/v2\/media\/27950"}],"wp:attachment":[{"href":"https:\/\/noticiasveraces.com\/index.php?rest_route=%2Fwp%2Fv2%2Fmedia&parent=27948"}],"wp:term":[{"taxonomy":"category","embeddable":true,"href":"https:\/\/noticiasveraces.com\/index.php?rest_route=%2Fwp%2Fv2%2Fcategories&post=27948"},{"taxonomy":"post_tag","embeddable":true,"href":"https:\/\/noticiasveraces.com\/index.php?rest_route=%2Fwp%2Fv2%2Ftags&post=27948"}],"curies":[{"name":"wp","href":"https:\/\/api.w.org\/{rel}","templated":true}]}}