{"id":27924,"date":"2025-05-19T06:14:07","date_gmt":"2025-05-19T10:14:07","guid":{"rendered":"https:\/\/noticiasveraces.com\/?p=27924"},"modified":"2025-05-19T06:14:07","modified_gmt":"2025-05-19T10:14:07","slug":"el-papa-leo-xiv-celebra-una-reunion-privada-con-el-vicepresidente-vance-y-el-secretario-rubio-en-el-vaticano","status":"publish","type":"post","link":"https:\/\/noticiasveraces.com\/?p=27924","title":{"rendered":"El Papa Leo XIV celebra una reuni\u00f3n privada con el vicepresidente Vance y el Secretario Rubio en el Vaticano"},"content":{"rendered":"<p> \n<\/p>\n<div>\n<p class=\"speakable\">El Papa Leo XIV celebr\u00f3 el lunes una reuni\u00f3n privada con el vicepresidente de EE. UU. JD Vance y su esposa, Usha, seg\u00fan la Oficina de Prensa de Santa Sede.<\/p>\n<p class=\"speakable\">Seg\u00fan Vatican News, el secretario de estado de Estados Unidos, Marco Rubio y su esposa, Jeanette, tambi\u00e9n estuvieron en la reuni\u00f3n privada.<\/p>\n<p>Vance, Rubio y sus esposas hab\u00edan asistido a la misa inaugural del Papa el domingo.<\/p>\n<p><strong><u>El Papa Leo dice que la familia basada en la &#8216;uni\u00f3n entre un hombre y una mujer&#8217; defiende la dignidad de no nacido<\/u><\/strong><\/p>\n<div class=\"image-ct inline\">\n<div class=\"m\"><picture><source media=\"(max-width: 767px)\" srcset=\"https:\/\/a57.foxnews.com\/static.foxnews.com\/foxnews.com\/content\/uploads\/2025\/05\/343\/192\/popevance.png?ve=1&amp;tl=1, https:\/\/a57.foxnews.com\/static.foxnews.com\/foxnews.com\/content\/uploads\/2025\/05\/686\/384\/popevance.png?ve=1&amp;tl=1 2x\" height=\"192\" width=\"343\"><source media=\"(min-width: 768px) and (max-width: 1023px)\" srcset=\"https:\/\/a57.foxnews.com\/static.foxnews.com\/foxnews.com\/content\/uploads\/2025\/05\/672\/378\/popevance.png?ve=1&amp;tl=1, https:\/\/a57.foxnews.com\/static.foxnews.com\/foxnews.com\/content\/uploads\/2025\/05\/1344\/756\/popevance.png?ve=1&amp;tl=1 2x\" height=\"378\" width=\"672\"><source media=\"(min-width: 1024px) and (max-width: 1279px)\" srcset=\"https:\/\/a57.foxnews.com\/static.foxnews.com\/foxnews.com\/content\/uploads\/2025\/05\/931\/523\/popevance.png?ve=1&amp;tl=1, https:\/\/a57.foxnews.com\/static.foxnews.com\/foxnews.com\/content\/uploads\/2025\/05\/1862\/1046\/popevance.png?ve=1&amp;tl=1 2x\" height=\"523\" width=\"931\"><source media=\"(min-width: 1280px)\" srcset=\"https:\/\/a57.foxnews.com\/static.foxnews.com\/foxnews.com\/content\/uploads\/2025\/05\/720\/405\/popevance.png?ve=1&amp;tl=1, https:\/\/a57.foxnews.com\/static.foxnews.com\/foxnews.com\/content\/uploads\/2025\/05\/1440\/810\/popevance.png?ve=1&amp;tl=1 2x\" height=\"405\" width=\"720\"><img loading=\"lazy\" decoding=\"async\" src=\"https:\/\/a57.foxnews.com\/static.foxnews.com\/foxnews.com\/content\/uploads\/2025\/05\/1200\/675\/popevance.png?ve=1&amp;tl=1\" alt=\"El Papa Leo XIV se da la mano con JD Vance\" width=\"1200\" height=\"675\"\/><\/source><\/source><\/source><\/source><\/picture><\/div>\n<div class=\"info\">\n<div class=\"caption\">\n<p><span>El Papa Leo XIV habla con el vicepresidente de EE. UU. JD Vance y su esposa Usha despu\u00e9s de una santa misa para el comienzo de su pontificado, en la Bas\u00edlica de San Pedro en el Vaticano el 18 de mayo de 2025.<\/span> <span>(Getty Images)<\/span><\/p>\n<\/div>\n<\/div>\n<\/div>\n<p>Despu\u00e9s de la audiencia privada con el primer Papa estadounidense el lunes, Vance se reuni\u00f3 con el arzobispo Paul Richard Gallagher, Secretario de Relaciones con Estados y Organizaciones Internacionales, dijo la Oficina de Prensa de Holy Sede.<\/p>\n<p>Vance y Gallagher tuvieron conversaciones \u00abcordiales\u00bb en la Secretar\u00eda del Estado, donde reiteraron buenas relaciones bilaterales entre el gobierno de los Estados Unidos y la Santa Sede.<\/p>\n<p><strong>El Papa Leo XIV promete trabajar por la unidad, la paz durante la misa inaugural<\/strong><\/p>\n<div class=\"image-ct inline\">\n<div class=\"m\"><picture><source media=\"(max-width: 767px)\" srcset=\"https:\/\/a57.foxnews.com\/static.foxnews.com\/foxnews.com\/content\/uploads\/2025\/05\/343\/192\/vancerubio.png?ve=1&amp;tl=1, https:\/\/a57.foxnews.com\/static.foxnews.com\/foxnews.com\/content\/uploads\/2025\/05\/686\/384\/vancerubio.png?ve=1&amp;tl=1 2x\" height=\"192\" width=\"343\"><source media=\"(min-width: 768px) and (max-width: 1023px)\" srcset=\"https:\/\/a57.foxnews.com\/static.foxnews.com\/foxnews.com\/content\/uploads\/2025\/05\/672\/378\/vancerubio.png?ve=1&amp;tl=1, https:\/\/a57.foxnews.com\/static.foxnews.com\/foxnews.com\/content\/uploads\/2025\/05\/1344\/756\/vancerubio.png?ve=1&amp;tl=1 2x\" height=\"378\" width=\"672\"><source media=\"(min-width: 1024px) and (max-width: 1279px)\" srcset=\"https:\/\/a57.foxnews.com\/static.foxnews.com\/foxnews.com\/content\/uploads\/2025\/05\/931\/523\/vancerubio.png?ve=1&amp;tl=1, https:\/\/a57.foxnews.com\/static.foxnews.com\/foxnews.com\/content\/uploads\/2025\/05\/1862\/1046\/vancerubio.png?ve=1&amp;tl=1 2x\" height=\"523\" width=\"931\"><source media=\"(min-width: 1280px)\" srcset=\"https:\/\/a57.foxnews.com\/static.foxnews.com\/foxnews.com\/content\/uploads\/2025\/05\/720\/405\/vancerubio.png?ve=1&amp;tl=1, https:\/\/a57.foxnews.com\/static.foxnews.com\/foxnews.com\/content\/uploads\/2025\/05\/1440\/810\/vancerubio.png?ve=1&amp;tl=1 2x\" height=\"405\" width=\"720\"><img loading=\"lazy\" decoding=\"async\" src=\"https:\/\/a57.foxnews.com\/static.foxnews.com\/foxnews.com\/content\/uploads\/2025\/05\/1200\/675\/vancerubio.png?ve=1&amp;tl=1\" alt=\"Vance y Rubio\" width=\"1200\" height=\"675\"\/><\/source><\/source><\/source><\/source><\/picture><\/div>\n<div class=\"info\">\n<div class=\"caption\">\n<p><span>El vicepresidente estadounidense JD Vance y su esposa Usha, el Secretario de Estado de los Estados Unidos, Marco Rubio, y su esposa Jeanette llegan para asistir a una santa misa para el comienzo del Pontificado del Papa Leo XIV, en la Plaza de San Pedro el 18 de mayo de 2025.<\/span> <span>(Getty Images)<\/span><\/p>\n<\/div>\n<\/div>\n<\/div>\n<p><strong><u>Haga clic aqu\u00ed para obtener la aplicaci\u00f3n Fox News<\/u><\/strong><\/p>\n<p>Los dos tambi\u00e9n discutieron la colaboraci\u00f3n entre la iglesia y el gobierno de los Estados Unidos, as\u00ed como \u00abalgunos asuntos de especial relevancia para la vida eclesial y la libertad religiosa\u00bb.<\/p>\n<p>\u00abFinalmente, hubo un intercambio de opiniones sobre algunos asuntos internacionales actuales, pidiendo respeto por el derecho humanitario y el derecho internacional en \u00e1reas de conflicto y una soluci\u00f3n negociada entre las partes involucradas\u00bb, dijo la oficina de prensa de Holy Sede.<\/p>\n<p> <!----> <\/div>\n\n","protected":false},"excerpt":{"rendered":"<p>El Papa Leo XIV celebr\u00f3 el lunes una reuni\u00f3n privada con el vicepresidente de EE. UU. JD Vance y su esposa, Usha, seg\u00fan la Oficina de Prensa de Santa Sede. Seg\u00fan Vatican News, el secretario de estado de Estados Unidos, Marco Rubio y su esposa, Jeanette, tambi\u00e9n estuvieron en la reuni\u00f3n privada. Vance, Rubio y &hellip;<\/p>\n","protected":false},"author":1,"featured_media":27926,"comment_status":"open","ping_status":"open","sticky":false,"template":"","format":"standard","meta":{"fifu_image_url":"https:\/\/static.foxnews.com\/foxnews.com\/content\/uploads\/2025\/05\/popevance.png","fifu_image_alt":"","footnotes":""},"categories":[13],"tags":[],"class_list":["post-27924","post","type-post","status-publish","format-standard","has-post-thumbnail","","category-mundo"],"_links":{"self":[{"href":"https:\/\/noticiasveraces.com\/index.php?rest_route=\/wp\/v2\/posts\/27924","targetHints":{"allow":["GET"]}}],"collection":[{"href":"https:\/\/noticiasveraces.com\/index.php?rest_route=\/wp\/v2\/posts"}],"about":[{"href":"https:\/\/noticiasveraces.com\/index.php?rest_route=\/wp\/v2\/types\/post"}],"author":[{"embeddable":true,"href":"https:\/\/noticiasveraces.com\/index.php?rest_route=\/wp\/v2\/users\/1"}],"replies":[{"embeddable":true,"href":"https:\/\/noticiasveraces.com\/index.php?rest_route=%2Fwp%2Fv2%2Fcomments&post=27924"}],"version-history":[{"count":0,"href":"https:\/\/noticiasveraces.com\/index.php?rest_route=\/wp\/v2\/posts\/27924\/revisions"}],"wp:featuredmedia":[{"embeddable":true,"href":"https:\/\/noticiasveraces.com\/index.php?rest_route=\/wp\/v2\/media\/27926"}],"wp:attachment":[{"href":"https:\/\/noticiasveraces.com\/index.php?rest_route=%2Fwp%2Fv2%2Fmedia&parent=27924"}],"wp:term":[{"taxonomy":"category","embeddable":true,"href":"https:\/\/noticiasveraces.com\/index.php?rest_route=%2Fwp%2Fv2%2Fcategories&post=27924"},{"taxonomy":"post_tag","embeddable":true,"href":"https:\/\/noticiasveraces.com\/index.php?rest_route=%2Fwp%2Fv2%2Ftags&post=27924"}],"curies":[{"name":"wp","href":"https:\/\/api.w.org\/{rel}","templated":true}]}}