{"id":27919,"date":"2025-05-19T06:05:14","date_gmt":"2025-05-19T10:05:14","guid":{"rendered":"https:\/\/noticiasveraces.com\/?p=27919"},"modified":"2025-05-19T06:05:14","modified_gmt":"2025-05-19T10:05:14","slug":"ricard-sole-biologo-y-fisico-tal-vez-haya-que-redefinir-la-soledad-tecnologia","status":"publish","type":"post","link":"https:\/\/noticiasveraces.com\/?p=27919","title":{"rendered":"Ricard Sol\u00e9, bi\u00f3logo y f\u00edsico: \u201cTal vez haya que redefinir la soledad\u201d | Tecnolog\u00eda"},"content":{"rendered":"<p> \n<\/p>\n<div data-dtm-region=\"articulo_cuerpo\">\n<p class=\"\">Ricard Sol\u00e9, barcelon\u00e9s de 62 a\u00f1os, es f\u00edsico, bi\u00f3logo, profesor investigador del ICREA (Institut Catal\u00e0 de Recerca i Estudis Avan\u00e7ats) y director del Laboratorio de Sistemas Complejos de la Universidad Pompeu Fabra (Parc de Recerca Biom\u00e8dica de Barcelona). Comisar\u00eda la exposici\u00f3n Cerebro(s), que ha llegado a La Casa de la Ciencia del CSIC en Sevilla y lleva dos a\u00f1os de gira, desde el CCCB de Barcelona, mostrando el \u00f3rgano que ejerce de torre de control del m\u00e1s complejo sistema biol\u00f3gico de la Tierra, el responsable de la consciencia, las emociones, los pensamientos, la memoria y el lenguaje: el epicentro de lo que somos. <\/p>\n<p class=\"\"><b>Pregunta<\/b>. En los \u00faltimos a\u00f1os, se ha avanzado en las interfaces cerebro-computadora, la conexi\u00f3n entre ese extraordinario complejo biol\u00f3gico y sistemas inform\u00e1ticos. \u00bfRedefinir\u00e1n los l\u00edmites de la capacidad humana y expandir\u00e1n la forma en que experimentamos?<\/p>\n<p class=\"\"><b>Respuesta.<\/b> Soy un poco esc\u00e9ptico. Tienen un potencial enorme para tratar enfermedades y discapacidades y ah\u00ed estoy seguro de que veremos cosas realmente extraordinarias. Siempre hay una tecnolog\u00eda que puede ser disruptiva, que nos acaba ense\u00f1ando cosas que no sospechamos. Pero decir que nos proporcionar\u00e1 m\u00e1s capacidades\u2026 A veces, olvidamos que el cerebro tiene esas capacidades enormes que la educaci\u00f3n permite desarrollar sin ning\u00fan problema.<\/p>\n<p class=\"\"><b>PAG.<\/b> \u00bfHabr\u00e1 un chip (procesador) para intercambiar informaci\u00f3n con el cerebro?<\/p>\n<p class=\"\"><b>R.<\/b> Estamos extraordinariamente lejos de eso. Las arquitecturas de los chips no tienen casi nada que ver con la arquitectura del cerebro y c\u00f3mo procesa la informaci\u00f3n. Esa conexi\u00f3n no est\u00e1 hecha, aunque, en ciencia, nunca puedes decir que algo no va a pasar.<\/p>\n<p class=\"\"><b>PAG.<\/b> Pero \u00bfhabr\u00e1 en alg\u00fan momento un sistema que pueda suplir deficiencias que tenga el ser humano?<\/p>\n<p class=\"\"><b>R.<\/b> Aunque sea en fase preliminar, se ha avanzado en asuntos relacionados con el p\u00e1rkinson, en recuperar movilidad o el habla. Con implantes y exoesqueletos, quiz\u00e1 tengamos un futuro en el que la gente que no puede andar lo haga. Las posibilidades en ese \u00e1mbito ser\u00e1n enormes y puede cambiar la vida de muchas personas. No entendemos muy bien cu\u00e1l es el proceso subyacente, pero la mente es muy pl\u00e1stica y eso juega mucho a nuestro favor. Hemos visto personas con un da\u00f1o muy importante en el cerebro y, de una forma u otra, este es capaz de compensar el da\u00f1o.<\/p>\n<blockquote class=\"a_q\">\n<p>A veces, olvidamos que el cerebro tiene esas capacidades enormes que la educaci\u00f3n permite desarrollar sin ning\u00fan problema<\/p>\n<\/blockquote>\n<p class=\"\"><b>PAG.<\/b> \u00bfY la m\u00e1quina podr\u00e1 interferir en los pensamientos del cerebro?<\/p>\n<p class=\"\"><b>R.<\/b> Estamos en medio de una revoluci\u00f3n y no sabemos hacia d\u00f3nde va a evolucionar. Vivimos un periodo de incertidumbre y desconocemos hasta qu\u00e9 punto la m\u00e1quina con la que podremos interaccionar puede ser proactiva hacia nosotros. Ya lo veremos.<\/p>\n<figure class=\"a_m a_m-h \"><span class=\"_db a_m_w _pr lb_btn\"><img alt=\"El f\u00edsico y bi\u00f3logo Ricard Sol\u00e9, en Sevilla.\" decoding=\"auto\" class=\"_re lazyload a_m-h\" height=\"277\" srcset=\"https:\/\/imagenes.elpais.com\/resizer\/v2\/2HST2MYDLRFG3MBV4VXO6HUQ6E.jpg?auth=8a26939e11af4924b822ff44ccac435942c3bc3989cf3687f5419f665db5fb76&amp;width=414 414w,https:\/\/imagenes.elpais.com\/resizer\/v2\/2HST2MYDLRFG3MBV4VXO6HUQ6E.jpg?auth=8a26939e11af4924b822ff44ccac435942c3bc3989cf3687f5419f665db5fb76&amp;width=828 640w,https:\/\/imagenes.elpais.com\/resizer\/v2\/2HST2MYDLRFG3MBV4VXO6HUQ6E.jpg?auth=8a26939e11af4924b822ff44ccac435942c3bc3989cf3687f5419f665db5fb76&amp;width=980 1000w,https:\/\/imagenes.elpais.com\/resizer\/v2\/2HST2MYDLRFG3MBV4VXO6HUQ6E.jpg?auth=8a26939e11af4924b822ff44ccac435942c3bc3989cf3687f5419f665db5fb76&amp;width=1960 1960w\" width=\"414\" sizes=\"auto, (min-width:1199px) 1155px,(min-width:1001px) calc(100vw - 44px),(min-width:768px) 767px, 100vw\" src=\"https:\/\/imagenes.elpais.com\/resizer\/v2\/2HST2MYDLRFG3MBV4VXO6HUQ6E.jpg?auth=8a26939e11af4924b822ff44ccac435942c3bc3989cf3687f5419f665db5fb76&amp;width=414\" loading=\"lazy\"\/><svg aria-hidden=\"true\" class=\"icon_multimedia_ampliar | _pa a_m_i a_m_i-a _dn\" viewbox=\"0 0 40 40\"><use xlink:href=\"#svg-ampliar\"\/><\/svg><\/span><figcaption class=\"a_m_p\" aria-hidden=\"true\"><span>El f\u00edsico y bi\u00f3logo Ricard Sol\u00e9, en Sevilla.<\/span><span class=\"a_m_m\">Maya Banya<\/span><\/figcaption><\/figure>\n<p class=\"\"><b>PAG.<\/b> \u00bfEs necesaria ya la protecci\u00f3n de neuroderechos?<\/p>\n<p class=\"\"><b>R.<\/b> Creo que es razonable. Hay que protegerse porque el campo avanza con mucha rapidez.<\/p>\n<p class=\"\"><b>PAG.<\/b> Define a las personas como primates tecnol\u00f3gicos. \u00bfQu\u00e9 quiere decir?<\/p>\n<p class=\"\"><b>R.<\/b> Aunque a alguna gente le moleste, desde el punto de vista de la evoluci\u00f3n, somos primates parlantes. Pero somos tambi\u00e9n una especie capaz de crear tecnolog\u00eda, y aqu\u00ed est\u00e1 parte del \u00e9xito. A nuestra capacidad de manipular el entorno y manejar un lenguaje complejo se a\u00f1adi\u00f3 nuestra capacidad de imaginar futuros posibles. Esta propiedad no la tiene ninguna m\u00e1quina y es extraordinaria. Hemos podido cambiar nuestro entorno sin esperar a que este sea favorable y lo hemos hecho con una tecnolog\u00eda que da lugar a la \u201cmente extendida\u201d: nuestra interacci\u00f3n con el mundo ya no se basa solo en nuestro cuerpo. Sin esas cosas, no entendemos la especie humana.<\/p>\n<blockquote class=\"a_q\">\n<p>Hemos podido cambiar nuestro entorno sin esperar a que este sea favorable y lo hemos hecho con una tecnolog\u00eda que da lugar a la \u201cmente extendida\u201d: nuestra interacci\u00f3n con el mundo ya no se basa solo en nuestro cuerpo<\/p>\n<\/blockquote>\n<p class=\"\"><b>PAG.<\/b> \u00bfSeremos capaces de crear cerebros artificiales?<\/p>\n<p class=\"\"><b>R.<\/b> Estamos lejos. Los humanos aprendemos de la experiencia y podemos extraer un concepto general a partir de un solo ejemplo. Es algo que los sistemas de IA actuales son incapaces de hacer. Pero tampoco sospech\u00e1bamos que una m\u00e1quina iba a manejar el lenguaje natural y empleando cierto tipo de razonamiento. \u00bfHabr\u00e1 sorpresas? No lo sabemos. Estos sistemas artificiales hacen cosas extraordinarias, pero hay otras, como la de ser viajeros mentales del tiempo. Eso nos convirti\u00f3 en narradores y cambi\u00f3 nuestra forma de interaccionar con el mundo. No hay ninguna m\u00e1quina que sea viajera del tiempo: no entiende de pasado y futuro. Proyectarnos en el futuro nos permiti\u00f3 darnos cuenta de que la vida es finita y eso tuvo consecuencias enormes.<\/p>\n<p class=\"\"><b>PAG.<\/b> \u00bfLas m\u00e1quinas pueden morir?<\/p>\n<p class=\"\"><b>R.<\/b> Las m\u00e1quinas, desde el simple electrodom\u00e9stico, tienen una curva de supervivencia que se parece mucho a la de los humanos. Para gente que se ha acostumbrado a convivir con robots, como en Jap\u00f3n, cuando la compa\u00f1\u00eda deja de mantenerlos y mueren, puede experimentarse como la p\u00e9rdida de un perro o un gato. Nos proyectamos en ellos como lo hacemos con los animales y tal vez pueda ser positivo para la gente que vive sola, y podr\u00eda servir de apoyo para los pacientes con alzh\u00e9imer. Tal vez haya que redefinir la soledad.<\/p>\n<p class=\"\"><b>PAG.<\/b> Una vinculaci\u00f3n afectiva con una m\u00e1quina puede ser peligrosa.<\/p>\n<p class=\"\"><b>R. <\/b>Puede ser un salvavidas para que tu cerebro no quede atrapado en s\u00ed mismo o puede ser una trampa. Vivimos una revoluci\u00f3n y hay que prepararse.<\/p>\n<aside class=\"a_ei\">\n<header class=\"a_ei_h _db\">M\u00e1s informaci\u00f3n<\/header>\n<\/aside>\n<p class=\"\"><b>PAG.<\/b> Sostiene que la inteligencia artificial no es inteligente. \u00bfQu\u00e9 le falta?<\/p>\n<p class=\"\"><b>R.<\/b> Aun estamos lejos por diversos motivos. Nuestra relaci\u00f3n con el mundo es proactiva: estamos alerta e interrogamos la realidad de forma consciente. Adem\u00e1s, nuestro cerebro madura y evoluciona dentro de un cuerpo f\u00edsico y en un entorno social y cultural que requiere de la interacci\u00f3n con otros humanos. Para hacer una m\u00e1quina inteligente es muy posible que tengamos que recapitular algunos hitos de la evoluci\u00f3n humana, incluyendo nuestra capacidad de entender la mente del otro y desarrollar empat\u00eda.<\/p>\n<p class=\"\"><b>PAG.<\/b> Pero las multinacionales venden agentes inform\u00e1ticos.<\/p>\n<p class=\"\"><b>R.<\/b> Hay cosas que son impresionantes, pero estamos intentando vender la idea de que estamos ya mucho m\u00e1s avanzados de lo que estamos.<\/p>\n<p class=\"\"><b>PAG.<\/b> \u00bfQu\u00e9 son los cerebros l\u00edquidos?<\/p>\n<p class=\"\"><b>R.<\/b> Es un concepto que propuse hace unos a\u00f1os en un congreso que organic\u00e9 en Estados Unidos. Nuestro cerebro es \u201cs\u00f3lido\u201d en el sentido que nuestras neuronas se encuentran localizadas en el espacio de forma estable. Pero \u00bfqu\u00e9 pasa con las hormigas o el sistema inmunitario? Estos son tambi\u00e9n sistemas cognitivos que aprenden y poseen memoria, pero sus componentes se mueven en el espacio. Queremos entender c\u00f3mo funcionan e incluso desarrollar formas de modificarlos.<\/p>\n<p class=\"\"><b>PAG.<\/b> \u00bfEntendemos el cerebro?<\/p>\n<p class=\"\"><b>R.<\/b> Entendemos muchas cosas. Hemos conseguido nuevas formas de mirar a su interior, nuevas formas no invasivas de obtener informaci\u00f3n, y tenemos un conocimiento cada vez mejor de c\u00f3mo se conecta al cerebro en diferentes escalas. Hemos avanzado en nuestra comprensi\u00f3n de algunas enfermedades neurodegenerativas que ahora sabemos que tienen que ver con la desconexi\u00f3n de las redes neuronales. Hemos avanzado a nivel molecular y tenemos buenos modelos, aunque incipientes. Dicho esto, la gran mayor\u00eda de las cosas que nos gustar\u00eda entender no est\u00e1n resueltas. Pero se avanza r\u00e1pido. Este ser\u00e1 el siglo del cerebro, sin duda.<\/p>\n<p class=\"\"><b>PAG.<\/b> \u00bfC\u00f3mo, con ese extraordinario \u00f3rgano, tenemos esa tendencia tan enorme a la autodestrucci\u00f3n?<\/p>\n<p class=\"\"><b>R.<\/b> Nuestra especie triunf\u00f3 porque somos cooperadores. Hemos sido capaces de cambiar el planeta, de crear la escritura, de hacer ciudades\u2026 Pero tambi\u00e9n caemos f\u00e1cilmente en la desinformaci\u00f3n y la polarizaci\u00f3n. Somos una especie con grandes contradicciones.<\/p>\n<\/div>\n\n","protected":false},"excerpt":{"rendered":"<p>Ricard Sol\u00e9, barcelon\u00e9s de 62 a\u00f1os, es f\u00edsico, bi\u00f3logo, profesor investigador del ICREA (Institut Catal\u00e0 de Recerca i Estudis Avan\u00e7ats) y director del Laboratorio de Sistemas Complejos de la Universidad Pompeu Fabra (Parc de Recerca Biom\u00e8dica de Barcelona). Comisar\u00eda la exposici\u00f3n Cerebro(s), que ha llegado a La Casa de la Ciencia del CSIC en Sevilla &hellip;<\/p>\n","protected":false},"author":1,"featured_media":27920,"comment_status":"open","ping_status":"open","sticky":false,"template":"","format":"standard","meta":{"fifu_image_url":"https:\/\/imagenes.elpais.com\/resizer\/v2\/OOXKRV5ZEVFN5O6CZSK37NG3LE.jpg?auth=fcf1d3ab6a6c2ddc51c8367dccb300c5aa39e1f5393e038f8ec9da360dc5e0e3&width=1200","fifu_image_alt":"","footnotes":""},"categories":[2],"tags":[],"class_list":["post-27919","post","type-post","status-publish","format-standard","has-post-thumbnail","","category-tecnologia"],"_links":{"self":[{"href":"https:\/\/noticiasveraces.com\/index.php?rest_route=\/wp\/v2\/posts\/27919","targetHints":{"allow":["GET"]}}],"collection":[{"href":"https:\/\/noticiasveraces.com\/index.php?rest_route=\/wp\/v2\/posts"}],"about":[{"href":"https:\/\/noticiasveraces.com\/index.php?rest_route=\/wp\/v2\/types\/post"}],"author":[{"embeddable":true,"href":"https:\/\/noticiasveraces.com\/index.php?rest_route=\/wp\/v2\/users\/1"}],"replies":[{"embeddable":true,"href":"https:\/\/noticiasveraces.com\/index.php?rest_route=%2Fwp%2Fv2%2Fcomments&post=27919"}],"version-history":[{"count":0,"href":"https:\/\/noticiasveraces.com\/index.php?rest_route=\/wp\/v2\/posts\/27919\/revisions"}],"wp:featuredmedia":[{"embeddable":true,"href":"https:\/\/noticiasveraces.com\/index.php?rest_route=\/wp\/v2\/media\/27920"}],"wp:attachment":[{"href":"https:\/\/noticiasveraces.com\/index.php?rest_route=%2Fwp%2Fv2%2Fmedia&parent=27919"}],"wp:term":[{"taxonomy":"category","embeddable":true,"href":"https:\/\/noticiasveraces.com\/index.php?rest_route=%2Fwp%2Fv2%2Fcategories&post=27919"},{"taxonomy":"post_tag","embeddable":true,"href":"https:\/\/noticiasveraces.com\/index.php?rest_route=%2Fwp%2Fv2%2Ftags&post=27919"}],"curies":[{"name":"wp","href":"https:\/\/api.w.org\/{rel}","templated":true}]}}