{"id":27914,"date":"2025-05-19T05:10:14","date_gmt":"2025-05-19T09:10:14","guid":{"rendered":"https:\/\/noticiasveraces.com\/?p=27914"},"modified":"2025-05-19T05:10:14","modified_gmt":"2025-05-19T09:10:14","slug":"vance-se-reune-con-el-papa-leon-xiv-tras-zelenski-dw-19-05-2025","status":"publish","type":"post","link":"https:\/\/noticiasveraces.com\/?p=27914","title":{"rendered":"Vance se re\u00fane con el papa Le\u00f3n XIV, tras Zelenski \u2013 DW \u2013 19\/05\/2025"},"content":{"rendered":"<p> \n<\/p>\n<div>\n<p>El papa Le\u00f3n XIV recibi\u00f3 este lunes en el Vaticano al vicepresidente estadounidense J.D. Vance, y al secretario de Estado, Marco Rubio, indic\u00f3 un portavoz del Gobierno de Estados Unidos, luego\u00a0de que ambos asistieran el domingo a la misa de inauguraci\u00f3n del pont\u00edfice.<\/p>\n<h2>Audiencia sobre \u00abasuntos internacionales de actualidad\u00bb<\/h2>\n<p>El Vaticano public\u00f3 fotograf\u00edas de Vance y Rubio, ambos cat\u00f3licos, sonriendo al reunirse con Le\u00f3n XIV, el primer papa estadounidense de la historia, que tambi\u00e9n tiene nacionalidad peruana y fue electo por el colegio cardenalicio el pasado 8 de mayo.<\/p>\n<p>Vance se reuni\u00f3 luego con el secretario para las relaciones con los Estados, Paul Richard Gallagher, seg\u00fan precis\u00f3 el Vaticano.  <\/p>\n<p>\u00abDurante las cordiales conversaciones celebradas en la Secretar\u00eda de Estado, se reiter\u00f3 la satisfacci\u00f3n por las buenas relaciones bilaterales, y se habl\u00f3 de la colaboraci\u00f3n entre la Iglesia y el Estado, as\u00ed como de algunos asuntos de especial importancia, relativos a la vida eclesi\u00e1stica y la libertad religiosa\u00bb, indic\u00f3 el Vaticano en un comunicado.<\/p>\n<p>\u00abFinalmente, hubo un intercambio de pareceres sobre varios asuntos internacionales de actualidad, en donde se llam\u00f3 a respetar la legislaci\u00f3n humanitaria e internacional en zonas de conflicto, y a encontrar una soluci\u00f3n negociada entre las partes implicadas\u00bb, agreg\u00f3 la Santa Sede.<\/p>\n<h2>Primero Zelenski, luego Vance<\/h2>\n<p>Vance y Rubio estuvieron la v\u00edspera entre los alrededor de 200.000 participantes en la misa de inauguraci\u00f3n del papa Le\u00f3n XIV, en la plaza de San Pedro del Vaticano.<\/p>\n<p>All\u00ed estuvieron tambi\u00e9n la presidenta de Per\u00fa, Dina Boluarte, recibida el domingo por el pont\u00edfice, as\u00ed como los mandatarios de Colombia, Gustavo Petro, de Ecuador, Daniel Noboa, y de Paraguay, Santiago Pe\u00f1a.<\/p>\n<figure class=\"placeholder-image master_landscape big\"><img data-format=\"MASTER_LANDSCAPE\" data-id=\"72583946\" data-url=\"https:\/\/static.dw.com\/image\/72583946_${formatId}.jpg\" data-aspect-ratio=\"16\/9\" alt=\"Zelenski reunido con Vance en la embajada estadounidense en Roma.\" style=\"padding-bottom: 56.25%; height: 0; max-height: 0;\"\/><figcaption class=\"img-caption\">La audiencia se produce despu\u00e9s de que el papa estadounidense y peruano se reuniera con Zelenski, quien tambi\u00e9n se reuni\u00f3 luego con Vance en la embajada estadounidense en Roma.<small class=\"copyright\">Imagen: servicio\/folleto de prensa presidencial ucraniana a trav\u00e9s de Reuters<\/small><\/figcaption><\/figure>\n<p>La audiencia de este lunes se produce despu\u00e9s de que el domingo tras la misa, el papa estadounidense y peruano se reuniera con Zelenski, quien estuvo acompa\u00f1ado por su esposa, Olena Zelenska; el titular de Exteriores de Ucrania, Andrii Sibiga; el jefe de la Oficina de presidencia, Andriy Yermak, y el embajador ucraniano ante la Santa Sede, Andrii Yurash.<\/p>\n<p>El mandatario ucraniano tambi\u00e9n se reuni\u00f3 posteriormente con Vance en la embajada estadounidense en Roma.<\/p>\n<h2>Tras negociaciones Rusia-Ucrania en Estambul<\/h2>\n<p>Estas reuniones se producen en un momento en que Ucrania y Rusia acaban de celebrar en Estambul las primeras negociaciones directas desde 2022 en busca de un alto al fuego, y el presidente de Estados Unidos, Donald Trump, ha anunciado que hoy hablar\u00e1 con el presidente ruso, Vlad\u00edmir Putin.<\/p>\n<p>En sus discursos, Le\u00f3n XIV ofreci\u00f3 la Santa Sede como lugar para una mesa de negociaciones entre Rusia y Ucrania.<\/p>\n<p><span data-slot-id=\"Article_InContent-1\" class=\"rich-text-ad\"\/><\/p>\n<h2>Estados Unidos est\u00e1 \u00abmuy orgulloso\u00bb de Le\u00f3n XIV<\/h2>\n<p>Antes de ser papa, Le\u00f3n XIV\u00a0reposte\u00f3 en su cuenta de X comentarios cr\u00edticos con la administraci\u00f3n Trump por su pol\u00edtica migratoria, e igualmente critic\u00f3 a Vance.<\/p>\n<p>Pero el vicepresidente estadounidense, que se convirti\u00f3 al catolicismo en 2019, afirm\u00f3 el domingo que Estados Unidos est\u00e1 \u00abmuy orgulloso\u00bb de Robert Francis Prevost.<\/p>\n<p>\u00abNuestras oraciones est\u00e1n con \u00e9l, ahora que inicia esta funci\u00f3n tan importante\u00bb, dijo Vance en una reuni\u00f3n con la presidenta de la Comisi\u00f3n Europea, Ursula von der Leyen, y la primera ministra italiana, Giorgia Meloni.<\/p>\n<p>RML (EFE, AP, AFP, actualizado a LAS 10:53 CET)<\/p>\n<\/div>\n\n","protected":false},"excerpt":{"rendered":"<p>El papa Le\u00f3n XIV recibi\u00f3 este lunes en el Vaticano al vicepresidente estadounidense J.D. Vance, y al secretario de Estado, Marco Rubio, indic\u00f3 un portavoz del Gobierno de Estados Unidos, luego\u00a0de que ambos asistieran el domingo a la misa de inauguraci\u00f3n del pont\u00edfice. Audiencia sobre \u00abasuntos internacionales de actualidad\u00bb El Vaticano public\u00f3 fotograf\u00edas de Vance &hellip;<\/p>\n","protected":false},"author":1,"featured_media":27915,"comment_status":"open","ping_status":"open","sticky":false,"template":"","format":"standard","meta":{"fifu_image_url":"https:\/\/static.dw.com\/image\/72591423_6.jpg","fifu_image_alt":"","footnotes":""},"categories":[13],"tags":[],"class_list":["post-27914","post","type-post","status-publish","format-standard","has-post-thumbnail","","category-mundo"],"_links":{"self":[{"href":"https:\/\/noticiasveraces.com\/index.php?rest_route=\/wp\/v2\/posts\/27914","targetHints":{"allow":["GET"]}}],"collection":[{"href":"https:\/\/noticiasveraces.com\/index.php?rest_route=\/wp\/v2\/posts"}],"about":[{"href":"https:\/\/noticiasveraces.com\/index.php?rest_route=\/wp\/v2\/types\/post"}],"author":[{"embeddable":true,"href":"https:\/\/noticiasveraces.com\/index.php?rest_route=\/wp\/v2\/users\/1"}],"replies":[{"embeddable":true,"href":"https:\/\/noticiasveraces.com\/index.php?rest_route=%2Fwp%2Fv2%2Fcomments&post=27914"}],"version-history":[{"count":0,"href":"https:\/\/noticiasveraces.com\/index.php?rest_route=\/wp\/v2\/posts\/27914\/revisions"}],"wp:featuredmedia":[{"embeddable":true,"href":"https:\/\/noticiasveraces.com\/index.php?rest_route=\/wp\/v2\/media\/27915"}],"wp:attachment":[{"href":"https:\/\/noticiasveraces.com\/index.php?rest_route=%2Fwp%2Fv2%2Fmedia&parent=27914"}],"wp:term":[{"taxonomy":"category","embeddable":true,"href":"https:\/\/noticiasveraces.com\/index.php?rest_route=%2Fwp%2Fv2%2Fcategories&post=27914"},{"taxonomy":"post_tag","embeddable":true,"href":"https:\/\/noticiasveraces.com\/index.php?rest_route=%2Fwp%2Fv2%2Ftags&post=27914"}],"curies":[{"name":"wp","href":"https:\/\/api.w.org\/{rel}","templated":true}]}}