{"id":27906,"date":"2025-05-19T03:06:53","date_gmt":"2025-05-19T07:06:53","guid":{"rendered":"https:\/\/noticiasveraces.com\/?p=27906"},"modified":"2025-05-19T03:06:53","modified_gmt":"2025-05-19T07:06:53","slug":"candidato-proeuropeo-nicusor-dan-gana-comicios-en-rumania-dw-19-05-2025","status":"publish","type":"post","link":"https:\/\/noticiasveraces.com\/?p=27906","title":{"rendered":"Candidato proeuropeo Nicusor Dan gana comicios en Rumania \u2013 DW \u2013 19\/05\/2025"},"content":{"rendered":"<p> \n<\/p>\n<div>\n<p>El alcalde centrista proeuropeo de Bucarest, Nicusor Dan, se impuso este domingo (18.05.2025) en la segunda vuelta de las elecciones presidenciales rumanas, seg\u00fan los resultados casi definitivos, en un vuelco sorpresivo con respecto a la primera vuelta.<\/p>\n<p>Dan, de 55 a\u00f1os, obtuvo cerca del 54% de los votos tras el recuento del 90% de las papeletas, frente al 46% que consigui\u00f3 su rival nacionalista, George Simion, de 38 a\u00f1os y ferviente admirador del presidente estadounidense, Donald Trump.<\/p>\n<p>Simion, que inicialmente se neg\u00f3 a admitir su derrota, felicit\u00f3 el domingo por la noche a su rival. \u00abHa ganado las elecciones, el pueblo rumano ha expresado su voluntad\u00bb, declar\u00f3 en un video publicado en Facebook.<\/p>\n<p>En la primera vuelta de las elecciones, el 4 de mayo, Simion domin\u00f3 con casi el 41% de los votos, el doble que el alcalde de Bucarest.<\/p>\n<p>Sin embargo, muchos rumanos se movilizaron entretanto para cambiar la tendencia en unos comicios considerados cruciales para el futuro europeo de este pa\u00eds vecino de Ucrania, cinco meses despu\u00e9s de la excepcional anulaci\u00f3n de unas elecciones por sospechas de injerencia rusa.<\/p>\n<p>La participaci\u00f3n fue de casi el 65%, frente a s\u00f3lo el 53% en la primera vuelta.<\/p>\n<p>\u00abLa participaci\u00f3n ha sido casi sin precedentes, marcada por el auge de los defensores de la democracia\u00bb, declar\u00f3 a la AFP el analista pol\u00edtico Sergiu Miscoiu. \u00abNunca antes unas elecciones hab\u00edan sido tan decisivas, con evidentes repercusiones geopol\u00edticas\u00bb.<\/p>\n<p>La presidenta de la Comisi\u00f3n Europea, Ursula von der Leyen, salud\u00f3 la elecci\u00f3n de los rumanos en favor de una \u00abEuropa fuerte\u00bb, mientras que el mandatario franc\u00e9s, Emmanuel Macron, se\u00f1al\u00f3 que la \u00abdemocracia\u00bb hab\u00eda ganado \u00aba pesar de los numerosos intentos de manipulaci\u00f3n\u00bb.<\/p>\n<p>En la vecina Ucrania, Volodimir Zelenski celebr\u00f3 la victoria \u00abhist\u00f3rica\u00bb, y record\u00f3 \u00abla importancia de tener a Rumania como socio fiable\u00bb.<\/p>\n<p>Y es que el cargo de presidente otorga competencias para nombrar puestos clave y participar en las cumbres de la UE y de la OTAN.<\/p>\n<p>La comunidad internacional sigui\u00f3 de cerca estos comicios, en un contexto de auge de la extrema derecha en la UE y con Estados Unidos, muy cr\u00edtico con la anulaci\u00f3n de la primera vuelta del pasado noviembre, pidiendo que se respete el voto de la poblaci\u00f3n.<\/p>\n<p>Rumania, un pa\u00eds de 19 millones de habitantes miembro de la UE, se ha convertido en un pilar esencial de la Alianza atl\u00e1ntica desde que empez\u00f3 la invasi\u00f3n rusa.<\/p>\n<p>\u00abNo nos podemos permitir apartarnos de la v\u00eda europea\u00bb, coment\u00f3 en las calles de Bucarest Luminita Toader, una jubilada de 82 a\u00f1os, que teme que su pa\u00eds \u00abmire hacia el este\u00bb. <\/p>\n<p><span data-slot-id=\"Article_InContent-1\" class=\"rich-text-ad\"\/><\/p>\n<h2>Ferviente partidario de Kiev<\/h2>\n<p>Nicusor Dan, matem\u00e1tico de formaci\u00f3n, es un europeo convencido y un ferviente partidario de Kiev.<\/p>\n<p>Su personalidad reservada, que le vali\u00f3 cr\u00edticas durante la campa\u00f1a electoral, contrasta con el temperamento explosivo de su rival Simion, un exhincha violento que en los \u00faltimos meses trat\u00f3 de suavizar su discurso.<\/p>\n<p>El ultraderechista, muy cr\u00edtico con las \u00abpol\u00edticas absurdas de la UE\u00bb y los \u00abbur\u00f3cratas sin rostro\u00bb, quiere que se ponga fin a la ayuda militar a Ucrania y exige \u00abuna compensaci\u00f3n financiera\u00bb por el apoyo brindado hasta ahora.<\/p>\n<p>Bucarest abri\u00f3 un centro de entrenamiento de pilotos de caza ucranianos y don\u00f3 a Kiev un sistema de defensa antia\u00e9rea Patriot, adem\u00e1s de aportar apoyo log\u00edstico para la exportaci\u00f3n de cereales a trav\u00e9s del puerto rumano de Constanta, en el mar Negro.<\/p>\n<p>Devolverle a Rumania su \u00abdignidad\u00bb: el lema de Simion convenci\u00f3 a muchos electores, hartos de que se los considere ciudadanos de segunda clase en el bloque europeo.<\/p>\n<p>El ultraderechista tambi\u00e9n sac\u00f3 r\u00e9dito de la frustraci\u00f3n de parte de la poblaci\u00f3n ante los mismos \u00abpol\u00edticos ladrones\u00bb que llevan en el poder desde 1989 y su enfado por la alta inflaci\u00f3n y las dificultades econ\u00f3micas de uno de los pa\u00edses m\u00e1s pobres de la UE, seg\u00fan testimonios recabados por la AFP.<\/p>\n<p>Un ambiente explosivo que ya el 24 de noviembre impuls\u00f3 a la victoria al ultraderechista Calin Georgescu, un candidato casi desconocido que protagoniz\u00f3 una campa\u00f1a masiva en TikTok, empa\u00f1ada por sospechas de interferencia rusa.<\/p>\n<p>Tras esos comicios, el ex alto funcionario fue inculpado y excluido de esta nueva cita electoral, una decisi\u00f3n que provoc\u00f3 manifestaciones a veces violentas.<\/p>\n<p>A la salida de los colegios electorales, muchos expresaron su esperanza de que la pesadilla actual llegue a su fin. \u00abHa sido un caos en Rumania\u00bb desde que se anularon los comicios, dijo Runa Petringenaru, organizadora de seminarios de 55 a\u00f1os.<\/p>\n<p>De nuevo el domingo, las autoridades rumanas denunciaron una \u00abcampa\u00f1a viral de informaci\u00f3n falsa\u00bb en redes sociales destinada a \u00abinfluir en el proceso electoral\u00bb y que lleva \u00abuna vez m\u00e1s las marcas de la injerencia rusa\u00bb.<\/p>\n<p>Esta declaraci\u00f3n se produjo poco despu\u00e9s de un mensaje del fundador de Telegram, Pavel Durov, en el que acusaba a Francia -sin nombrarla- de intentar interferir en las elecciones, lo que fue negado rotundamente por Par\u00eds.<\/p>\n<p>Mg (AFP, Reuters)<\/p>\n<\/p>\n<\/div>\n\n","protected":false},"excerpt":{"rendered":"<p>El alcalde centrista proeuropeo de Bucarest, Nicusor Dan, se impuso este domingo (18.05.2025) en la segunda vuelta de las elecciones presidenciales rumanas, seg\u00fan los resultados casi definitivos, en un vuelco sorpresivo con respecto a la primera vuelta. Dan, de 55 a\u00f1os, obtuvo cerca del 54% de los votos tras el recuento del 90% de las &hellip;<\/p>\n","protected":false},"author":1,"featured_media":27907,"comment_status":"open","ping_status":"open","sticky":false,"template":"","format":"standard","meta":{"fifu_image_url":"https:\/\/static.dw.com\/image\/72585846_6.jpg","fifu_image_alt":"","footnotes":""},"categories":[13],"tags":[],"class_list":["post-27906","post","type-post","status-publish","format-standard","has-post-thumbnail","","category-mundo"],"_links":{"self":[{"href":"https:\/\/noticiasveraces.com\/index.php?rest_route=\/wp\/v2\/posts\/27906","targetHints":{"allow":["GET"]}}],"collection":[{"href":"https:\/\/noticiasveraces.com\/index.php?rest_route=\/wp\/v2\/posts"}],"about":[{"href":"https:\/\/noticiasveraces.com\/index.php?rest_route=\/wp\/v2\/types\/post"}],"author":[{"embeddable":true,"href":"https:\/\/noticiasveraces.com\/index.php?rest_route=\/wp\/v2\/users\/1"}],"replies":[{"embeddable":true,"href":"https:\/\/noticiasveraces.com\/index.php?rest_route=%2Fwp%2Fv2%2Fcomments&post=27906"}],"version-history":[{"count":0,"href":"https:\/\/noticiasveraces.com\/index.php?rest_route=\/wp\/v2\/posts\/27906\/revisions"}],"wp:featuredmedia":[{"embeddable":true,"href":"https:\/\/noticiasveraces.com\/index.php?rest_route=\/wp\/v2\/media\/27907"}],"wp:attachment":[{"href":"https:\/\/noticiasveraces.com\/index.php?rest_route=%2Fwp%2Fv2%2Fmedia&parent=27906"}],"wp:term":[{"taxonomy":"category","embeddable":true,"href":"https:\/\/noticiasveraces.com\/index.php?rest_route=%2Fwp%2Fv2%2Fcategories&post=27906"},{"taxonomy":"post_tag","embeddable":true,"href":"https:\/\/noticiasveraces.com\/index.php?rest_route=%2Fwp%2Fv2%2Ftags&post=27906"}],"curies":[{"name":"wp","href":"https:\/\/api.w.org\/{rel}","templated":true}]}}