{"id":27896,"date":"2025-05-19T01:04:03","date_gmt":"2025-05-19T05:04:03","guid":{"rendered":"https:\/\/noticiasveraces.com\/?p=27896"},"modified":"2025-05-19T01:04:03","modified_gmt":"2025-05-19T05:04:03","slug":"ajustada-victoria-de-la-derecha-oficialista-en-portugal-dw-19-05-2025","status":"publish","type":"post","link":"https:\/\/noticiasveraces.com\/?p=27896","title":{"rendered":"Ajustada victoria de la derecha oficialista en Portugal \u2013 DW \u2013 19\/05\/2025"},"content":{"rendered":"<p> \n<\/p>\n<div>\n<p>El primer ministro portugu\u00e9s, el derechista moderado Luis Montenegro, gan\u00f3 las elecciones legislativas anticipadas del domingo (18.05.2025) pero, al igual que hace un a\u00f1o, no consigui\u00f3 una mayor\u00eda suficiente para garantizar la estabilidad pol\u00edtica en el pa\u00eds ib\u00e9rico<\/p>\n<p>El resultado amenaza con dejar a Portugal, miembro de la OTAN y de la Uni\u00f3n Europea, una vez m\u00e1s sin gobierno estable, en un momento en que el bloque se enfrenta a las crecientes tensiones comerciales mundiales y trabaja para reforzar sus defensas.<\/p>\n<p>Seg\u00fan los resultados oficiales casi completos, la gobernante Alianza Democr\u00e1tica (AD) de Montenegro obtuvo el 32,7% de los votos, frente al 23,4% del Partido Socialista y el 22,6% del partido de extrema derecha Chega (\u00abBasta\u00bb).<\/p>\n<blockquote class=\"tweet embed\" data-id=\"1924243432727277776\"\/>\n<p>Sin contar los cuatro mandatos de las circunscripciones en el extranjero, que no se asignar\u00e1n hasta los pr\u00f3ximos d\u00edas, la coalici\u00f3n saliente obtuvo 89 esca\u00f1os de un total de 230, muy por debajo de la mayor\u00eda absoluta de 116 diputados.<\/p>\n<p>Pese a que los ultraderechistas podr\u00edan tener la llave para gobernar, Montenegro, abogado de 52 a\u00f1os, ha rechazado cualquier alianza con Chega, al afirmar que es un partido \u00abpoco fiable\u00bb y \u00abno apto para gobernar\u00bb.<\/p>\n<p>Al respecto, el l\u00edder de Chega, Andr\u00e9 Ventura, dio por terminado el bipartidismo en el pa\u00eds ib\u00e9rico despu\u00e9s de que su formaci\u00f3n quedara igualada en esca\u00f1os, 58, con el Partido Socialista (PS).<\/p>\n<p>\u00abHoy podemos declara oficialmente ante todo el pa\u00eds y con seguridad que acab\u00f3 el bipartidismo\u00bb, dijo Ventura ante sus seguidores en el hotel donde est\u00e1n celebrando la noche electoral en Lisboa.<\/p>\n<p>\u00abHemos hecho lo que ning\u00fan partido hab\u00eda hecho en Portugal ni en los a\u00f1os 70, ni los 80, ni los 90\u00bb, apunt\u00f3 el pol\u00edtico ultraderechista que critic\u00f3 los sondeos que hab\u00edan dado un retroceso de su formaci\u00f3n respecto a las elecciones de 2024.<\/p>\n<p>GS (EFE, AFP)<\/p>\n<\/div>\n\n","protected":false},"excerpt":{"rendered":"<p>El primer ministro portugu\u00e9s, el derechista moderado Luis Montenegro, gan\u00f3 las elecciones legislativas anticipadas del domingo (18.05.2025) pero, al igual que hace un a\u00f1o, no consigui\u00f3 una mayor\u00eda suficiente para garantizar la estabilidad pol\u00edtica en el pa\u00eds ib\u00e9rico El resultado amenaza con dejar a Portugal, miembro de la OTAN y de la Uni\u00f3n Europea, una &hellip;<\/p>\n","protected":false},"author":1,"featured_media":27897,"comment_status":"open","ping_status":"open","sticky":false,"template":"","format":"standard","meta":{"fifu_image_url":"https:\/\/static.dw.com\/image\/72585985_6.jpg","fifu_image_alt":"","footnotes":""},"categories":[13],"tags":[],"class_list":["post-27896","post","type-post","status-publish","format-standard","has-post-thumbnail","","category-mundo"],"_links":{"self":[{"href":"https:\/\/noticiasveraces.com\/index.php?rest_route=\/wp\/v2\/posts\/27896","targetHints":{"allow":["GET"]}}],"collection":[{"href":"https:\/\/noticiasveraces.com\/index.php?rest_route=\/wp\/v2\/posts"}],"about":[{"href":"https:\/\/noticiasveraces.com\/index.php?rest_route=\/wp\/v2\/types\/post"}],"author":[{"embeddable":true,"href":"https:\/\/noticiasveraces.com\/index.php?rest_route=\/wp\/v2\/users\/1"}],"replies":[{"embeddable":true,"href":"https:\/\/noticiasveraces.com\/index.php?rest_route=%2Fwp%2Fv2%2Fcomments&post=27896"}],"version-history":[{"count":0,"href":"https:\/\/noticiasveraces.com\/index.php?rest_route=\/wp\/v2\/posts\/27896\/revisions"}],"wp:featuredmedia":[{"embeddable":true,"href":"https:\/\/noticiasveraces.com\/index.php?rest_route=\/wp\/v2\/media\/27897"}],"wp:attachment":[{"href":"https:\/\/noticiasveraces.com\/index.php?rest_route=%2Fwp%2Fv2%2Fmedia&parent=27896"}],"wp:term":[{"taxonomy":"category","embeddable":true,"href":"https:\/\/noticiasveraces.com\/index.php?rest_route=%2Fwp%2Fv2%2Fcategories&post=27896"},{"taxonomy":"post_tag","embeddable":true,"href":"https:\/\/noticiasveraces.com\/index.php?rest_route=%2Fwp%2Fv2%2Ftags&post=27896"}],"curies":[{"name":"wp","href":"https:\/\/api.w.org\/{rel}","templated":true}]}}