{"id":27884,"date":"2025-05-19T00:02:19","date_gmt":"2025-05-19T04:02:19","guid":{"rendered":"https:\/\/noticiasveraces.com\/?p=27884"},"modified":"2025-05-19T00:02:19","modified_gmt":"2025-05-19T04:02:19","slug":"biden-luchara-contra-el-cancer-con-determinacion-dw-19-05-2025","status":"publish","type":"post","link":"https:\/\/noticiasveraces.com\/?p=27884","title":{"rendered":"Biden luchar\u00e1 contra el c\u00e1ncer con \u00abdeterminaci\u00f3n\u00bb \u2013 DW \u2013 19\/05\/2025"},"content":{"rendered":"<p> \n<\/p>\n<div>\n<p>Joe Biden luchar\u00e1 contra el c\u00e1ncer \u00abcon la determinaci\u00f3n y la gracia que lo caracterizan\u00bb, declar\u00f3 el domingo (18.05.2025) el expresidente Barack Obama, despu\u00e9s de que la oficina del exmandatario anunciara que le hab\u00edan diagnosticado un tipo agresivo de la enfermedad.<\/p>\n<p>\u00abNadie ha hecho m\u00e1s por encontrar tratamientos innovadores para el c\u00e1ncer en todas sus formas que Joe, y estoy seguro de que luchar\u00e1 contra este desaf\u00edo con la determinaci\u00f3n y la gracia que lo caracterizan. Rezamos por una pronta y completa recuperaci\u00f3n\u00bb, escribi\u00f3 Obama en la red social X.<\/p>\n<p>Barack Obama, quien ocup\u00f3 la Casa Blanca de 2009 a 2017 con Biden como vicepresidente, expres\u00f3 su apoyo a\u00a0su colega dem\u00f3crata y afirm\u00f3 que \u00abMichelle y yo estamos pensando en toda la familia Biden\u00bb.<\/p>\n<blockquote class=\"tweet embed\" data-id=\"1924252774415351999\"\/>\n<p>Joe Biden, de 82 a\u00f1os, fue diagnosticado el pasado viernes con un c\u00e1ncer de pr\u00f3stata en estado \u00abagresivo\u00bb y con met\u00e1stasis en los huesos, seg\u00fan inform\u00f3 este domingo su oficina.<\/p>\n<p>\u00abSi bien se trata de una forma m\u00e1s agresiva de la enfermedad, el c\u00e1ncer parece responder a las hormonas, lo que permite un tratamiento eficaz\u00bb, se\u00f1al\u00f3 el comunicado y agreg\u00f3 que tanto Biden como su familia est\u00e1n \u00abevaluando diferentes opciones terap\u00e9uticas\u00bb.<\/p>\n<p>Tras la muerte de su hijo Beau a causa de un c\u00e1ncer cerebral en 2015, Biden lanz\u00f3 la iniciativa Cancer Moonshot, con el objetivo de reducir en un 50 % las muertes por esta enfermedad en los pr\u00f3ximos 25 a\u00f1os.<\/p>\n<h2>Trump y Kamala Harris expresan solidaridad<\/h2>\n<p>El presidente Donald Trump expres\u00f3 este domingo sus buenos deseos a su antecesor a trav\u00e9s de su plataforma Truth Social.<\/p>\n<p>\u201cMelania y yo estamos tristes al enterarnos del reciente diagn\u00f3stico m\u00e9dico de Joe Biden. Expresamos nuestros mejores deseos a Jill y a la familia, y le deseamos a Joe una pronta y exitosa recuperaci\u00f3n\u201d, escribi\u00f3.<\/p>\n<p>Tambi\u00e9n la exvicepresidenta Kamala Harris reaccion\u00f3 al anuncio. En una publicaci\u00f3n en Instagram, expres\u00f3 que ella y su esposo, Doug Emhoff, est\u00e1n \u201ctristes\u201d por el diagn\u00f3stico, y se\u00f1al\u00f3 que tienen presente a Biden y su familia en sus oraciones.<\/p>\n<p>\u201cJoe Biden es un luchador, y s\u00e9 que afrontar\u00e1 este desaf\u00edo con la misma fuerza, resiliencia y optimismo que han definido su vida y su liderazgo\u201d, afirm\u00f3 Harris.<\/p>\n<p>GS (AFP, Efe)<\/p>\n<\/div>\n\n","protected":false},"excerpt":{"rendered":"<p>Joe Biden luchar\u00e1 contra el c\u00e1ncer \u00abcon la determinaci\u00f3n y la gracia que lo caracterizan\u00bb, declar\u00f3 el domingo (18.05.2025) el expresidente Barack Obama, despu\u00e9s de que la oficina del exmandatario anunciara que le hab\u00edan diagnosticado un tipo agresivo de la enfermedad. \u00abNadie ha hecho m\u00e1s por encontrar tratamientos innovadores para el c\u00e1ncer en todas sus &hellip;<\/p>\n","protected":false},"author":1,"featured_media":27885,"comment_status":"open","ping_status":"open","sticky":false,"template":"","format":"standard","meta":{"fifu_image_url":"https:\/\/static.dw.com\/image\/69376613_6.jpg","fifu_image_alt":"","footnotes":""},"categories":[13],"tags":[],"class_list":["post-27884","post","type-post","status-publish","format-standard","has-post-thumbnail","","category-mundo"],"_links":{"self":[{"href":"https:\/\/noticiasveraces.com\/index.php?rest_route=\/wp\/v2\/posts\/27884","targetHints":{"allow":["GET"]}}],"collection":[{"href":"https:\/\/noticiasveraces.com\/index.php?rest_route=\/wp\/v2\/posts"}],"about":[{"href":"https:\/\/noticiasveraces.com\/index.php?rest_route=\/wp\/v2\/types\/post"}],"author":[{"embeddable":true,"href":"https:\/\/noticiasveraces.com\/index.php?rest_route=\/wp\/v2\/users\/1"}],"replies":[{"embeddable":true,"href":"https:\/\/noticiasveraces.com\/index.php?rest_route=%2Fwp%2Fv2%2Fcomments&post=27884"}],"version-history":[{"count":0,"href":"https:\/\/noticiasveraces.com\/index.php?rest_route=\/wp\/v2\/posts\/27884\/revisions"}],"wp:featuredmedia":[{"embeddable":true,"href":"https:\/\/noticiasveraces.com\/index.php?rest_route=\/wp\/v2\/media\/27885"}],"wp:attachment":[{"href":"https:\/\/noticiasveraces.com\/index.php?rest_route=%2Fwp%2Fv2%2Fmedia&parent=27884"}],"wp:term":[{"taxonomy":"category","embeddable":true,"href":"https:\/\/noticiasveraces.com\/index.php?rest_route=%2Fwp%2Fv2%2Fcategories&post=27884"},{"taxonomy":"post_tag","embeddable":true,"href":"https:\/\/noticiasveraces.com\/index.php?rest_route=%2Fwp%2Fv2%2Ftags&post=27884"}],"curies":[{"name":"wp","href":"https:\/\/api.w.org\/{rel}","templated":true}]}}