{"id":27871,"date":"2025-05-18T22:00:18","date_gmt":"2025-05-19T02:00:18","guid":{"rendered":"https:\/\/noticiasveraces.com\/?p=27871"},"modified":"2025-05-18T22:00:18","modified_gmt":"2025-05-19T02:00:18","slug":"alianza-gobernante-gana-en-portugal-con-mas-del-29-dw-18-05-2025","status":"publish","type":"post","link":"https:\/\/noticiasveraces.com\/?p=27871","title":{"rendered":"alianza gobernante gana en Portugal con m\u00e1s del 29% \u2013 DW \u2013 18\/05\/2025"},"content":{"rendered":"<p> \n<\/p>\n<div>\n<p>La Alianza Democr\u00e1tica (AD), del primer ministro de Portugal, Lu\u00eds Montenegro, de centroderecha, ganar\u00eda las elecciones legislativas en Portugal, con al menos el 29\u2009% de los votos, seg\u00fan los sondeos a pie de urna realizados por los medios de comunicaci\u00f3n.<\/p>\n<p>La encuesta elaborada por la Universidad Cat\u00f3lica para la cadena p\u00fablica RTP da una horquilla de entre el 34\u2009% y el 29\u2009% de los votos para AD, lo que equivaldr\u00eda a entre 96 y 85 esca\u00f1os; le seguir\u00eda el Partido Socialista (PS), con entre el 26\u2009% y el 21\u2009%, y el utlraderechisa Chega, con entre el 24\u2009% y el 20\u2009%.<\/p>\n<p>El sondeo de la CNN Portugal concede entre el 29,1\u2009% y el 35,1\u2009%de los sufragios a AD; entre el 19,5\u2009% y el 25,5\u2009% a Chega; y entre el 19,4\u2009% y el 25,4\u2009% a los socialistas. Mientras, la encuesta de SIC y el semanario Expresso da entre el 30,3\u2009% y el 34,7\u2009% a la coalici\u00f3n de Montenegro, seguida por el PS, con entre 21,6\u2009% y 26,8\u2009% y Chega con entre el 19,9\u2009% y el 24,1\u2009%.<\/p>\n<p>LGC (EFE, AFP)<\/p>\n<\/div>\n\n","protected":false},"excerpt":{"rendered":"<p>La Alianza Democr\u00e1tica (AD), del primer ministro de Portugal, Lu\u00eds Montenegro, de centroderecha, ganar\u00eda las elecciones legislativas en Portugal, con al menos el 29\u2009% de los votos, seg\u00fan los sondeos a pie de urna realizados por los medios de comunicaci\u00f3n. La encuesta elaborada por la Universidad Cat\u00f3lica para la cadena p\u00fablica RTP da una horquilla &hellip;<\/p>\n","protected":false},"author":1,"featured_media":27872,"comment_status":"open","ping_status":"open","sticky":false,"template":"","format":"standard","meta":{"fifu_image_url":"https:\/\/static.dw.com\/image\/72582877_6.jpg","fifu_image_alt":"","footnotes":""},"categories":[13],"tags":[],"class_list":["post-27871","post","type-post","status-publish","format-standard","has-post-thumbnail","","category-mundo"],"_links":{"self":[{"href":"https:\/\/noticiasveraces.com\/index.php?rest_route=\/wp\/v2\/posts\/27871","targetHints":{"allow":["GET"]}}],"collection":[{"href":"https:\/\/noticiasveraces.com\/index.php?rest_route=\/wp\/v2\/posts"}],"about":[{"href":"https:\/\/noticiasveraces.com\/index.php?rest_route=\/wp\/v2\/types\/post"}],"author":[{"embeddable":true,"href":"https:\/\/noticiasveraces.com\/index.php?rest_route=\/wp\/v2\/users\/1"}],"replies":[{"embeddable":true,"href":"https:\/\/noticiasveraces.com\/index.php?rest_route=%2Fwp%2Fv2%2Fcomments&post=27871"}],"version-history":[{"count":0,"href":"https:\/\/noticiasveraces.com\/index.php?rest_route=\/wp\/v2\/posts\/27871\/revisions"}],"wp:featuredmedia":[{"embeddable":true,"href":"https:\/\/noticiasveraces.com\/index.php?rest_route=\/wp\/v2\/media\/27872"}],"wp:attachment":[{"href":"https:\/\/noticiasveraces.com\/index.php?rest_route=%2Fwp%2Fv2%2Fmedia&parent=27871"}],"wp:term":[{"taxonomy":"category","embeddable":true,"href":"https:\/\/noticiasveraces.com\/index.php?rest_route=%2Fwp%2Fv2%2Fcategories&post=27871"},{"taxonomy":"post_tag","embeddable":true,"href":"https:\/\/noticiasveraces.com\/index.php?rest_route=%2Fwp%2Fv2%2Ftags&post=27871"}],"curies":[{"name":"wp","href":"https:\/\/api.w.org\/{rel}","templated":true}]}}