{"id":27858,"date":"2025-05-18T17:53:49","date_gmt":"2025-05-18T21:53:49","guid":{"rendered":"https:\/\/noticiasveraces.com\/?p=27858"},"modified":"2025-05-18T17:53:49","modified_gmt":"2025-05-18T21:53:49","slug":"joe-biden-diagnosticado-con-un-cancer-de-prostata-agresivo-dw-18-05-2025","status":"publish","type":"post","link":"https:\/\/noticiasveraces.com\/?p=27858","title":{"rendered":"Joe Biden, diagnosticado con un c\u00e1ncer de pr\u00f3stata agresivo \u2013 DW \u2013 18\/05\/2025"},"content":{"rendered":"<p> \n<\/p>\n<div>\n<p>El anterior presidente de Estados Unidos, Joe Biden, fue diagnosticado con una forma \u00abagresiva\u00bb de c\u00e1ncer de pr\u00f3stata y est\u00e1 evaluando opciones de tratamiento con su familia, seg\u00fan un comunicado de su oficina emitido este domingo (18.05.2025). El viernes \u00abse le diagnostic\u00f3 c\u00e1ncer de pr\u00f3stata, caracterizado por una puntuaci\u00f3n de Gleason de 9 (Grupo 5) con met\u00e1stasis \u00f3sea\u00bb, agrega.<\/p>\n<p>\u00abSi bien se trata de una forma m\u00e1s agresiva de la enfermedad, el c\u00e1ncer parece ser sensible a las hormonas, lo que permite un manejo eficaz\u00bb de la enfermedad. El diagn\u00f3stico se produjo despu\u00e9s de que Biden experimentara un aumento de s\u00edntomas urinarios y fuera examinado la semana pasada por un nuevo hallazgo de un n\u00f3dulo prost\u00e1tico, se\u00f1al\u00f3 el comunicado.<\/p>\n<p>El anuncio tiene lugar mientras Biden, de 82 a\u00f1os, sostiene que podr\u00eda haber ganado las elecciones presidenciales de 2024, tras abandonar la contienda debido a dudas sobre su edad y capacidades mentales. Su vicepresidenta, Kamala Harris, que lo reemplaz\u00f3 como candidata, finalmente perdi\u00f3 ante el republicano Donald Trump.<\/p>\n<p>La semana pasada, una grabaci\u00f3n de Biden hablando con vacilaci\u00f3n y con dificultades para recordar eventos y fechas clave reaviv\u00f3 el debate sobre su estado mientras a\u00fan ocupaba el cargo. El hijo de Biden, Beau Biden, falleci\u00f3 de c\u00e1ncer cerebral en 2015. En febrero de 2023, a Biden se le extirp\u00f3 una lesi\u00f3n cancerosa en el pecho en una operaci\u00f3n exitosa, tras la que el entonces m\u00e9dico de la Casa Blanca asegur\u00f3 que no se requer\u00eda tratamiento adicional.<\/p>\n<p>LGC (AFP, EFE)<\/p>\n<\/div>\n\n","protected":false},"excerpt":{"rendered":"<p>El anterior presidente de Estados Unidos, Joe Biden, fue diagnosticado con una forma \u00abagresiva\u00bb de c\u00e1ncer de pr\u00f3stata y est\u00e1 evaluando opciones de tratamiento con su familia, seg\u00fan un comunicado de su oficina emitido este domingo (18.05.2025). El viernes \u00abse le diagnostic\u00f3 c\u00e1ncer de pr\u00f3stata, caracterizado por una puntuaci\u00f3n de Gleason de 9 (Grupo 5) &hellip;<\/p>\n","protected":false},"author":1,"featured_media":27859,"comment_status":"open","ping_status":"open","sticky":false,"template":"","format":"standard","meta":{"fifu_image_url":"https:\/\/static.dw.com\/image\/72359664_6.jpg","fifu_image_alt":"","footnotes":""},"categories":[13],"tags":[],"class_list":["post-27858","post","type-post","status-publish","format-standard","has-post-thumbnail","","category-mundo"],"_links":{"self":[{"href":"https:\/\/noticiasveraces.com\/index.php?rest_route=\/wp\/v2\/posts\/27858","targetHints":{"allow":["GET"]}}],"collection":[{"href":"https:\/\/noticiasveraces.com\/index.php?rest_route=\/wp\/v2\/posts"}],"about":[{"href":"https:\/\/noticiasveraces.com\/index.php?rest_route=\/wp\/v2\/types\/post"}],"author":[{"embeddable":true,"href":"https:\/\/noticiasveraces.com\/index.php?rest_route=\/wp\/v2\/users\/1"}],"replies":[{"embeddable":true,"href":"https:\/\/noticiasveraces.com\/index.php?rest_route=%2Fwp%2Fv2%2Fcomments&post=27858"}],"version-history":[{"count":0,"href":"https:\/\/noticiasveraces.com\/index.php?rest_route=\/wp\/v2\/posts\/27858\/revisions"}],"wp:featuredmedia":[{"embeddable":true,"href":"https:\/\/noticiasveraces.com\/index.php?rest_route=\/wp\/v2\/media\/27859"}],"wp:attachment":[{"href":"https:\/\/noticiasveraces.com\/index.php?rest_route=%2Fwp%2Fv2%2Fmedia&parent=27858"}],"wp:term":[{"taxonomy":"category","embeddable":true,"href":"https:\/\/noticiasveraces.com\/index.php?rest_route=%2Fwp%2Fv2%2Fcategories&post=27858"},{"taxonomy":"post_tag","embeddable":true,"href":"https:\/\/noticiasveraces.com\/index.php?rest_route=%2Fwp%2Fv2%2Ftags&post=27858"}],"curies":[{"name":"wp","href":"https:\/\/api.w.org\/{rel}","templated":true}]}}