{"id":27855,"date":"2025-05-18T17:26:07","date_gmt":"2025-05-18T21:26:07","guid":{"rendered":"https:\/\/noticiasveraces.com\/?p=27855"},"modified":"2025-05-18T17:26:07","modified_gmt":"2025-05-18T21:26:07","slug":"ex-presidente-joe-biden-diagnosticado-con-cancer-de-prostata","status":"publish","type":"post","link":"https:\/\/noticiasveraces.com\/?p=27855","title":{"rendered":"Ex presidente Joe Biden diagnosticado con c\u00e1ncer de pr\u00f3stata"},"content":{"rendered":"<p> \n<\/p>\n<div id=\"content\">\n<p>IE 11 no es compatible. Para una experiencia \u00f3ptima, visite nuestro sitio en otro navegador.<button type=\"button\" aria-label=\"close\" class=\"alert-banner__close-button icon icon-close\"\/><\/p>\n<div>\n<div class=\"video-page\" data-testid=\"video-page\">\n<div class=\"video-page__video\">\n<div class=\"video-page__main\">\n<div class=\"video-page__player\" data-testid=\"video-page__player\">\n<div class=\"styles_gridStackWrapper__Z_AMc styles_videoContainer___xc7B video-container paused\" data-testid=\"gamma-video-player-autoplay\">\n<div class=\"styles_gridStackWrapper__Z_AMc videoSlate styles_videoSlate__IvkAP\"><picture class=\"\" data-testid=\"picture\"><source media=\"(min-width: 1240px)\" srcset=\"https:\/\/media-cldnry.s-nbcnews.com\/image\/upload\/t_focal-860x484,f_auto,q_auto:best\/mpx\/2704722219\/2025_05\/1747600504517_nbc_spec_biden_cancer_250518_1920x1080-5qylz0.jpg\"\/><source media=\"(min-width: 758px)\" srcset=\"https:\/\/media-cldnry.s-nbcnews.com\/image\/upload\/t_focal-1000x563,f_auto,q_auto:best\/mpx\/2704722219\/2025_05\/1747600504517_nbc_spec_biden_cancer_250518_1920x1080-5qylz0.jpg\"\/><source media=\"(min-width: 320px)\" srcset=\"https:\/\/media-cldnry.s-nbcnews.com\/image\/upload\/t_focal-760x428,f_auto,q_auto:best\/mpx\/2704722219\/2025_05\/1747600504517_nbc_spec_biden_cancer_250518_1920x1080-5qylz0.jpg\"\/><img decoding=\"async\" src=\"https:\/\/media-cldnry.s-nbcnews.com\/image\/upload\/t_focal-760x428,f_auto,q_auto:best\/mpx\/2704722219\/2025_05\/1747600504517_nbc_spec_biden_cancer_250518_1920x1080-5qylz0.jpg\" alt=\"\"\/><\/picture><\/div>\n<\/div>\n<\/div>\n<div class=\"video-page__drawer\"><button class=\"styles_prevButton___kn9P styles_disabled__TOBLY\" type=\"button\" data-testid=\"prev-button\"><span class=\"icon icon-back\"\/><\/button><\/p>\n<div class=\"styles_playlistDrawer__ttvMO\" data-testid=\"playlist-drawer\">\n<section class=\"styles_playlist__AdfYR\">\n<ul class=\"styles_videos__IxbCG\">\n<li class=\"styles_video__WPPDb\">\n<div class=\"playlist-drawer__video\" data-testid=\"playlist-drawer-video\">\n<div class=\"playlist-drawer__thumbnail\"><picture class=\"playlist-drawer__thumbnail\" data-testid=\"picture\"><source media=\"(min-width: 1000px)\" srcset=\"https:\/\/media-cldnry.s-nbcnews.com\/image\/upload\/t_focal-280x140,f_auto,q_auto:best\/mpx\/2704722219\/2025_05\/1747602885369_now_brk_gleason_biden_cancer_250518_1920x1080-11q6x2.jpg\"\/><source media=\"(min-width: 758px)\" srcset=\"https:\/\/media-cldnry.s-nbcnews.com\/image\/upload\/t_focal-760x380,f_auto,q_auto:best\/mpx\/2704722219\/2025_05\/1747602885369_now_brk_gleason_biden_cancer_250518_1920x1080-11q6x2.jpg\"\/><source media=\"(min-width: 320px)\" srcset=\"https:\/\/media-cldnry.s-nbcnews.com\/image\/upload\/t_focal-520x260,f_auto,q_auto:best\/mpx\/2704722219\/2025_05\/1747602885369_now_brk_gleason_biden_cancer_250518_1920x1080-11q6x2.jpg\"\/><img decoding=\"async\" loading=\"lazy\" src=\"https:\/\/media-cldnry.s-nbcnews.com\/image\/upload\/t_focal-520x260,f_auto,q_auto:best\/mpx\/2704722219\/2025_05\/1747602885369_now_brk_gleason_biden_cancer_250518_1920x1080-11q6x2.jpg\" alt=\"\"\/><\/picture><\/div>\n<p><h2 class=\"playlist-drawer__title\" data-testid=\"playlist-title\">El c\u00e1ncer de pr\u00f3stata de Biden &#8216;caracterizado por un puntaje de Gleason de 9&#8217;<\/h2>\n<p><span class=\"playlist-drawer__duration founders-mono\" data-testid=\"playlist-duration\">02:31<\/span><\/p>\n<\/div>\n<\/li>\n<li class=\"styles_video__WPPDb\">\n<div class=\"playlist-drawer__video\" data-testid=\"playlist-drawer-video\">\n<div class=\"playlist-drawer__thumbnail\">\n<p>Ahora jugando<\/p>\n<picture class=\"playlist-drawer__thumbnail\" data-testid=\"picture\"><source media=\"(min-width: 1000px)\" srcset=\"https:\/\/media-cldnry.s-nbcnews.com\/image\/upload\/t_focal-280x140,f_auto,q_auto:best\/mpx\/2704722219\/2025_05\/1747600504517_nbc_spec_biden_cancer_250518_1920x1080-5qylz0.jpg\"\/><source media=\"(min-width: 758px)\" srcset=\"https:\/\/media-cldnry.s-nbcnews.com\/image\/upload\/t_focal-760x380,f_auto,q_auto:best\/mpx\/2704722219\/2025_05\/1747600504517_nbc_spec_biden_cancer_250518_1920x1080-5qylz0.jpg\"\/><source media=\"(min-width: 320px)\" srcset=\"https:\/\/media-cldnry.s-nbcnews.com\/image\/upload\/t_focal-520x260,f_auto,q_auto:best\/mpx\/2704722219\/2025_05\/1747600504517_nbc_spec_biden_cancer_250518_1920x1080-5qylz0.jpg\"\/><img decoding=\"async\" loading=\"lazy\" src=\"https:\/\/media-cldnry.s-nbcnews.com\/image\/upload\/t_focal-520x260,f_auto,q_auto:best\/mpx\/2704722219\/2025_05\/1747600504517_nbc_spec_biden_cancer_250518_1920x1080-5qylz0.jpg\" alt=\"\"\/><\/picture><\/div>\n<p><h2 class=\"playlist-drawer__title\" data-testid=\"playlist-title\">Ex presidente Joe Biden diagnosticado con c\u00e1ncer de pr\u00f3stata<\/h2>\n<p><span class=\"playlist-drawer__duration founders-mono\" data-testid=\"playlist-duration\">00:53<\/span><\/p>\n<\/div>\n<\/li>\n<li class=\"styles_video__WPPDb\">\n<div class=\"playlist-drawer__video\" data-testid=\"playlist-drawer-video\">\n<p>A continuaci\u00f3n<\/p>\n<div class=\"playlist-drawer__thumbnail\"><picture class=\"playlist-drawer__thumbnail\" data-testid=\"picture\"><source media=\"(min-width: 1000px)\" srcset=\"https:\/\/media-cldnry.s-nbcnews.com\/image\/upload\/t_focal-280x140,f_auto,q_auto:best\/mpx\/2704722219\/2025_05\/1747222895503_tdy_news_7a_gabe_biden_250514_1920x1080-20hv87.jpg\"\/><source media=\"(min-width: 758px)\" srcset=\"https:\/\/media-cldnry.s-nbcnews.com\/image\/upload\/t_focal-760x380,f_auto,q_auto:best\/mpx\/2704722219\/2025_05\/1747222895503_tdy_news_7a_gabe_biden_250514_1920x1080-20hv87.jpg\"\/><source media=\"(min-width: 320px)\" srcset=\"https:\/\/media-cldnry.s-nbcnews.com\/image\/upload\/t_focal-520x260,f_auto,q_auto:best\/mpx\/2704722219\/2025_05\/1747222895503_tdy_news_7a_gabe_biden_250514_1920x1080-20hv87.jpg\"\/><img decoding=\"async\" loading=\"lazy\" src=\"https:\/\/media-cldnry.s-nbcnews.com\/image\/upload\/t_focal-520x260,f_auto,q_auto:best\/mpx\/2704722219\/2025_05\/1747222895503_tdy_news_7a_gabe_biden_250514_1920x1080-20hv87.jpg\" alt=\"\"\/><\/picture><\/div>\n<p><h2 class=\"playlist-drawer__title\" data-testid=\"playlist-title\">Detalles da\u00f1inos sobre la aptitud mental de Biden descrita en el nuevo libro<\/h2>\n<p><span class=\"playlist-drawer__duration founders-mono\" data-testid=\"playlist-duration\">02:44<\/span><\/p>\n<\/div>\n<\/li>\n<li class=\"styles_video__WPPDb\">\n<div class=\"playlist-drawer__video\" data-testid=\"playlist-drawer-video\">\n<div class=\"playlist-drawer__thumbnail\"><picture class=\"playlist-drawer__thumbnail\" data-testid=\"picture\"><source media=\"(min-width: 1000px)\" srcset=\"https:\/\/media-cldnry.s-nbcnews.com\/image\/upload\/t_focal-280x140,f_auto,q_auto:best\/mpx\/2704722219\/2025_05\/1747177831748_nn_ggu_biden_book_250513_1920x1080-48u0pz.jpg\"\/><source media=\"(min-width: 758px)\" srcset=\"https:\/\/media-cldnry.s-nbcnews.com\/image\/upload\/t_focal-760x380,f_auto,q_auto:best\/mpx\/2704722219\/2025_05\/1747177831748_nn_ggu_biden_book_250513_1920x1080-48u0pz.jpg\"\/><source media=\"(min-width: 320px)\" srcset=\"https:\/\/media-cldnry.s-nbcnews.com\/image\/upload\/t_focal-520x260,f_auto,q_auto:best\/mpx\/2704722219\/2025_05\/1747177831748_nn_ggu_biden_book_250513_1920x1080-48u0pz.jpg\"\/><img decoding=\"async\" loading=\"lazy\" src=\"https:\/\/media-cldnry.s-nbcnews.com\/image\/upload\/t_focal-520x260,f_auto,q_auto:best\/mpx\/2704722219\/2025_05\/1747177831748_nn_ggu_biden_book_250513_1920x1080-48u0pz.jpg\" alt=\"\"\/><\/picture><\/div>\n<p><h2 class=\"playlist-drawer__title\" data-testid=\"playlist-title\">Detalles da\u00f1inos sobre la aptitud mental de Biden en el nuevo libro<\/h2>\n<p><span class=\"playlist-drawer__duration founders-mono\" data-testid=\"playlist-duration\">01:15<\/span><\/p>\n<\/div>\n<\/li>\n<li class=\"styles_video__WPPDb\">\n<div class=\"playlist-drawer__video\" data-testid=\"playlist-drawer-video\">\n<div class=\"playlist-drawer__thumbnail\"><picture class=\"playlist-drawer__thumbnail\" data-testid=\"picture\"><source media=\"(min-width: 1000px)\" srcset=\"https:\/\/media-cldnry.s-nbcnews.com\/image\/upload\/t_focal-280x140,f_auto,q_auto:best\/mpx\/2704722219\/2025_05\/biden_bbc_intv-z22zt0.jpg\"\/><source media=\"(min-width: 758px)\" srcset=\"https:\/\/media-cldnry.s-nbcnews.com\/image\/upload\/t_focal-760x380,f_auto,q_auto:best\/mpx\/2704722219\/2025_05\/biden_bbc_intv-z22zt0.jpg\"\/><source media=\"(min-width: 320px)\" srcset=\"https:\/\/media-cldnry.s-nbcnews.com\/image\/upload\/t_focal-520x260,f_auto,q_auto:best\/mpx\/2704722219\/2025_05\/biden_bbc_intv-z22zt0.jpg\"\/><img decoding=\"async\" loading=\"lazy\" src=\"https:\/\/media-cldnry.s-nbcnews.com\/image\/upload\/t_focal-520x260,f_auto,q_auto:best\/mpx\/2704722219\/2025_05\/biden_bbc_intv-z22zt0.jpg\" alt=\"\"\/><\/picture><\/div>\n<p><h2 class=\"playlist-drawer__title\" data-testid=\"playlist-title\">Biden golpea el \u00abapaciguamiento\u00bb de Trump de Putin sobre la guerra de Ucrania<\/h2>\n<p><span class=\"playlist-drawer__duration founders-mono\" data-testid=\"playlist-duration\">01:40<\/span><\/p>\n<\/div>\n<\/li>\n<li class=\"styles_video__WPPDb\">\n<div class=\"playlist-drawer__video\" data-testid=\"playlist-drawer-video\">\n<div class=\"playlist-drawer__thumbnail\"><picture class=\"playlist-drawer__thumbnail\" data-testid=\"picture\"><source media=\"(min-width: 1000px)\" srcset=\"https:\/\/media-cldnry.s-nbcnews.com\/image\/upload\/t_focal-280x140,f_auto,q_auto:best\/mpx\/2704722219\/2025_04\/1744759772608_f_mo_biden_socialsecurity_250415_1920x1080-wp7knq.jpg\"\/><source media=\"(min-width: 758px)\" srcset=\"https:\/\/media-cldnry.s-nbcnews.com\/image\/upload\/t_focal-760x380,f_auto,q_auto:best\/mpx\/2704722219\/2025_04\/1744759772608_f_mo_biden_socialsecurity_250415_1920x1080-wp7knq.jpg\"\/><source media=\"(min-width: 320px)\" srcset=\"https:\/\/media-cldnry.s-nbcnews.com\/image\/upload\/t_focal-520x260,f_auto,q_auto:best\/mpx\/2704722219\/2025_04\/1744759772608_f_mo_biden_socialsecurity_250415_1920x1080-wp7knq.jpg\"\/><img decoding=\"async\" loading=\"lazy\" src=\"https:\/\/media-cldnry.s-nbcnews.com\/image\/upload\/t_focal-520x260,f_auto,q_auto:best\/mpx\/2704722219\/2025_04\/1744759772608_f_mo_biden_socialsecurity_250415_1920x1080-wp7knq.jpg\" alt=\"\"\/><\/picture><\/div>\n<p><h2 class=\"playlist-drawer__title\" data-testid=\"playlist-title\">Biden llama a los esfuerzos de la administraci\u00f3n Trump para reducir el Seguro Social<\/h2>\n<p><span class=\"playlist-drawer__duration founders-mono\" data-testid=\"playlist-duration\">02:28<\/span><\/p>\n<\/div>\n<\/li>\n<li class=\"styles_video__WPPDb\">\n<div class=\"playlist-drawer__video\" data-testid=\"playlist-drawer-video\">\n<div class=\"playlist-drawer__thumbnail\"><picture class=\"playlist-drawer__thumbnail\" data-testid=\"picture\"><source media=\"(min-width: 1000px)\" srcset=\"https:\/\/media-cldnry.s-nbcnews.com\/image\/upload\/t_focal-280x140,f_auto,q_auto:best\/mpx\/2704722219\/2025_04\/1744757908462_nn_kod_biden_speaksout_250415_1920x1080-bjjcrl.jpg\"\/><source media=\"(min-width: 758px)\" srcset=\"https:\/\/media-cldnry.s-nbcnews.com\/image\/upload\/t_focal-760x380,f_auto,q_auto:best\/mpx\/2704722219\/2025_04\/1744757908462_nn_kod_biden_speaksout_250415_1920x1080-bjjcrl.jpg\"\/><source media=\"(min-width: 320px)\" srcset=\"https:\/\/media-cldnry.s-nbcnews.com\/image\/upload\/t_focal-520x260,f_auto,q_auto:best\/mpx\/2704722219\/2025_04\/1744757908462_nn_kod_biden_speaksout_250415_1920x1080-bjjcrl.jpg\"\/><img decoding=\"async\" loading=\"lazy\" src=\"https:\/\/media-cldnry.s-nbcnews.com\/image\/upload\/t_focal-520x260,f_auto,q_auto:best\/mpx\/2704722219\/2025_04\/1744757908462_nn_kod_biden_speaksout_250415_1920x1080-bjjcrl.jpg\" alt=\"\"\/><\/picture><\/div>\n<p><h2 class=\"playlist-drawer__title\" data-testid=\"playlist-title\">El ex presidente Biden entrega mensaje en primera aparici\u00f3n p\u00fablica<\/h2>\n<p><span class=\"playlist-drawer__duration founders-mono\" data-testid=\"playlist-duration\">01:06<\/span><\/p>\n<\/div>\n<\/li>\n<li class=\"styles_video__WPPDb\">\n<div class=\"playlist-drawer__video\" data-testid=\"playlist-drawer-video\">\n<div class=\"playlist-drawer__thumbnail\"><picture class=\"playlist-drawer__thumbnail\" data-testid=\"picture\"><source media=\"(min-width: 1000px)\" srcset=\"https:\/\/media-cldnry.s-nbcnews.com\/image\/upload\/t_focal-280x140,f_auto,q_auto:best\/mpx\/2704722219\/2025_03\/1742686453618_nn_vhi_security_clearances_revoked_deportation_battle_250322_1920x1080-8vslrx.jpg\"\/><source media=\"(min-width: 758px)\" srcset=\"https:\/\/media-cldnry.s-nbcnews.com\/image\/upload\/t_focal-760x380,f_auto,q_auto:best\/mpx\/2704722219\/2025_03\/1742686453618_nn_vhi_security_clearances_revoked_deportation_battle_250322_1920x1080-8vslrx.jpg\"\/><source media=\"(min-width: 320px)\" srcset=\"https:\/\/media-cldnry.s-nbcnews.com\/image\/upload\/t_focal-520x260,f_auto,q_auto:best\/mpx\/2704722219\/2025_03\/1742686453618_nn_vhi_security_clearances_revoked_deportation_battle_250322_1920x1080-8vslrx.jpg\"\/><img decoding=\"async\" loading=\"lazy\" src=\"https:\/\/media-cldnry.s-nbcnews.com\/image\/upload\/t_focal-520x260,f_auto,q_auto:best\/mpx\/2704722219\/2025_03\/1742686453618_nn_vhi_security_clearances_revoked_deportation_battle_250322_1920x1080-8vslrx.jpg\" alt=\"\"\/><\/picture><\/div>\n<p><h2 class=\"playlist-drawer__title\" data-testid=\"playlist-title\">Trump revoca las autorizaciones de seguridad para Biden, Harris y Hillary Clinton<\/h2>\n<p><span class=\"playlist-drawer__duration founders-mono\" data-testid=\"playlist-duration\">01:27<\/span><\/p>\n<\/div>\n<\/li>\n<li class=\"styles_video__WPPDb\">\n<div class=\"playlist-drawer__video\" data-testid=\"playlist-drawer-video\">\n<div class=\"playlist-drawer__thumbnail\"><picture class=\"playlist-drawer__thumbnail\" data-testid=\"picture\"><source media=\"(min-width: 1000px)\" srcset=\"https:\/\/media-cldnry.s-nbcnews.com\/image\/upload\/t_focal-280x140,f_auto,q_auto:best\/mpx\/2704722219\/2025_03\/1742255860441_now_hallie_autopen_hist_250317_1920x1080-k2sgod.jpg\"\/><source media=\"(min-width: 758px)\" srcset=\"https:\/\/media-cldnry.s-nbcnews.com\/image\/upload\/t_focal-760x380,f_auto,q_auto:best\/mpx\/2704722219\/2025_03\/1742255860441_now_hallie_autopen_hist_250317_1920x1080-k2sgod.jpg\"\/><source media=\"(min-width: 320px)\" srcset=\"https:\/\/media-cldnry.s-nbcnews.com\/image\/upload\/t_focal-520x260,f_auto,q_auto:best\/mpx\/2704722219\/2025_03\/1742255860441_now_hallie_autopen_hist_250317_1920x1080-k2sgod.jpg\"\/><img decoding=\"async\" loading=\"lazy\" src=\"https:\/\/media-cldnry.s-nbcnews.com\/image\/upload\/t_focal-520x260,f_auto,q_auto:best\/mpx\/2704722219\/2025_03\/1742255860441_now_hallie_autopen_hist_250317_1920x1080-k2sgod.jpg\" alt=\"\"\/><\/picture><\/div>\n<p><h2 class=\"playlist-drawer__title\" data-testid=\"playlist-title\">La Casa Blanca afirma que Biden Pardons son &#8216;nulo&#8217; alegando el uso de Autopen<\/h2>\n<p><span class=\"playlist-drawer__duration founders-mono\" data-testid=\"playlist-duration\">03:09<\/span><\/p>\n<\/div>\n<\/li>\n<li class=\"styles_video__WPPDb\">\n<div class=\"playlist-drawer__video\" data-testid=\"playlist-drawer-video\">\n<div class=\"playlist-drawer__thumbnail\"><picture class=\"playlist-drawer__thumbnail\" data-testid=\"picture\"><source media=\"(min-width: 1000px)\" srcset=\"https:\/\/media-cldnry.s-nbcnews.com\/image\/upload\/t_focal-280x140,f_auto,q_auto:best\/mpx\/2704722219\/2025_03\/1742253496784_now_hallie_ss_ends_250317_1920x1080-bpmmxf.jpg\"\/><source media=\"(min-width: 758px)\" srcset=\"https:\/\/media-cldnry.s-nbcnews.com\/image\/upload\/t_focal-760x380,f_auto,q_auto:best\/mpx\/2704722219\/2025_03\/1742253496784_now_hallie_ss_ends_250317_1920x1080-bpmmxf.jpg\"\/><source media=\"(min-width: 320px)\" srcset=\"https:\/\/media-cldnry.s-nbcnews.com\/image\/upload\/t_focal-520x260,f_auto,q_auto:best\/mpx\/2704722219\/2025_03\/1742253496784_now_hallie_ss_ends_250317_1920x1080-bpmmxf.jpg\"\/><img decoding=\"async\" loading=\"lazy\" src=\"https:\/\/media-cldnry.s-nbcnews.com\/image\/upload\/t_focal-520x260,f_auto,q_auto:best\/mpx\/2704722219\/2025_03\/1742253496784_now_hallie_ss_ends_250317_1920x1080-bpmmxf.jpg\" alt=\"\"\/><\/picture><\/div>\n<p><h2 class=\"playlist-drawer__title\" data-testid=\"playlist-title\">Trump termina las protecciones del Servicio Secreto para Hunter y Ashley Biden<\/h2>\n<p><span class=\"playlist-drawer__duration founders-mono\" data-testid=\"playlist-duration\">01:58<\/span><\/p>\n<\/div>\n<\/li>\n<li class=\"styles_video__WPPDb\">\n<div class=\"playlist-drawer__video\" data-testid=\"playlist-drawer-video\">\n<div class=\"playlist-drawer__thumbnail\"><picture class=\"playlist-drawer__thumbnail\" data-testid=\"picture\"><source media=\"(min-width: 1000px)\" srcset=\"https:\/\/media-cldnry.s-nbcnews.com\/image\/upload\/t_focal-280x140,f_auto,q_auto:best\/mpx\/2704722219\/2025_01\/1737419037390_nn_pal_inauguration_day_pardons_250120_1920x1080-vvkzko.jpg\"\/><source media=\"(min-width: 758px)\" srcset=\"https:\/\/media-cldnry.s-nbcnews.com\/image\/upload\/t_focal-760x380,f_auto,q_auto:best\/mpx\/2704722219\/2025_01\/1737419037390_nn_pal_inauguration_day_pardons_250120_1920x1080-vvkzko.jpg\"\/><source media=\"(min-width: 320px)\" srcset=\"https:\/\/media-cldnry.s-nbcnews.com\/image\/upload\/t_focal-520x260,f_auto,q_auto:best\/mpx\/2704722219\/2025_01\/1737419037390_nn_pal_inauguration_day_pardons_250120_1920x1080-vvkzko.jpg\"\/><img decoding=\"async\" loading=\"lazy\" src=\"https:\/\/media-cldnry.s-nbcnews.com\/image\/upload\/t_focal-520x260,f_auto,q_auto:best\/mpx\/2704722219\/2025_01\/1737419037390_nn_pal_inauguration_day_pardons_250120_1920x1080-vvkzko.jpg\" alt=\"\"\/><\/picture><\/div>\n<p><h2 class=\"playlist-drawer__title\" data-testid=\"playlist-title\">Problemas de Biden Pardones preventivos justo antes de dejar el cargo<\/h2>\n<p><span class=\"playlist-drawer__duration founders-mono\" data-testid=\"playlist-duration\">02:05<\/span><\/p>\n<\/div>\n<\/li>\n<li class=\"styles_video__WPPDb\">\n<div class=\"playlist-drawer__video\" data-testid=\"playlist-drawer-video\">\n<div class=\"playlist-drawer__thumbnail\"><picture class=\"playlist-drawer__thumbnail\" data-testid=\"picture\"><source media=\"(min-width: 1000px)\" srcset=\"https:\/\/media-cldnry.s-nbcnews.com\/image\/upload\/t_focal-280x140,f_auto,q_auto:best\/mpx\/2704722219\/2025_01\/1737392570686_nbc_spec_biden_family_pardon_250120_1920x1080-ae4nmw.jpg\"\/><source media=\"(min-width: 758px)\" srcset=\"https:\/\/media-cldnry.s-nbcnews.com\/image\/upload\/t_focal-760x380,f_auto,q_auto:best\/mpx\/2704722219\/2025_01\/1737392570686_nbc_spec_biden_family_pardon_250120_1920x1080-ae4nmw.jpg\"\/><source media=\"(min-width: 320px)\" srcset=\"https:\/\/media-cldnry.s-nbcnews.com\/image\/upload\/t_focal-520x260,f_auto,q_auto:best\/mpx\/2704722219\/2025_01\/1737392570686_nbc_spec_biden_family_pardon_250120_1920x1080-ae4nmw.jpg\"\/><img decoding=\"async\" loading=\"lazy\" src=\"https:\/\/media-cldnry.s-nbcnews.com\/image\/upload\/t_focal-520x260,f_auto,q_auto:best\/mpx\/2704722219\/2025_01\/1737392570686_nbc_spec_biden_family_pardon_250120_1920x1080-ae4nmw.jpg\" alt=\"\"\/><\/picture><\/div>\n<p><h2 class=\"playlist-drawer__title\" data-testid=\"playlist-title\">Biden Pardons Miembros de la familia minutos antes de que Trump jure<\/h2>\n<p><span class=\"playlist-drawer__duration founders-mono\" data-testid=\"playlist-duration\">00:47<\/span><\/p>\n<\/div>\n<\/li>\n<li class=\"styles_video__WPPDb\">\n<div class=\"playlist-drawer__video\" data-testid=\"playlist-drawer-video\">\n<div class=\"playlist-drawer__thumbnail\"><picture class=\"playlist-drawer__thumbnail\" data-testid=\"picture\"><source media=\"(min-width: 1000px)\" srcset=\"https:\/\/media-cldnry.s-nbcnews.com\/image\/upload\/t_focal-280x140,f_auto,q_auto:best\/mpx\/2704722219\/2025_01\/1737245863244_nn_sse_tik_tok_final_hours_250118_1920x1080-bmn2kz.jpg\"\/><source media=\"(min-width: 758px)\" srcset=\"https:\/\/media-cldnry.s-nbcnews.com\/image\/upload\/t_focal-760x380,f_auto,q_auto:best\/mpx\/2704722219\/2025_01\/1737245863244_nn_sse_tik_tok_final_hours_250118_1920x1080-bmn2kz.jpg\"\/><source media=\"(min-width: 320px)\" srcset=\"https:\/\/media-cldnry.s-nbcnews.com\/image\/upload\/t_focal-520x260,f_auto,q_auto:best\/mpx\/2704722219\/2025_01\/1737245863244_nn_sse_tik_tok_final_hours_250118_1920x1080-bmn2kz.jpg\"\/><img decoding=\"async\" loading=\"lazy\" src=\"https:\/\/media-cldnry.s-nbcnews.com\/image\/upload\/t_focal-520x260,f_auto,q_auto:best\/mpx\/2704722219\/2025_01\/1737245863244_nn_sse_tik_tok_final_hours_250118_1920x1080-bmn2kz.jpg\" alt=\"\"\/><\/picture><\/div>\n<p><h2 class=\"playlist-drawer__title\" data-testid=\"playlist-title\">Tiktok puede oscurecer el domingo<\/h2>\n<p><span class=\"playlist-drawer__duration founders-mono\" data-testid=\"playlist-duration\">02:07<\/span><\/p>\n<\/div>\n<\/li>\n<li class=\"styles_video__WPPDb\">\n<div class=\"playlist-drawer__video\" data-testid=\"playlist-drawer-video\">\n<div class=\"playlist-drawer__thumbnail\"><picture class=\"playlist-drawer__thumbnail\" data-testid=\"picture\"><source media=\"(min-width: 1000px)\" srcset=\"https:\/\/media-cldnry.s-nbcnews.com\/image\/upload\/t_focal-280x140,f_auto,q_auto:best\/mpx\/2704722219\/2025_01\/1737072702496_now_hallie_biden_oligarchy_250116_1920x1080-nefii7.jpg\"\/><source media=\"(min-width: 758px)\" srcset=\"https:\/\/media-cldnry.s-nbcnews.com\/image\/upload\/t_focal-760x380,f_auto,q_auto:best\/mpx\/2704722219\/2025_01\/1737072702496_now_hallie_biden_oligarchy_250116_1920x1080-nefii7.jpg\"\/><source media=\"(min-width: 320px)\" srcset=\"https:\/\/media-cldnry.s-nbcnews.com\/image\/upload\/t_focal-520x260,f_auto,q_auto:best\/mpx\/2704722219\/2025_01\/1737072702496_now_hallie_biden_oligarchy_250116_1920x1080-nefii7.jpg\"\/><img decoding=\"async\" loading=\"lazy\" src=\"https:\/\/media-cldnry.s-nbcnews.com\/image\/upload\/t_focal-520x260,f_auto,q_auto:best\/mpx\/2704722219\/2025_01\/1737072702496_now_hallie_biden_oligarchy_250116_1920x1080-nefii7.jpg\" alt=\"\"\/><\/picture><\/div>\n<p><h2 class=\"playlist-drawer__title\" data-testid=\"playlist-title\">Explicando qu\u00e9 es una oligarqu\u00eda como Biden dice que est\u00e1 \u00abtomando forma en Estados Unidos\u00bb<\/h2>\n<p><span class=\"playlist-drawer__duration founders-mono\" data-testid=\"playlist-duration\">02:32<\/span><\/p>\n<\/div>\n<\/li>\n<li class=\"styles_video__WPPDb\">\n<div class=\"playlist-drawer__video\" data-testid=\"playlist-drawer-video\">\n<div class=\"playlist-drawer__thumbnail\"><picture class=\"playlist-drawer__thumbnail\" data-testid=\"picture\"><source media=\"(min-width: 1000px)\" srcset=\"https:\/\/media-cldnry.s-nbcnews.com\/image\/upload\/t_focal-280x140,f_auto,q_auto:best\/mpx\/2704722219\/2025_01\/bidenfarewell-ps843v.jpg\"\/><source media=\"(min-width: 758px)\" srcset=\"https:\/\/media-cldnry.s-nbcnews.com\/image\/upload\/t_focal-760x380,f_auto,q_auto:best\/mpx\/2704722219\/2025_01\/bidenfarewell-ps843v.jpg\"\/><source media=\"(min-width: 320px)\" srcset=\"https:\/\/media-cldnry.s-nbcnews.com\/image\/upload\/t_focal-520x260,f_auto,q_auto:best\/mpx\/2704722219\/2025_01\/bidenfarewell-ps843v.jpg\"\/><img decoding=\"async\" loading=\"lazy\" src=\"https:\/\/media-cldnry.s-nbcnews.com\/image\/upload\/t_focal-520x260,f_auto,q_auto:best\/mpx\/2704722219\/2025_01\/bidenfarewell-ps843v.jpg\" alt=\"\"\/><\/picture><\/div>\n<p><h2 class=\"playlist-drawer__title\" data-testid=\"playlist-title\">Biden reflexiona sobre los logros, la resiliencia estadounidense en la direcci\u00f3n de despedida<\/h2>\n<p><span class=\"playlist-drawer__duration founders-mono\" data-testid=\"playlist-duration\">02:42<\/span><\/p>\n<\/div>\n<\/li>\n<li class=\"styles_video__WPPDb\">\n<div class=\"playlist-drawer__video\" data-testid=\"playlist-drawer-video\">\n<div class=\"playlist-drawer__thumbnail\"><picture class=\"playlist-drawer__thumbnail\" data-testid=\"picture\"><source media=\"(min-width: 1000px)\" srcset=\"https:\/\/media-cldnry.s-nbcnews.com\/image\/upload\/t_focal-280x140,f_auto,q_auto:best\/mpx\/2704722219\/2025_01\/1736991608049_nbc_spec_full_bidenaddress_250125_1920x1080-gkisif.jpg\"\/><source media=\"(min-width: 758px)\" srcset=\"https:\/\/media-cldnry.s-nbcnews.com\/image\/upload\/t_focal-760x380,f_auto,q_auto:best\/mpx\/2704722219\/2025_01\/1736991608049_nbc_spec_full_bidenaddress_250125_1920x1080-gkisif.jpg\"\/><source media=\"(min-width: 320px)\" srcset=\"https:\/\/media-cldnry.s-nbcnews.com\/image\/upload\/t_focal-520x260,f_auto,q_auto:best\/mpx\/2704722219\/2025_01\/1736991608049_nbc_spec_full_bidenaddress_250125_1920x1080-gkisif.jpg\"\/><img decoding=\"async\" loading=\"lazy\" src=\"https:\/\/media-cldnry.s-nbcnews.com\/image\/upload\/t_focal-520x260,f_auto,q_auto:best\/mpx\/2704722219\/2025_01\/1736991608049_nbc_spec_full_bidenaddress_250125_1920x1080-gkisif.jpg\" alt=\"\"\/><\/picture><\/div>\n<p><h2 class=\"playlist-drawer__title\" data-testid=\"playlist-title\">Informe especial: Biden ofrece una direcci\u00f3n de despedida desde la Oficina Oval<\/h2>\n<p><span class=\"playlist-drawer__duration founders-mono\" data-testid=\"playlist-duration\">22:00<\/span><\/p>\n<\/div>\n<\/li>\n<li class=\"styles_video__WPPDb\">\n<div class=\"playlist-drawer__video\" data-testid=\"playlist-drawer-video\">\n<div class=\"playlist-drawer__thumbnail\"><picture class=\"playlist-drawer__thumbnail\" data-testid=\"picture\"><source media=\"(min-width: 1000px)\" srcset=\"https:\/\/media-cldnry.s-nbcnews.com\/image\/upload\/t_focal-280x140,f_auto,q_auto:best\/mpx\/2704722219\/2025_01\/1736990958848_nbc_spec_biden_warning_250115_1920x1080-usloea.jpg\"\/><source media=\"(min-width: 758px)\" srcset=\"https:\/\/media-cldnry.s-nbcnews.com\/image\/upload\/t_focal-760x380,f_auto,q_auto:best\/mpx\/2704722219\/2025_01\/1736990958848_nbc_spec_biden_warning_250115_1920x1080-usloea.jpg\"\/><source media=\"(min-width: 320px)\" srcset=\"https:\/\/media-cldnry.s-nbcnews.com\/image\/upload\/t_focal-520x260,f_auto,q_auto:best\/mpx\/2704722219\/2025_01\/1736990958848_nbc_spec_biden_warning_250115_1920x1080-usloea.jpg\"\/><img decoding=\"async\" loading=\"lazy\" src=\"https:\/\/media-cldnry.s-nbcnews.com\/image\/upload\/t_focal-520x260,f_auto,q_auto:best\/mpx\/2704722219\/2025_01\/1736990958848_nbc_spec_biden_warning_250115_1920x1080-usloea.jpg\" alt=\"\"\/><\/picture><\/div>\n<p><h2 class=\"playlist-drawer__title\" data-testid=\"playlist-title\">Biden advierte contra &#8216;oligarqu\u00eda tomando forma en Estados Unidos&#8217;<\/h2>\n<p><span class=\"playlist-drawer__duration founders-mono\" data-testid=\"playlist-duration\">03:52<\/span><\/p>\n<\/div>\n<\/li>\n<li class=\"styles_video__WPPDb\">\n<div class=\"playlist-drawer__video\" data-testid=\"playlist-drawer-video\">\n<div class=\"playlist-drawer__thumbnail\"><picture class=\"playlist-drawer__thumbnail\" data-testid=\"picture\"><source media=\"(min-width: 1000px)\" srcset=\"https:\/\/media-cldnry.s-nbcnews.com\/image\/upload\/t_focal-280x140,f_auto,q_auto:best\/mpx\/2704722219\/2025_01\/1736971835416_nbc_spec_biden_trump_joke_250115_1920x1080-c9m4jf.jpg\"\/><source media=\"(min-width: 758px)\" srcset=\"https:\/\/media-cldnry.s-nbcnews.com\/image\/upload\/t_focal-760x380,f_auto,q_auto:best\/mpx\/2704722219\/2025_01\/1736971835416_nbc_spec_biden_trump_joke_250115_1920x1080-c9m4jf.jpg\"\/><source media=\"(min-width: 320px)\" srcset=\"https:\/\/media-cldnry.s-nbcnews.com\/image\/upload\/t_focal-520x260,f_auto,q_auto:best\/mpx\/2704722219\/2025_01\/1736971835416_nbc_spec_biden_trump_joke_250115_1920x1080-c9m4jf.jpg\"\/><img decoding=\"async\" loading=\"lazy\" src=\"https:\/\/media-cldnry.s-nbcnews.com\/image\/upload\/t_focal-520x260,f_auto,q_auto:best\/mpx\/2704722219\/2025_01\/1736971835416_nbc_spec_biden_trump_joke_250115_1920x1080-c9m4jf.jpg\" alt=\"\"\/><\/picture><\/div>\n<p><h2 class=\"playlist-drawer__title\" data-testid=\"playlist-title\">&#8216;\u00bfEs eso una broma?&#8217;: Biden pregunt\u00f3 si \u00e9l o Trump obtienen cr\u00e9dito por el acuerdo de alto el fuego<\/h2>\n<p><span class=\"playlist-drawer__duration founders-mono\" data-testid=\"playlist-duration\">00:51<\/span><\/p>\n<\/div>\n<\/li>\n<li class=\"styles_video__WPPDb\">\n<div class=\"playlist-drawer__video\" data-testid=\"playlist-drawer-video\">\n<div class=\"playlist-drawer__thumbnail\"><picture class=\"playlist-drawer__thumbnail\" data-testid=\"picture\"><source media=\"(min-width: 1000px)\" srcset=\"https:\/\/media-cldnry.s-nbcnews.com\/image\/upload\/t_focal-280x140,f_auto,q_auto:best\/mpx\/2704722219\/2025_01\/1736969117743_nbc_spec_biden_ceasefire_250115_1920x1080-lcyy37.jpg\"\/><source media=\"(min-width: 758px)\" srcset=\"https:\/\/media-cldnry.s-nbcnews.com\/image\/upload\/t_focal-760x380,f_auto,q_auto:best\/mpx\/2704722219\/2025_01\/1736969117743_nbc_spec_biden_ceasefire_250115_1920x1080-lcyy37.jpg\"\/><source media=\"(min-width: 320px)\" srcset=\"https:\/\/media-cldnry.s-nbcnews.com\/image\/upload\/t_focal-520x260,f_auto,q_auto:best\/mpx\/2704722219\/2025_01\/1736969117743_nbc_spec_biden_ceasefire_250115_1920x1080-lcyy37.jpg\"\/><img decoding=\"async\" loading=\"lazy\" src=\"https:\/\/media-cldnry.s-nbcnews.com\/image\/upload\/t_focal-520x260,f_auto,q_auto:best\/mpx\/2704722219\/2025_01\/1736969117743_nbc_spec_biden_ceasefire_250115_1920x1080-lcyy37.jpg\" alt=\"\"\/><\/picture><\/div>\n<p><h2 class=\"playlist-drawer__title\" data-testid=\"playlist-title\">&#8216;En Long Long&#8217;: Biden habla sobre el acuerdo de cese del fuego de Israel-Hamas<\/h2>\n<p><span class=\"playlist-drawer__duration founders-mono\" data-testid=\"playlist-duration\">10:17<\/span><\/p>\n<\/div>\n<\/li>\n<li class=\"styles_video__WPPDb\">\n<div class=\"playlist-drawer__video\" data-testid=\"playlist-drawer-video\">\n<div class=\"playlist-drawer__thumbnail\"><picture class=\"playlist-drawer__thumbnail\" data-testid=\"picture\"><source media=\"(min-width: 1000px)\" srcset=\"https:\/\/media-cldnry.s-nbcnews.com\/image\/upload\/t_focal-280x140,f_auto,q_auto:best\/mpx\/2704722219\/2025_01\/1736921499084_now_topstory_biden_cuba_250114_1920x1080-6wdhua.jpg\"\/><source media=\"(min-width: 758px)\" srcset=\"https:\/\/media-cldnry.s-nbcnews.com\/image\/upload\/t_focal-760x380,f_auto,q_auto:best\/mpx\/2704722219\/2025_01\/1736921499084_now_topstory_biden_cuba_250114_1920x1080-6wdhua.jpg\"\/><source media=\"(min-width: 320px)\" srcset=\"https:\/\/media-cldnry.s-nbcnews.com\/image\/upload\/t_focal-520x260,f_auto,q_auto:best\/mpx\/2704722219\/2025_01\/1736921499084_now_topstory_biden_cuba_250114_1920x1080-6wdhua.jpg\"\/><img decoding=\"async\" loading=\"lazy\" src=\"https:\/\/media-cldnry.s-nbcnews.com\/image\/upload\/t_focal-520x260,f_auto,q_auto:best\/mpx\/2704722219\/2025_01\/1736921499084_now_topstory_biden_cuba_250114_1920x1080-6wdhua.jpg\" alt=\"\"\/><\/picture><\/div>\n<p><h2 class=\"playlist-drawer__title\" data-testid=\"playlist-title\">Administraci\u00f3n de Biden para eliminar la designaci\u00f3n de Cuba como patrocinador estatal del terrorismo<\/h2>\n<p><span class=\"playlist-drawer__duration founders-mono\" data-testid=\"playlist-duration\">04:27<\/span><\/p>\n<\/div>\n<\/li>\n<\/ul>\n<\/section>\n<\/div>\n<p><button class=\"styles_nextButton__vNvjX\" type=\"button\" data-testid=\"next-button\"><span class=\"icon icon-back\"\/><\/button><\/div>\n<\/div>\n<div class=\"layout-grid-container\">\n<div class=\"video-details__info\" data-testid=\"video-details\">\n<div class=\"video-details__title-and-share-and-dek\">\n<div class=\"video-details__dek\">\n<p class=\"video-details__dek-text\"><span class=\"video-details__dek-description\">El presidente Joe Biden ha sido diagnosticado con c\u00e1ncer de pr\u00f3stata. El c\u00e1ncer se ha met\u00e1stasis hasta los huesos, seg\u00fan la oficina personal del ex presidente.<\/span><span class=\"video-details__by-line\">18 de mayo de 2025<\/span><\/p>\n<\/div>\n<p><button class=\"video-details__dek-read-more\" type=\"button\">Leer<!-- --> <!-- -->M\u00e1s<\/button><\/div>\n<\/div>\n<\/div>\n<\/div>\n<div class=\"video-page__carousel\" data-testid=\"video-page-playlist\"><button class=\"styles_prevButton___kn9P styles_disabled__TOBLY\" type=\"button\" data-testid=\"prev-button\"><span class=\"icon icon-back\"\/><\/button><\/p>\n<div class=\"styles_playlistDrawer__ttvMO\" data-testid=\"playlist-drawer\">\n<section class=\"styles_playlist__AdfYR\">\n<ul class=\"styles_videos__IxbCG\">\n<li class=\"styles_video__WPPDb\">\n<div class=\"playlist-drawer__video\" data-testid=\"playlist-drawer-video\">\n<div class=\"playlist-drawer__thumbnail\"><picture class=\"playlist-drawer__thumbnail\" data-testid=\"picture\"><source media=\"(min-width: 1000px)\" srcset=\"https:\/\/media-cldnry.s-nbcnews.com\/image\/upload\/t_focal-280x140,f_auto,q_auto:best\/mpx\/2704722219\/2025_05\/1747602885369_now_brk_gleason_biden_cancer_250518_1920x1080-11q6x2.jpg\"\/><source media=\"(min-width: 758px)\" srcset=\"https:\/\/media-cldnry.s-nbcnews.com\/image\/upload\/t_focal-760x380,f_auto,q_auto:best\/mpx\/2704722219\/2025_05\/1747602885369_now_brk_gleason_biden_cancer_250518_1920x1080-11q6x2.jpg\"\/><source media=\"(min-width: 320px)\" srcset=\"https:\/\/media-cldnry.s-nbcnews.com\/image\/upload\/t_focal-520x260,f_auto,q_auto:best\/mpx\/2704722219\/2025_05\/1747602885369_now_brk_gleason_biden_cancer_250518_1920x1080-11q6x2.jpg\"\/><img decoding=\"async\" loading=\"lazy\" src=\"https:\/\/media-cldnry.s-nbcnews.com\/image\/upload\/t_focal-520x260,f_auto,q_auto:best\/mpx\/2704722219\/2025_05\/1747602885369_now_brk_gleason_biden_cancer_250518_1920x1080-11q6x2.jpg\" alt=\"\"\/><\/picture><\/div>\n<p><h2 class=\"playlist-drawer__title\" data-testid=\"playlist-title\">El c\u00e1ncer de pr\u00f3stata de Biden &#8216;caracterizado por un puntaje de Gleason de 9&#8217;<\/h2>\n<p><span class=\"playlist-drawer__duration founders-mono\" data-testid=\"playlist-duration\">02:31<\/span><\/p>\n<\/div>\n<\/li>\n<li class=\"styles_video__WPPDb\">\n<div class=\"playlist-drawer__video\" data-testid=\"playlist-drawer-video\">\n<div class=\"playlist-drawer__thumbnail\">\n<p>Ahora jugando<\/p>\n<picture class=\"playlist-drawer__thumbnail\" data-testid=\"picture\"><source media=\"(min-width: 1000px)\" srcset=\"https:\/\/media-cldnry.s-nbcnews.com\/image\/upload\/t_focal-280x140,f_auto,q_auto:best\/mpx\/2704722219\/2025_05\/1747600504517_nbc_spec_biden_cancer_250518_1920x1080-5qylz0.jpg\"\/><source media=\"(min-width: 758px)\" srcset=\"https:\/\/media-cldnry.s-nbcnews.com\/image\/upload\/t_focal-760x380,f_auto,q_auto:best\/mpx\/2704722219\/2025_05\/1747600504517_nbc_spec_biden_cancer_250518_1920x1080-5qylz0.jpg\"\/><source media=\"(min-width: 320px)\" srcset=\"https:\/\/media-cldnry.s-nbcnews.com\/image\/upload\/t_focal-520x260,f_auto,q_auto:best\/mpx\/2704722219\/2025_05\/1747600504517_nbc_spec_biden_cancer_250518_1920x1080-5qylz0.jpg\"\/><img decoding=\"async\" loading=\"lazy\" src=\"https:\/\/media-cldnry.s-nbcnews.com\/image\/upload\/t_focal-520x260,f_auto,q_auto:best\/mpx\/2704722219\/2025_05\/1747600504517_nbc_spec_biden_cancer_250518_1920x1080-5qylz0.jpg\" alt=\"\"\/><\/picture><\/div>\n<p><h2 class=\"playlist-drawer__title\" data-testid=\"playlist-title\">Ex presidente Joe Biden diagnosticado con c\u00e1ncer de pr\u00f3stata<\/h2>\n<p><span class=\"playlist-drawer__duration founders-mono\" data-testid=\"playlist-duration\">00:53<\/span><\/p>\n<\/div>\n<\/li>\n<li class=\"styles_video__WPPDb\">\n<div class=\"playlist-drawer__video\" data-testid=\"playlist-drawer-video\">\n<p>A continuaci\u00f3n<\/p>\n<div class=\"playlist-drawer__thumbnail\"><picture class=\"playlist-drawer__thumbnail\" data-testid=\"picture\"><source media=\"(min-width: 1000px)\" srcset=\"https:\/\/media-cldnry.s-nbcnews.com\/image\/upload\/t_focal-280x140,f_auto,q_auto:best\/mpx\/2704722219\/2025_05\/1747222895503_tdy_news_7a_gabe_biden_250514_1920x1080-20hv87.jpg\"\/><source media=\"(min-width: 758px)\" srcset=\"https:\/\/media-cldnry.s-nbcnews.com\/image\/upload\/t_focal-760x380,f_auto,q_auto:best\/mpx\/2704722219\/2025_05\/1747222895503_tdy_news_7a_gabe_biden_250514_1920x1080-20hv87.jpg\"\/><source media=\"(min-width: 320px)\" srcset=\"https:\/\/media-cldnry.s-nbcnews.com\/image\/upload\/t_focal-520x260,f_auto,q_auto:best\/mpx\/2704722219\/2025_05\/1747222895503_tdy_news_7a_gabe_biden_250514_1920x1080-20hv87.jpg\"\/><img decoding=\"async\" loading=\"lazy\" src=\"https:\/\/media-cldnry.s-nbcnews.com\/image\/upload\/t_focal-520x260,f_auto,q_auto:best\/mpx\/2704722219\/2025_05\/1747222895503_tdy_news_7a_gabe_biden_250514_1920x1080-20hv87.jpg\" alt=\"\"\/><\/picture><\/div>\n<p><h2 class=\"playlist-drawer__title\" data-testid=\"playlist-title\">Detalles da\u00f1inos sobre la aptitud mental de Biden descrita en el nuevo libro<\/h2>\n<p><span class=\"playlist-drawer__duration founders-mono\" data-testid=\"playlist-duration\">02:44<\/span><\/p>\n<\/div>\n<\/li>\n<li class=\"styles_video__WPPDb\">\n<div class=\"playlist-drawer__video\" data-testid=\"playlist-drawer-video\">\n<div class=\"playlist-drawer__thumbnail\"><picture class=\"playlist-drawer__thumbnail\" data-testid=\"picture\"><source media=\"(min-width: 1000px)\" srcset=\"https:\/\/media-cldnry.s-nbcnews.com\/image\/upload\/t_focal-280x140,f_auto,q_auto:best\/mpx\/2704722219\/2025_05\/1747177831748_nn_ggu_biden_book_250513_1920x1080-48u0pz.jpg\"\/><source media=\"(min-width: 758px)\" srcset=\"https:\/\/media-cldnry.s-nbcnews.com\/image\/upload\/t_focal-760x380,f_auto,q_auto:best\/mpx\/2704722219\/2025_05\/1747177831748_nn_ggu_biden_book_250513_1920x1080-48u0pz.jpg\"\/><source media=\"(min-width: 320px)\" srcset=\"https:\/\/media-cldnry.s-nbcnews.com\/image\/upload\/t_focal-520x260,f_auto,q_auto:best\/mpx\/2704722219\/2025_05\/1747177831748_nn_ggu_biden_book_250513_1920x1080-48u0pz.jpg\"\/><img decoding=\"async\" loading=\"lazy\" src=\"https:\/\/media-cldnry.s-nbcnews.com\/image\/upload\/t_focal-520x260,f_auto,q_auto:best\/mpx\/2704722219\/2025_05\/1747177831748_nn_ggu_biden_book_250513_1920x1080-48u0pz.jpg\" alt=\"\"\/><\/picture><\/div>\n<p><h2 class=\"playlist-drawer__title\" data-testid=\"playlist-title\">Detalles da\u00f1inos sobre la aptitud mental de Biden en el nuevo libro<\/h2>\n<p><span class=\"playlist-drawer__duration founders-mono\" data-testid=\"playlist-duration\">01:15<\/span><\/p>\n<\/div>\n<\/li>\n<li class=\"styles_video__WPPDb\">\n<div class=\"playlist-drawer__video\" data-testid=\"playlist-drawer-video\">\n<div class=\"playlist-drawer__thumbnail\"><picture class=\"playlist-drawer__thumbnail\" data-testid=\"picture\"><source media=\"(min-width: 1000px)\" srcset=\"https:\/\/media-cldnry.s-nbcnews.com\/image\/upload\/t_focal-280x140,f_auto,q_auto:best\/mpx\/2704722219\/2025_05\/biden_bbc_intv-z22zt0.jpg\"\/><source media=\"(min-width: 758px)\" srcset=\"https:\/\/media-cldnry.s-nbcnews.com\/image\/upload\/t_focal-760x380,f_auto,q_auto:best\/mpx\/2704722219\/2025_05\/biden_bbc_intv-z22zt0.jpg\"\/><source media=\"(min-width: 320px)\" srcset=\"https:\/\/media-cldnry.s-nbcnews.com\/image\/upload\/t_focal-520x260,f_auto,q_auto:best\/mpx\/2704722219\/2025_05\/biden_bbc_intv-z22zt0.jpg\"\/><img decoding=\"async\" loading=\"lazy\" src=\"https:\/\/media-cldnry.s-nbcnews.com\/image\/upload\/t_focal-520x260,f_auto,q_auto:best\/mpx\/2704722219\/2025_05\/biden_bbc_intv-z22zt0.jpg\" alt=\"\"\/><\/picture><\/div>\n<p><h2 class=\"playlist-drawer__title\" data-testid=\"playlist-title\">Biden golpea el \u00abapaciguamiento\u00bb de Trump de Putin sobre la guerra de Ucrania<\/h2>\n<p><span class=\"playlist-drawer__duration founders-mono\" data-testid=\"playlist-duration\">01:40<\/span><\/p>\n<\/div>\n<\/li>\n<li class=\"styles_video__WPPDb\">\n<div class=\"playlist-drawer__video\" data-testid=\"playlist-drawer-video\">\n<div class=\"playlist-drawer__thumbnail\"><picture class=\"playlist-drawer__thumbnail\" data-testid=\"picture\"><source media=\"(min-width: 1000px)\" srcset=\"https:\/\/media-cldnry.s-nbcnews.com\/image\/upload\/t_focal-280x140,f_auto,q_auto:best\/mpx\/2704722219\/2025_04\/1744759772608_f_mo_biden_socialsecurity_250415_1920x1080-wp7knq.jpg\"\/><source media=\"(min-width: 758px)\" srcset=\"https:\/\/media-cldnry.s-nbcnews.com\/image\/upload\/t_focal-760x380,f_auto,q_auto:best\/mpx\/2704722219\/2025_04\/1744759772608_f_mo_biden_socialsecurity_250415_1920x1080-wp7knq.jpg\"\/><source media=\"(min-width: 320px)\" srcset=\"https:\/\/media-cldnry.s-nbcnews.com\/image\/upload\/t_focal-520x260,f_auto,q_auto:best\/mpx\/2704722219\/2025_04\/1744759772608_f_mo_biden_socialsecurity_250415_1920x1080-wp7knq.jpg\"\/><img decoding=\"async\" loading=\"lazy\" src=\"https:\/\/media-cldnry.s-nbcnews.com\/image\/upload\/t_focal-520x260,f_auto,q_auto:best\/mpx\/2704722219\/2025_04\/1744759772608_f_mo_biden_socialsecurity_250415_1920x1080-wp7knq.jpg\" alt=\"\"\/><\/picture><\/div>\n<p><h2 class=\"playlist-drawer__title\" data-testid=\"playlist-title\">Biden llama a los esfuerzos de la administraci\u00f3n Trump para reducir el Seguro Social<\/h2>\n<p><span class=\"playlist-drawer__duration founders-mono\" data-testid=\"playlist-duration\">02:28<\/span><\/p>\n<\/div>\n<\/li>\n<\/ul>\n<\/section>\n<\/div>\n<p><button class=\"styles_nextButton__vNvjX\" type=\"button\" data-testid=\"next-button\"><span class=\"icon icon-back\"\/><\/button><\/div>\n<\/div>\n<\/div>\n<\/div>\n\n","protected":false},"excerpt":{"rendered":"<p>IE 11 no es compatible. Para una experiencia \u00f3ptima, visite nuestro sitio en otro navegador. El c\u00e1ncer de pr\u00f3stata de Biden &#8216;caracterizado por un puntaje de Gleason de 9&#8217; 02:31 Ahora jugando Ex presidente Joe Biden diagnosticado con c\u00e1ncer de pr\u00f3stata 00:53 A continuaci\u00f3n Detalles da\u00f1inos sobre la aptitud mental de Biden descrita en el &hellip;<\/p>\n","protected":false},"author":1,"featured_media":27857,"comment_status":"open","ping_status":"open","sticky":false,"template":"","format":"standard","meta":{"fifu_image_url":"https:\/\/media-cldnry.s-nbcnews.com\/image\/upload\/t_nbcnews-fp-1200-630,f_auto,q_auto:best\/mpx\/2704722219\/2025_05\/1747600504517_nbc_spec_biden_cancer_250518_1920x1080-5qylz0.jpg","fifu_image_alt":"","footnotes":""},"categories":[4],"tags":[],"class_list":["post-27855","post","type-post","status-publish","format-standard","has-post-thumbnail","","category-historias-destacadas"],"_links":{"self":[{"href":"https:\/\/noticiasveraces.com\/index.php?rest_route=\/wp\/v2\/posts\/27855","targetHints":{"allow":["GET"]}}],"collection":[{"href":"https:\/\/noticiasveraces.com\/index.php?rest_route=\/wp\/v2\/posts"}],"about":[{"href":"https:\/\/noticiasveraces.com\/index.php?rest_route=\/wp\/v2\/types\/post"}],"author":[{"embeddable":true,"href":"https:\/\/noticiasveraces.com\/index.php?rest_route=\/wp\/v2\/users\/1"}],"replies":[{"embeddable":true,"href":"https:\/\/noticiasveraces.com\/index.php?rest_route=%2Fwp%2Fv2%2Fcomments&post=27855"}],"version-history":[{"count":0,"href":"https:\/\/noticiasveraces.com\/index.php?rest_route=\/wp\/v2\/posts\/27855\/revisions"}],"wp:featuredmedia":[{"embeddable":true,"href":"https:\/\/noticiasveraces.com\/index.php?rest_route=\/wp\/v2\/media\/27857"}],"wp:attachment":[{"href":"https:\/\/noticiasveraces.com\/index.php?rest_route=%2Fwp%2Fv2%2Fmedia&parent=27855"}],"wp:term":[{"taxonomy":"category","embeddable":true,"href":"https:\/\/noticiasveraces.com\/index.php?rest_route=%2Fwp%2Fv2%2Fcategories&post=27855"},{"taxonomy":"post_tag","embeddable":true,"href":"https:\/\/noticiasveraces.com\/index.php?rest_route=%2Fwp%2Fv2%2Ftags&post=27855"}],"curies":[{"name":"wp","href":"https:\/\/api.w.org\/{rel}","templated":true}]}}