{"id":27840,"date":"2025-05-18T15:51:37","date_gmt":"2025-05-18T19:51:37","guid":{"rendered":"https:\/\/noticiasveraces.com\/?p=27840"},"modified":"2025-05-18T15:51:37","modified_gmt":"2025-05-18T19:51:37","slug":"nicusor-dan-ganaria-presidenciales-de-rumania-segun-sondeos-dw-18-05-2025","status":"publish","type":"post","link":"https:\/\/noticiasveraces.com\/?p=27840","title":{"rendered":"Nicusor Dan ganar\u00eda presidenciales de Ruman\u00eda, seg\u00fan sondeos \u2013 DW \u2013 18\/05\/2025"},"content":{"rendered":"<p> \n<\/p>\n<div>\n<p>Las encuestas tras el cierre de las urnas este domingo (18.05.2025) en la segunda vuelta de las presidenciales de Ruman\u00eda sit\u00faan en cabeza al europe\u00edsta independiente Nicusor Dan, aunque sin incluir el decisivo voto de la di\u00e1spora, que en la primera ronda favoreci\u00f3 de forma clara al ultranacionalista George Simion.<\/p>\n<p>Seg\u00fan dos proyecciones difundidas por el canal informativo Digi24, Dan habr\u00eda obtenido en una el 54,1\u2009% y Simion el 45,9\u2009%, mientras que el otro sondeo daba al candidato europe\u00edsta el 54,9\u2009% y al ultra el 45,1\u2009%. Dan dijo que la sociedad rumana ha mostrado una fuerza impresionante tras conocer que los primeros sondeos lo sit\u00faan por delante de Simion, un admirador de Donald Trump.<\/p>\n<p>Simion, l\u00edder del partido nacionalista AUR y que part\u00eda como favorito, reivindic\u00f3 sin embargo su victoria alegando \u00abfraude\u00bb. Los analistas llaman a la cautela, recordando que estos sondeos han registrado errores importantes en el pasado y queda por contabilizar el voto de los rumanos emigrados, de los cuales en la primera vuelta el 60\u2009% se inclin\u00f3 por Simion.<\/p>\n<p>La jornada ha estado marcada por una alta participaci\u00f3n y las acusaciones de fraude, desmentidas por las autoridades rumanas, que, a su vez, apuntan que existen de nuevo indicios de injerencia rusa en el proceso electoral. El a\u00f1o pasado, el Tribunal Constitucional anul\u00f3 las elecciones tras, precisamente, acusaciones de injerencia rusa, que Mosc\u00fa neg\u00f3.<\/p>\n<p>LGC (EFE, RTR, AFP)<\/p>\n<\/div>\n\n","protected":false},"excerpt":{"rendered":"<p>Las encuestas tras el cierre de las urnas este domingo (18.05.2025) en la segunda vuelta de las presidenciales de Ruman\u00eda sit\u00faan en cabeza al europe\u00edsta independiente Nicusor Dan, aunque sin incluir el decisivo voto de la di\u00e1spora, que en la primera ronda favoreci\u00f3 de forma clara al ultranacionalista George Simion. Seg\u00fan dos proyecciones difundidas por &hellip;<\/p>\n","protected":false},"author":1,"featured_media":27841,"comment_status":"open","ping_status":"open","sticky":false,"template":"","format":"standard","meta":{"fifu_image_url":"https:\/\/static.dw.com\/image\/72554469_6.jpg","fifu_image_alt":"","footnotes":""},"categories":[13],"tags":[],"class_list":["post-27840","post","type-post","status-publish","format-standard","has-post-thumbnail","","category-mundo"],"_links":{"self":[{"href":"https:\/\/noticiasveraces.com\/index.php?rest_route=\/wp\/v2\/posts\/27840","targetHints":{"allow":["GET"]}}],"collection":[{"href":"https:\/\/noticiasveraces.com\/index.php?rest_route=\/wp\/v2\/posts"}],"about":[{"href":"https:\/\/noticiasveraces.com\/index.php?rest_route=\/wp\/v2\/types\/post"}],"author":[{"embeddable":true,"href":"https:\/\/noticiasveraces.com\/index.php?rest_route=\/wp\/v2\/users\/1"}],"replies":[{"embeddable":true,"href":"https:\/\/noticiasveraces.com\/index.php?rest_route=%2Fwp%2Fv2%2Fcomments&post=27840"}],"version-history":[{"count":0,"href":"https:\/\/noticiasveraces.com\/index.php?rest_route=\/wp\/v2\/posts\/27840\/revisions"}],"wp:featuredmedia":[{"embeddable":true,"href":"https:\/\/noticiasveraces.com\/index.php?rest_route=\/wp\/v2\/media\/27841"}],"wp:attachment":[{"href":"https:\/\/noticiasveraces.com\/index.php?rest_route=%2Fwp%2Fv2%2Fmedia&parent=27840"}],"wp:term":[{"taxonomy":"category","embeddable":true,"href":"https:\/\/noticiasveraces.com\/index.php?rest_route=%2Fwp%2Fv2%2Fcategories&post=27840"},{"taxonomy":"post_tag","embeddable":true,"href":"https:\/\/noticiasveraces.com\/index.php?rest_route=%2Fwp%2Fv2%2Ftags&post=27840"}],"curies":[{"name":"wp","href":"https:\/\/api.w.org\/{rel}","templated":true}]}}