{"id":27828,"date":"2025-05-18T13:44:39","date_gmt":"2025-05-18T17:44:39","guid":{"rendered":"https:\/\/noticiasveraces.com\/?p=27828"},"modified":"2025-05-18T13:44:39","modified_gmt":"2025-05-18T17:44:39","slug":"israel-anuncia-nueva-operacion-terrestre-en-gaza-dw-18-05-2025","status":"publish","type":"post","link":"https:\/\/noticiasveraces.com\/?p=27828","title":{"rendered":"Israel anuncia nueva operaci\u00f3n terrestre en Gaza \u2013 DW \u2013 18\/05\/2025"},"content":{"rendered":"<p> \n<\/p>\n<div>\n<p>El Ej\u00e9rcito de Israel confirm\u00f3 este domingo (18.05.2025) que su nueva operaci\u00f3n terrestre denominada \u00abCarros de Gede\u00f3n\u00bb en la Franja de Gaza comenz\u00f3 con incursiones terrestres tanto en el norte como en el sur del enclave palestino. \u00abDurante el \u00faltimo d\u00eda, tropas bajo el Comando Sur, incluyendo tanto a personal en servicio activo como a reservistas, iniciaron extensas operaciones terrestres en el norte y sur de la Franja de Gaza como parte de la Operaci\u00f3n &#8216;Carros de Gede\u00f3n\u00bb, recoge un comunicado castrense.<\/p>\n<p>El anuncio se produce\u00a0despu\u00e9s de que el Ej\u00e9rcito intensificara la nueva\u00a0campa\u00f1a a\u00e9rea y terrestre en Gaza lanzada desde el viernes y anunciada hace unos d\u00edas, que seg\u00fan dice tiene como objetivo asegurar la liberaci\u00f3n de rehenes israel\u00edes retenidos por Ham\u00e1s y derrotar a este movimiento islamista palestino, considerado una organizaci\u00f3n terrorista tanto por Israel como por otros pa\u00edses, en una escalada que ha sido muy criticada internacionalmente.<\/p>\n<h2>Hospitales golpeados<\/h2>\n<p>La campa\u00f1a de bombardeos a\u00e9reos intensos, concentrados sobre todo en el norte de la Franja, lanzados por Israel sin descanso desde el pasado martes, ha causado desde entonces centenares de muertos diariamente. Hay al menos 107 muertos desde la medianoche del s\u00e1bado hasta el mediod\u00eda de este domingo, en nuevos ataques israel\u00edes, algunos de los cuales golpearon tiendas de campa\u00f1a de desplazados en el sur de la Franja, inform\u00f3 el Ministerio de Salud gazat\u00ed.<\/p>\n<p>El director general de hospitales de Gaza, Muhamed Zaqout, en una entrevista con el canal catar\u00ed Al Jazeera, advirti\u00f3 este domingo de que muchos de estos bombardeos han atacado \u00abdirectamente\u00bb a varios hospitales como el Europeo, el \u00fanico que prestaba servicios oncol\u00f3gicos, el Indonesio y el Awda.\u00a0 \u00abEl Hospital Europeo de Gaza fue bombardeado con 14 cohetes, destruyendo la infraestructura y las l\u00edneas de ox\u00edgeno, complicando las posibilidades de reapertura del hospital\u00bb, record\u00f3. Por otra parte, avis\u00f3 de que el veto a la entrada de ayuda humanitaria ha provocado \u00abla muerte de 57 ni\u00f1os y el registro de casos de inmunodeficiencia y diarrea cr\u00f3nica entre ellos\u00bb.<\/p>\n<p><span data-slot-id=\"Article_InContent-1\" class=\"rich-text-ad\"\/><\/p>\n<h2>\u00abUna oleada preliminar de ataques\u00bb<\/h2>\n<p>El Ej\u00e9rcito israel\u00ed, en su nota, habla de haber llevado a cabo \u00abuna oleada preliminar de ataques\u00bb en la que \u00abalcanz\u00f3 m\u00e1s de 670 objetivos terroristas de Ham\u00e1s en toda la Franja\u00bb que apoyan sus incursiones terrestres. Poco despu\u00e9s del anuncio del Ej\u00e9rcito, se escucharon las sirenas antia\u00e9reas en Kissufim, en el sur de Israel, cerca de Gaza, indic\u00f3 la instituci\u00f3n militar. El propio Ej\u00e9rcito confirm\u00f3 espu\u00e9s que dos cohetes fueron lanzados desde Gaza contra territorio israel\u00ed, sin ocasionar una situaci\u00f3n de riesgo.<\/p>\n<p>El primer ministro israel\u00ed,\u00a0Benjam\u00edn Netanyahu, dijo hoy que estaba abierto a un acuerdo que incluya el fin de la ofensiva, aunque afirm\u00f3 que \u00e9ste debe incluir el \u00abexilio\u00bb de Ham\u00e1s y el \u00abdesarme\u00bb del territorio, devastado por m\u00e1s de 19 meses de guerra, demandas que hasta ahora han sido rechazadas por el movimiento palestino.<\/p>\n<p>LGC (EFE, AFP)<\/p>\n<\/div>\n\n","protected":false},"excerpt":{"rendered":"<p>El Ej\u00e9rcito de Israel confirm\u00f3 este domingo (18.05.2025) que su nueva operaci\u00f3n terrestre denominada \u00abCarros de Gede\u00f3n\u00bb en la Franja de Gaza comenz\u00f3 con incursiones terrestres tanto en el norte como en el sur del enclave palestino. \u00abDurante el \u00faltimo d\u00eda, tropas bajo el Comando Sur, incluyendo tanto a personal en servicio activo como a &hellip;<\/p>\n","protected":false},"author":1,"featured_media":27829,"comment_status":"open","ping_status":"open","sticky":false,"template":"","format":"standard","meta":{"fifu_image_url":"https:\/\/static.dw.com\/image\/72581719_6.jpg","fifu_image_alt":"","footnotes":""},"categories":[13],"tags":[],"class_list":["post-27828","post","type-post","status-publish","format-standard","has-post-thumbnail","","category-mundo"],"_links":{"self":[{"href":"https:\/\/noticiasveraces.com\/index.php?rest_route=\/wp\/v2\/posts\/27828","targetHints":{"allow":["GET"]}}],"collection":[{"href":"https:\/\/noticiasveraces.com\/index.php?rest_route=\/wp\/v2\/posts"}],"about":[{"href":"https:\/\/noticiasveraces.com\/index.php?rest_route=\/wp\/v2\/types\/post"}],"author":[{"embeddable":true,"href":"https:\/\/noticiasveraces.com\/index.php?rest_route=\/wp\/v2\/users\/1"}],"replies":[{"embeddable":true,"href":"https:\/\/noticiasveraces.com\/index.php?rest_route=%2Fwp%2Fv2%2Fcomments&post=27828"}],"version-history":[{"count":0,"href":"https:\/\/noticiasveraces.com\/index.php?rest_route=\/wp\/v2\/posts\/27828\/revisions"}],"wp:featuredmedia":[{"embeddable":true,"href":"https:\/\/noticiasveraces.com\/index.php?rest_route=\/wp\/v2\/media\/27829"}],"wp:attachment":[{"href":"https:\/\/noticiasveraces.com\/index.php?rest_route=%2Fwp%2Fv2%2Fmedia&parent=27828"}],"wp:term":[{"taxonomy":"category","embeddable":true,"href":"https:\/\/noticiasveraces.com\/index.php?rest_route=%2Fwp%2Fv2%2Fcategories&post=27828"},{"taxonomy":"post_tag","embeddable":true,"href":"https:\/\/noticiasveraces.com\/index.php?rest_route=%2Fwp%2Fv2%2Ftags&post=27828"}],"curies":[{"name":"wp","href":"https:\/\/api.w.org\/{rel}","templated":true}]}}