{"id":27817,"date":"2025-05-18T11:41:15","date_gmt":"2025-05-18T15:41:15","guid":{"rendered":"https:\/\/noticiasveraces.com\/?p=27817"},"modified":"2025-05-18T11:41:15","modified_gmt":"2025-05-18T15:41:15","slug":"galeria-de-fotos-papa-leo-xiv-en-su-misa-inaugural-en-el-vaticano","status":"publish","type":"post","link":"https:\/\/noticiasveraces.com\/?p=27817","title":{"rendered":"Galer\u00eda de fotos: Papa Leo XIV en su misa inaugural en el Vaticano"},"content":{"rendered":"<p> \n<\/p>\n<div id=\"\"><!----> <!----> <\/p>\n<header organizationurl=\"https:\/\/www.foxnews.com\" class=\"article-header\">\n<div class=\"article-meta article-meta-upper\"><span class=\"eyebrow\">Papa Leo XIV<\/span>  <\/p>\n<h2 class=\"sub-headline speakable\">Una galer\u00eda de im\u00e1genes que muestra a Leo antes y durante su misa inaugural<\/h2>\n<\/div>\n<p> <!---->  <\/p>\n<p><span class=\"article-date\"><\/p>\n<p>      Publicado<br \/>\n      <time> 18 de mayo de 2025 10:51 AM EDT<\/time><\/span> <!----><\/p>\n<\/header>\n<div class=\"article-content-wrap sticky-columns\">\n<div class=\"article-content\">\n<div class=\"article-body\">\n<div type=\"featured\" class=\"featured featured-image\">\n<div class=\"content\">\n<div class=\"slides\">\n<ul class=\"slide-container\">\n<fieldset id=\"radio-btn-0\">\n<div imageid=\"cf5d16f1-a515-564f-b35d-34e8378eb91d\" imageorig=\"https:\/\/static.foxnews.com\/foxnews.com\/content\/uploads\/2025\/05\/pope-leo-1.jpg\" imagefull=\"https:\/\/a57.foxnews.com\/static.foxnews.com\/foxnews.com\/content\/uploads\/2025\/05\/1920\/1080\/pope-leo-1.jpg?ve=1&amp;tl=1\" imagethumb=\"https:\/\/a57.foxnews.com\/static.foxnews.com\/foxnews.com\/content\/uploads\/2025\/05\/96\/96\/pope-leo-1.jpg?ve=1&amp;tl=1\" responsiveimages=\"[object Object],[object Object],[object Object],[object Object]\" source=\"[object Object]\"><input id=\"img-1\" name=\"radio-btn-0\" type=\"radio\" checked=\"checked\"\/> <\/p>\n<li class=\"slide\">\n<div class=\"m\"><picture><img decoding=\"async\" src=\"https:\/\/a57.foxnews.com\/static.foxnews.com\/foxnews.com\/content\/uploads\/2025\/05\/918\/516\/pope-leo-1.jpg?ve=1&amp;tl=1\" alt=\"Papa Leo XIV el 18 de mayo de 2025\"\/><\/picture>\n<p>Imagen 1 de 11<\/p>\n<p><!----> <label for=\"img-2\" class=\"next\"><\/p>\n<p>          pr\u00f3ximo<br \/>\n        <\/label><\/p>\n<\/div>\n<div class=\"info\">\n<div class=\"caption\">\n<p><span>El Papa Leo XIV, en su Popemobile, gira por la Plaza de San Pedro en el Vaticano antes de la masa inaugural de su pontificado, domingo 18 de mayo de 2025.<\/span> <span>(Andrew Medichini)<\/span><\/p>\n<\/div>\n<\/div>\n<\/li>\n<\/div>\n<div imageid=\"e0305dd8-e142-51ac-927a-2a88758342e4\" imageorig=\"https:\/\/static.foxnews.com\/foxnews.com\/content\/uploads\/2025\/05\/pope-leo-2.jpg\" imagefull=\"https:\/\/a57.foxnews.com\/static.foxnews.com\/foxnews.com\/content\/uploads\/2025\/05\/1920\/1080\/pope-leo-2.jpg?ve=1&amp;tl=1\" imagethumb=\"https:\/\/a57.foxnews.com\/static.foxnews.com\/foxnews.com\/content\/uploads\/2025\/05\/96\/96\/pope-leo-2.jpg?ve=1&amp;tl=1\" responsiveimages=\"[object Object],[object Object],[object Object],[object Object]\" source=\"[object Object]\"><input id=\"img-2\" name=\"radio-btn-0\" type=\"radio\"\/> <\/p>\n<li class=\"slide\">\n<div class=\"m\"><picture><img decoding=\"async\" src=\"https:\/\/a57.foxnews.com\/static.foxnews.com\/foxnews.com\/content\/uploads\/2025\/05\/918\/516\/pope-leo-2.jpg?ve=1&amp;tl=1\" alt=\"Papa Leo XIV en Popemobile\"\/><\/picture>\n<p>Imagen 2 de 11<\/p>\n<p><label for=\"img-1\" class=\"prev\"><\/p>\n<p>          previsamente<br \/>\n        <\/label> <label for=\"img-3\" class=\"next\"><\/p>\n<p>          pr\u00f3ximo<br \/>\n        <\/label><\/p>\n<\/div>\n<div class=\"info\">\n<div class=\"caption\">\n<p><span>El Papa Leo XIV en su Popemobile Tours St. Peter&#8217;s Square en el Vaticano antes de la masa inaugural de su pontificado, domingo 18 de mayo de 2025.<\/span> <span>(Domenico Stinellis)<\/span><\/p>\n<\/div>\n<\/div>\n<\/li>\n<\/div>\n<div imageid=\"39805ce9-2ac2-559f-b737-b03a3dd9ffb0\" imageorig=\"https:\/\/static.foxnews.com\/foxnews.com\/content\/uploads\/2025\/05\/cardinals-pope-leo-xiv-inaugural-mass.jpg\" imagefull=\"https:\/\/a57.foxnews.com\/static.foxnews.com\/foxnews.com\/content\/uploads\/2025\/05\/1920\/1080\/cardinals-pope-leo-xiv-inaugural-mass.jpg?ve=1&amp;tl=1\" imagethumb=\"https:\/\/a57.foxnews.com\/static.foxnews.com\/foxnews.com\/content\/uploads\/2025\/05\/96\/96\/cardinals-pope-leo-xiv-inaugural-mass.jpg?ve=1&amp;tl=1\" responsiveimages=\"[object Object],[object Object],[object Object],[object Object]\" source=\"[object Object]\"><input id=\"img-3\" name=\"radio-btn-0\" type=\"radio\"\/> <\/p>\n<li class=\"slide\">\n<div class=\"m\"><picture><img decoding=\"async\" src=\"https:\/\/a57.foxnews.com\/static.foxnews.com\/foxnews.com\/content\/uploads\/2025\/05\/918\/516\/cardinals-pope-leo-xiv-inaugural-mass.jpg?ve=1&amp;tl=1\" alt=\"Los cardenales vestidos de blanco proceden a la misa inaugural del Papa Leo XIV.\"\/><\/picture>\n<p>Imagen 3 de 11<\/p>\n<p><label for=\"img-2\" class=\"prev\"><\/p>\n<p>          previsamente<br \/>\n        <\/label> <label for=\"img-4\" class=\"next\"><\/p>\n<p>          pr\u00f3ximo<br \/>\n        <\/label><\/p>\n<\/div>\n<div class=\"info\">\n<div class=\"caption\">\n<p><span>Los cardenales toman sus lugares durante la masa inaugural del Pontificado del Papa Leo XIV en la Plaza de San Pedro en el Vaticano, el 18 de mayo de 2025.<\/span> <span>(AP Photo\/Jacquelyn Martin, Pool)<\/span><\/p>\n<\/div>\n<\/div>\n<\/li>\n<\/div>\n<div imageid=\"a025e7b8-4f4f-5c5c-8561-18d4eeb78fae\" imageorig=\"https:\/\/static.foxnews.com\/foxnews.com\/content\/uploads\/2025\/05\/crowd-pope-leo-xiv-inaugural-mass.jpg\" imagefull=\"https:\/\/a57.foxnews.com\/static.foxnews.com\/foxnews.com\/content\/uploads\/2025\/05\/1920\/1080\/crowd-pope-leo-xiv-inaugural-mass.jpg?ve=1&amp;tl=1\" imagethumb=\"https:\/\/a57.foxnews.com\/static.foxnews.com\/foxnews.com\/content\/uploads\/2025\/05\/96\/96\/crowd-pope-leo-xiv-inaugural-mass.jpg?ve=1&amp;tl=1\" responsiveimages=\"[object Object],[object Object],[object Object],[object Object]\" source=\"[object Object]\"><input id=\"img-4\" name=\"radio-btn-0\" type=\"radio\"\/> <\/p>\n<li class=\"slide\">\n<div class=\"m\"><picture><img decoding=\"async\" src=\"https:\/\/a57.foxnews.com\/static.foxnews.com\/foxnews.com\/content\/uploads\/2025\/05\/918\/516\/crowd-pope-leo-xiv-inaugural-mass.jpg?ve=1&amp;tl=1\" alt=\"Una gran multitud se re\u00fane para la misa inaugural del Papa Leo XIV.\"\/><\/picture>\n<p>Imagen 4 de 11<\/p>\n<p><label for=\"img-3\" class=\"prev\"><\/p>\n<p>          previsamente<br \/>\n        <\/label> <label for=\"img-5\" class=\"next\"><\/p>\n<p>          pr\u00f3ximo<br \/>\n        <\/label><\/p>\n<\/div>\n<div class=\"info\">\n<div class=\"caption\">\n<p><span>El Papa Leo XIV, en su Popemobile, Bottom, recorre la Plaza de San Pedro en el Vaticano antes de la masa inaugural de su pontificado, el 18 de mayo de 2025.<\/span> <span>(AP Photo\/Domenico Stinellis)<\/span><\/p>\n<\/div>\n<\/div>\n<\/li>\n<\/div>\n<div imageid=\"251b5af1-40c9-51ea-865b-228a75c3370c\" imageorig=\"https:\/\/static.foxnews.com\/foxnews.com\/content\/uploads\/2025\/05\/jd-vance-usha-vance-pope-leo-xiv-inaugural-mass.jpg\" imagefull=\"https:\/\/a57.foxnews.com\/static.foxnews.com\/foxnews.com\/content\/uploads\/2025\/05\/1920\/1080\/jd-vance-usha-vance-pope-leo-xiv-inaugural-mass.jpg?ve=1&amp;tl=1\" imagethumb=\"https:\/\/a57.foxnews.com\/static.foxnews.com\/foxnews.com\/content\/uploads\/2025\/05\/96\/96\/jd-vance-usha-vance-pope-leo-xiv-inaugural-mass.jpg?ve=1&amp;tl=1\" responsiveimages=\"[object Object],[object Object],[object Object],[object Object]\" source=\"[object Object]\"><input id=\"img-5\" name=\"radio-btn-0\" type=\"radio\"\/> <\/p>\n<li class=\"slide\">\n<div class=\"m\"><picture><img decoding=\"async\" src=\"https:\/\/a57.foxnews.com\/static.foxnews.com\/foxnews.com\/content\/uploads\/2025\/05\/918\/516\/jd-vance-usha-vance-pope-leo-xiv-inaugural-mass.jpg?ve=1&amp;tl=1\" alt=\"JD Vance y Usha Vance en la misa inaugural del Papa Leo XIV.\"\/><\/picture>\n<p>Imagen 5 de 11<\/p>\n<p><label for=\"img-4\" class=\"prev\"><\/p>\n<p>          previsamente<br \/>\n        <\/label> <label for=\"img-6\" class=\"next\"><\/p>\n<p>          pr\u00f3ximo<br \/>\n        <\/label><\/p>\n<\/div>\n<div class=\"info\">\n<div class=\"caption\">\n<p><span>El vicepresidente JD Vance y la segunda dama Usha Vance asisten a la misa inaugural del Pontificado del Papa Leo XIV en la Plaza de San Pedro en el Vaticano, el 18 de mayo de 2025.<\/span> <span>(AP Photo\/Jacquelyn Martin, Pool)<\/span><\/p>\n<\/div>\n<\/div>\n<\/li>\n<\/div>\n<div imageid=\"ea2afe96-5271-51f0-ba3e-8890c2e17bad\" imageorig=\"https:\/\/static.foxnews.com\/foxnews.com\/content\/uploads\/2025\/05\/pope-leo-xiv-waves-inaugural-mass.jpg\" imagefull=\"https:\/\/a57.foxnews.com\/static.foxnews.com\/foxnews.com\/content\/uploads\/2025\/05\/1920\/1080\/pope-leo-xiv-waves-inaugural-mass.jpg?ve=1&amp;tl=1\" imagethumb=\"https:\/\/a57.foxnews.com\/static.foxnews.com\/foxnews.com\/content\/uploads\/2025\/05\/96\/96\/pope-leo-xiv-waves-inaugural-mass.jpg?ve=1&amp;tl=1\" responsiveimages=\"[object Object],[object Object],[object Object],[object Object]\" source=\"[object Object]\"><input id=\"img-6\" name=\"radio-btn-0\" type=\"radio\"\/> <\/p>\n<li class=\"slide\">\n<div class=\"m\"><picture><img decoding=\"async\" src=\"https:\/\/a57.foxnews.com\/static.foxnews.com\/foxnews.com\/content\/uploads\/2025\/05\/918\/516\/pope-leo-xiv-waves-inaugural-mass.jpg?ve=1&amp;tl=1\" alt=\"Ondas del Papa Leo XIV.\"\/><\/picture>\n<p>Imagen 6 de 11<\/p>\n<p><label for=\"img-5\" class=\"prev\"><\/p>\n<p>          previsamente<br \/>\n        <\/label> <label for=\"img-7\" class=\"next\"><\/p>\n<p>          pr\u00f3ximo<br \/>\n        <\/label><\/p>\n<\/div>\n<div class=\"info\">\n<div class=\"caption\">\n<p><span>El Papa Leo XIV mantiene misa durante la inauguraci\u00f3n formal de su pontificado en la Plaza de San Pedro a la que asistieron jefes de estado, regal\u00edas y fieles ordinarios, el 18 de mayo de 2025.<\/span> <span>(Photo AP\/Alessandra Tarantino)<\/span><\/p>\n<\/div>\n<\/div>\n<\/li>\n<\/div>\n<div imageid=\"e6d8a691-3eb4-5350-8700-087a3577b1d2\" imageorig=\"https:\/\/static.foxnews.com\/foxnews.com\/content\/uploads\/2025\/05\/pope-leo-xiv-with-baby.jpg\" imagefull=\"https:\/\/a57.foxnews.com\/static.foxnews.com\/foxnews.com\/content\/uploads\/2025\/05\/1920\/1080\/pope-leo-xiv-with-baby.jpg?ve=1&amp;tl=1\" imagethumb=\"https:\/\/a57.foxnews.com\/static.foxnews.com\/foxnews.com\/content\/uploads\/2025\/05\/96\/96\/pope-leo-xiv-with-baby.jpg?ve=1&amp;tl=1\" responsiveimages=\"[object Object],[object Object],[object Object],[object Object]\" source=\"[object Object]\"><input id=\"img-7\" name=\"radio-btn-0\" type=\"radio\"\/> <\/p>\n<li class=\"slide\">\n<div class=\"m\"><picture><img decoding=\"async\" src=\"https:\/\/a57.foxnews.com\/static.foxnews.com\/foxnews.com\/content\/uploads\/2025\/05\/918\/516\/pope-leo-xiv-with-baby.jpg?ve=1&amp;tl=1\" alt=\"El Papa Leo XIV sostiene un beb\u00e9 por delante de su misa inaugural.\"\/><\/picture>\n<p>Imagen 7 de 11<\/p>\n<p><label for=\"img-6\" class=\"prev\"><\/p>\n<p>          previsamente<br \/>\n        <\/label> <label for=\"img-8\" class=\"next\"><\/p>\n<p>          pr\u00f3ximo<br \/>\n        <\/label><\/p>\n<\/div>\n<div class=\"info\">\n<div class=\"caption\">\n<p><span>El Papa Leo XIV con un beb\u00e9 en su Popemobile mientras recorre la Plaza de San Pedro en el Vaticano antes de la masa inaugural de su pontificado, el 18 de mayo de 2025.<\/span> <span>(AP Photo\/Domenico Stinellis)<\/span><\/p>\n<\/div>\n<\/div>\n<\/li>\n<\/div>\n<div imageid=\"61e1a6e6-3395-57e0-a638-bb1c1ed66429\" imageorig=\"https:\/\/static.foxnews.com\/foxnews.com\/content\/uploads\/2025\/05\/ring-of-the-fisherman-pope-leo-xiv-inaugural-mass.jpg\" imagefull=\"https:\/\/a57.foxnews.com\/static.foxnews.com\/foxnews.com\/content\/uploads\/2025\/05\/1920\/1080\/ring-of-the-fisherman-pope-leo-xiv-inaugural-mass.jpg?ve=1&amp;tl=1\" imagethumb=\"https:\/\/a57.foxnews.com\/static.foxnews.com\/foxnews.com\/content\/uploads\/2025\/05\/96\/96\/ring-of-the-fisherman-pope-leo-xiv-inaugural-mass.jpg?ve=1&amp;tl=1\" responsiveimages=\"[object Object],[object Object],[object Object],[object Object]\" source=\"[object Object]\"><input id=\"img-8\" name=\"radio-btn-0\" type=\"radio\"\/> <\/p>\n<li class=\"slide\">\n<div class=\"m\"><picture><img decoding=\"async\" src=\"https:\/\/a57.foxnews.com\/static.foxnews.com\/foxnews.com\/content\/uploads\/2025\/05\/918\/516\/ring-of-the-fisherman-pope-leo-xiv-inaugural-mass.jpg?ve=1&amp;tl=1\" alt=\"El cardenal Luis Antonio Tagle coloca el anillo del pescador en el dedo del Papa Leo XIV.\"\/><\/picture>\n<p>Imagen 8 de 11<\/p>\n<p><label for=\"img-7\" class=\"prev\"><\/p>\n<p>          previsamente<br \/>\n        <\/label> <label for=\"img-9\" class=\"next\"><\/p>\n<p>          pr\u00f3ximo<br \/>\n        <\/label><\/p>\n<\/div>\n<div class=\"info\">\n<div class=\"caption\">\n<p><span>El cardenal Luis Antonio Tagle, segundo a la derecha, coloca el anillo del pescador en el dedo del Papa Leo XIV mientras el pont\u00edfice celebra una masa para la inauguraci\u00f3n formal de su pontificado en la Plaza de San Pedro en el Vaticano, el 18 de mayo de 2025.<\/span> <span>(AP Photo\/Jacquelyn Martin, Pool)<\/span><\/p>\n<\/div>\n<\/div>\n<\/li>\n<\/div>\n<div imageid=\"c9934f1c-6b3f-5728-9991-22e31d6547a5\" imageorig=\"https:\/\/static.foxnews.com\/foxnews.com\/content\/uploads\/2025\/05\/pope-leo-xiv-at-his-inaugural-mass.jpg\" imagefull=\"https:\/\/a57.foxnews.com\/static.foxnews.com\/foxnews.com\/content\/uploads\/2025\/05\/1920\/1080\/pope-leo-xiv-at-his-inaugural-mass.jpg?ve=1&amp;tl=1\" imagethumb=\"https:\/\/a57.foxnews.com\/static.foxnews.com\/foxnews.com\/content\/uploads\/2025\/05\/96\/96\/pope-leo-xiv-at-his-inaugural-mass.jpg?ve=1&amp;tl=1\" responsiveimages=\"[object Object],[object Object],[object Object],[object Object]\" source=\"[object Object]\"><input id=\"img-9\" name=\"radio-btn-0\" type=\"radio\"\/> <\/p>\n<li class=\"slide\">\n<div class=\"m\"><picture><img decoding=\"async\" src=\"https:\/\/a57.foxnews.com\/static.foxnews.com\/foxnews.com\/content\/uploads\/2025\/05\/918\/516\/pope-leo-xiv-at-his-inaugural-mass.jpg?ve=1&amp;tl=1\" alt=\"Papa Leo XIV Inauguration Mass\"\/><\/picture>\n<p>Imagen 9 de 11<\/p>\n<p><label for=\"img-8\" class=\"prev\"><\/p>\n<p>          previsamente<br \/>\n        <\/label> <label for=\"img-10\" class=\"next\"><\/p>\n<p>          pr\u00f3ximo<br \/>\n        <\/label><\/p>\n<\/div>\n<div class=\"info\">\n<div class=\"caption\">\n<p><span>El Papa Leo XIV (anteriormente cardenal Robert Francis Prevost) presidi\u00f3 su misa de inauguraci\u00f3n en la Plaza de San Pedro despu\u00e9s de su elecci\u00f3n el 18 de mayo.<\/span> <span>(Franco Origlia\/Getty Images)<\/span><\/p>\n<\/div>\n<\/div>\n<\/li>\n<\/div>\n<div imageid=\"5a45604a-9f89-590a-a578-106c88555f38\" imageorig=\"https:\/\/static.foxnews.com\/foxnews.com\/content\/uploads\/2025\/05\/pope-leo-xiv-with-diplomatic-corps.png\" imagefull=\"https:\/\/a57.foxnews.com\/static.foxnews.com\/foxnews.com\/content\/uploads\/2025\/05\/1920\/1080\/pope-leo-xiv-with-diplomatic-corps.png?ve=1&amp;tl=1\" imagethumb=\"https:\/\/a57.foxnews.com\/static.foxnews.com\/foxnews.com\/content\/uploads\/2025\/05\/96\/96\/pope-leo-xiv-with-diplomatic-corps.png?ve=1&amp;tl=1\" responsiveimages=\"[object Object],[object Object],[object Object],[object Object]\" source=\"[object Object]\"><input id=\"img-10\" name=\"radio-btn-0\" type=\"radio\"\/> <\/p>\n<li class=\"slide\">\n<div class=\"m\"><picture><img decoding=\"async\" src=\"https:\/\/a57.foxnews.com\/static.foxnews.com\/foxnews.com\/content\/uploads\/2025\/05\/918\/516\/pope-leo-xiv-with-diplomatic-corps.png?ve=1&amp;tl=1\" alt=\"Papa Francisco XIV con Cuerpo Diplom\u00e1tico\"\/><\/picture>\n<p>Imagen 10 de 11<\/p>\n<p><label for=\"img-9\" class=\"prev\"><\/p>\n<p>          previsamente<br \/>\n        <\/label> <label for=\"img-11\" class=\"next\"><\/p>\n<p>          pr\u00f3ximo<br \/>\n        <\/label><\/p>\n<\/div>\n<div class=\"info\">\n<div class=\"caption\">\n<p><span>El Papa Leo XIV se re\u00fane con el Cuerpo Diplom\u00e1tico antes de su misa inaugural.<\/span> <span>(Medios del Vaticano)<\/span><\/p>\n<\/div>\n<\/div>\n<\/li>\n<\/div>\n<div imageid=\"e0067337-e1b2-50aa-af84-575b41fa53c2\" imageorig=\"https:\/\/static.foxnews.com\/foxnews.com\/content\/uploads\/2025\/05\/pope-leo-xiv-addressing-diplomatic-corps.png\" imagefull=\"https:\/\/a57.foxnews.com\/static.foxnews.com\/foxnews.com\/content\/uploads\/2025\/05\/1920\/1080\/pope-leo-xiv-addressing-diplomatic-corps.png?ve=1&amp;tl=1\" imagethumb=\"https:\/\/a57.foxnews.com\/static.foxnews.com\/foxnews.com\/content\/uploads\/2025\/05\/96\/96\/pope-leo-xiv-addressing-diplomatic-corps.png?ve=1&amp;tl=1\" responsiveimages=\"[object Object],[object Object],[object Object],[object Object]\" source=\"[object Object]\"><input id=\"img-11\" name=\"radio-btn-0\" type=\"radio\"\/> <\/p>\n<li class=\"slide\">\n<div class=\"m\"><picture><img decoding=\"async\" src=\"https:\/\/a57.foxnews.com\/static.foxnews.com\/foxnews.com\/content\/uploads\/2025\/05\/918\/516\/pope-leo-xiv-addressing-diplomatic-corps.png?ve=1&amp;tl=1\" alt=\"El Papa Leo XIV se dirige al Cuerpo Diplom\u00e1tico\"\/><\/picture>\n<p>Imagen 11 de 11<\/p>\n<p><label for=\"img-10\" class=\"prev\"><\/p>\n<p>          previsamente<br \/>\n        <\/label> <!----><\/p>\n<\/div>\n<div class=\"info\">\n<div class=\"caption\">\n<p><span>El Papa Leo XIV se sienta frente al Cuerpo Diplom\u00e1tico antes de su misa inaugural, discute el tema de la familia y el respeto.<\/span> <span>(Medios del Vaticano)<\/span><\/p>\n<\/div>\n<\/div>\n<\/li>\n<\/div>\n<\/fieldset>\n<\/ul>\n<\/div>\n<\/div>\n<\/div>\n<p>  <!----> <\/p>\n<div class=\"article-meta\">\n<div class=\"author-bio\">\n<p>Max Bacall es un asistente de producci\u00f3n digital para el equipo de SEO en Fox News Digital.<\/p>\n<\/div>\n<\/div>\n<\/div>\n<footer class=\"article-footer\"><!----> <!---->        <!----> <!----> <!---->   <!----> <!----><\/footer>\n<\/div><\/div>\n<\/div>\n\n","protected":false},"excerpt":{"rendered":"<p>Papa Leo XIV Una galer\u00eda de im\u00e1genes que muestra a Leo antes y durante su misa inaugural Publicado 18 de mayo de 2025 10:51 AM EDT Imagen 1 de 11 pr\u00f3ximo El Papa Leo XIV, en su Popemobile, gira por la Plaza de San Pedro en el Vaticano antes de la masa inaugural de su &hellip;<\/p>\n","protected":false},"author":1,"featured_media":27819,"comment_status":"open","ping_status":"open","sticky":false,"template":"","format":"standard","meta":{"fifu_image_url":"https:\/\/static.foxnews.com\/foxnews.com\/content\/uploads\/2025\/05\/pope-leo-1.jpg","fifu_image_alt":"","footnotes":""},"categories":[13],"tags":[],"class_list":["post-27817","post","type-post","status-publish","format-standard","has-post-thumbnail","","category-mundo"],"_links":{"self":[{"href":"https:\/\/noticiasveraces.com\/index.php?rest_route=\/wp\/v2\/posts\/27817","targetHints":{"allow":["GET"]}}],"collection":[{"href":"https:\/\/noticiasveraces.com\/index.php?rest_route=\/wp\/v2\/posts"}],"about":[{"href":"https:\/\/noticiasveraces.com\/index.php?rest_route=\/wp\/v2\/types\/post"}],"author":[{"embeddable":true,"href":"https:\/\/noticiasveraces.com\/index.php?rest_route=\/wp\/v2\/users\/1"}],"replies":[{"embeddable":true,"href":"https:\/\/noticiasveraces.com\/index.php?rest_route=%2Fwp%2Fv2%2Fcomments&post=27817"}],"version-history":[{"count":0,"href":"https:\/\/noticiasveraces.com\/index.php?rest_route=\/wp\/v2\/posts\/27817\/revisions"}],"wp:featuredmedia":[{"embeddable":true,"href":"https:\/\/noticiasveraces.com\/index.php?rest_route=\/wp\/v2\/media\/27819"}],"wp:attachment":[{"href":"https:\/\/noticiasveraces.com\/index.php?rest_route=%2Fwp%2Fv2%2Fmedia&parent=27817"}],"wp:term":[{"taxonomy":"category","embeddable":true,"href":"https:\/\/noticiasveraces.com\/index.php?rest_route=%2Fwp%2Fv2%2Fcategories&post=27817"},{"taxonomy":"post_tag","embeddable":true,"href":"https:\/\/noticiasveraces.com\/index.php?rest_route=%2Fwp%2Fv2%2Ftags&post=27817"}],"curies":[{"name":"wp","href":"https:\/\/api.w.org\/{rel}","templated":true}]}}