{"id":27809,"date":"2025-05-18T09:38:24","date_gmt":"2025-05-18T13:38:24","guid":{"rendered":"https:\/\/noticiasveraces.com\/?p=27809"},"modified":"2025-05-18T09:38:24","modified_gmt":"2025-05-18T13:38:24","slug":"el-papa-leo-xix-discute-la-unidad-la-guerra-durante-la-misa-inaugural-el-domingo","status":"publish","type":"post","link":"https:\/\/noticiasveraces.com\/?p=27809","title":{"rendered":"El Papa Leo XIX discute la unidad, la guerra durante la misa inaugural el domingo"},"content":{"rendered":"<p> \n<\/p>\n<div>\n<p class=\"speakable\">El Papa Leo XIV habl\u00f3 de la unidad y los que sufrieron debido a la guerra durante su misa inaugural en la Plaza de San Pedro.<\/p>\n<p class=\"speakable\">El misionero agustiniano de 69 a\u00f1os, que es el primer papa estadounidense, habl\u00f3 antes de 200,000 personas el domingo, dijo Vatican News. <\/p>\n<p>\u00abMe gustar\u00eda que nuestro primer gran deseo sea para una iglesia unida, un signo de unidad y comuni\u00f3n, que se convierte en una levadura para un mundo reconciliado\u00bb, dijo durante su homil\u00eda, inform\u00f3 Associated Press. <\/p>\n<p>\u00abEn este momento, todav\u00eda vemos demasiada discordia, demasiadas heridas causadas por el odio, la violencia, el prejuicio, el miedo a la diferencia y un paradigma econ\u00f3mico que explota los recursos de la Tierra y margina a los m\u00e1s pobres\u00bb.<\/p>\n<p><strong>El Papa Leo dice que la familia basada en la &#8216;uni\u00f3n entre un hombre y una mujer&#8217; defiende la dignidad de no nacido<\/strong><\/p>\n<div class=\"image-ct inline\">\n<div class=\"m\"><picture><source media=\"(max-width: 767px)\" srcset=\"https:\/\/a57.foxnews.com\/static.foxnews.com\/foxnews.com\/content\/uploads\/2025\/05\/343\/192\/ppe-leo-3.jpg?ve=1&amp;tl=1, https:\/\/a57.foxnews.com\/static.foxnews.com\/foxnews.com\/content\/uploads\/2025\/05\/686\/384\/ppe-leo-3.jpg?ve=1&amp;tl=1 2x\" height=\"192\" width=\"343\"><source media=\"(min-width: 768px) and (max-width: 1023px)\" srcset=\"https:\/\/a57.foxnews.com\/static.foxnews.com\/foxnews.com\/content\/uploads\/2025\/05\/672\/378\/ppe-leo-3.jpg?ve=1&amp;tl=1, https:\/\/a57.foxnews.com\/static.foxnews.com\/foxnews.com\/content\/uploads\/2025\/05\/1344\/756\/ppe-leo-3.jpg?ve=1&amp;tl=1 2x\" height=\"378\" width=\"672\"><source media=\"(min-width: 1024px) and (max-width: 1279px)\" srcset=\"https:\/\/a57.foxnews.com\/static.foxnews.com\/foxnews.com\/content\/uploads\/2025\/05\/931\/523\/ppe-leo-3.jpg?ve=1&amp;tl=1, https:\/\/a57.foxnews.com\/static.foxnews.com\/foxnews.com\/content\/uploads\/2025\/05\/1862\/1046\/ppe-leo-3.jpg?ve=1&amp;tl=1 2x\" height=\"523\" width=\"931\"><source media=\"(min-width: 1280px)\" srcset=\"https:\/\/a57.foxnews.com\/static.foxnews.com\/foxnews.com\/content\/uploads\/2025\/05\/720\/405\/ppe-leo-3.jpg?ve=1&amp;tl=1, https:\/\/a57.foxnews.com\/static.foxnews.com\/foxnews.com\/content\/uploads\/2025\/05\/1440\/810\/ppe-leo-3.jpg?ve=1&amp;tl=1 2x\" height=\"405\" width=\"720\"><img loading=\"lazy\" decoding=\"async\" src=\"https:\/\/a57.foxnews.com\/static.foxnews.com\/foxnews.com\/content\/uploads\/2025\/05\/1200\/675\/ppe-leo-3.jpg?ve=1&amp;tl=1\" alt=\"Papa Leo XIV Misa inaugural\" width=\"1200\" height=\"675\"\/><\/source><\/source><\/source><\/source><\/picture><\/div>\n<div class=\"info\">\n<div class=\"caption\">\n<p><span>El Papa Leo XIV mantiene misa durante la inauguraci\u00f3n formal de su pontificado en la Plaza de San Pedro a la que asistieron jefes de estado, regal\u00edas y fieles ordinarios, domingo 18 de mayo de 2025.<\/span> <span>(Alessandra Tarantino)<\/span><\/p>\n<\/div>\n<\/div>\n<\/div>\n<p>Su llamado a la unidad fue significativo, dada la polarizaci\u00f3n en la Iglesia Cat\u00f3lica en los Estados Unidos y m\u00e1s all\u00e1.<\/p>\n<p>\u00abEn la alegr\u00eda de la fe y la comuni\u00f3n, no podemos olvidar a nuestros hermanos y hermanas que sufren por la guerra\u00bb, dijo Leo mientras rezaba a Regina Caeli, mencionando a Gaza, Myanmar y Ucrania. <\/p>\n<p><strong>Papa Leo XIV Consejo de platos a periodistas, menciona el desaf\u00edo de IA en la primera conferencia de prensa<\/strong><\/p>\n<div class=\"image-ct inline\">\n<div class=\"m\"><picture><source media=\"(max-width: 767px)\" srcset=\"https:\/\/a57.foxnews.com\/static.foxnews.com\/foxnews.com\/content\/uploads\/2025\/05\/343\/192\/pope-leo-1.jpg?ve=1&amp;tl=1, https:\/\/a57.foxnews.com\/static.foxnews.com\/foxnews.com\/content\/uploads\/2025\/05\/686\/384\/pope-leo-1.jpg?ve=1&amp;tl=1 2x\" height=\"192\" width=\"343\"><source media=\"(min-width: 768px) and (max-width: 1023px)\" srcset=\"https:\/\/a57.foxnews.com\/static.foxnews.com\/foxnews.com\/content\/uploads\/2025\/05\/672\/378\/pope-leo-1.jpg?ve=1&amp;tl=1, https:\/\/a57.foxnews.com\/static.foxnews.com\/foxnews.com\/content\/uploads\/2025\/05\/1344\/756\/pope-leo-1.jpg?ve=1&amp;tl=1 2x\" height=\"378\" width=\"672\"><source media=\"(min-width: 1024px) and (max-width: 1279px)\" srcset=\"https:\/\/a57.foxnews.com\/static.foxnews.com\/foxnews.com\/content\/uploads\/2025\/05\/931\/523\/pope-leo-1.jpg?ve=1&amp;tl=1, https:\/\/a57.foxnews.com\/static.foxnews.com\/foxnews.com\/content\/uploads\/2025\/05\/1862\/1046\/pope-leo-1.jpg?ve=1&amp;tl=1 2x\" height=\"523\" width=\"931\"><source media=\"(min-width: 1280px)\" srcset=\"https:\/\/a57.foxnews.com\/static.foxnews.com\/foxnews.com\/content\/uploads\/2025\/05\/720\/405\/pope-leo-1.jpg?ve=1&amp;tl=1, https:\/\/a57.foxnews.com\/static.foxnews.com\/foxnews.com\/content\/uploads\/2025\/05\/1440\/810\/pope-leo-1.jpg?ve=1&amp;tl=1 2x\" height=\"405\" width=\"720\"><img loading=\"lazy\" decoding=\"async\" src=\"https:\/\/a57.foxnews.com\/static.foxnews.com\/foxnews.com\/content\/uploads\/2025\/05\/1200\/675\/pope-leo-1.jpg?ve=1&amp;tl=1\" alt=\"Papa Leo XIV el 18 de mayo de 2025\" width=\"1200\" height=\"675\"\/><\/source><\/source><\/source><\/source><\/picture><\/div>\n<div class=\"info\">\n<div class=\"caption\">\n<p><span>El Papa Leo XIV en su Popemobile Tours St. Peter&#8217;s Square en el Vaticano antes de la masa inaugural de su pontificado, domingo 18 de mayo de 2025.<\/span> <span>(Andrew Medichini)<\/span><\/p>\n<\/div>\n<\/div>\n<\/div>\n<p>El Papa dijo que \u00absinti\u00f3 firmemente la presencia espiritual del Papa Francisco que nos acompa\u00f1aba del cielo\u00bb.<\/p>\n<p>Concluy\u00f3 invitando a los cat\u00f3licos a rezar a la Sant\u00edsima Virgen Mar\u00eda, bajo sus t\u00edtulos como \u00abEstrella del Mar y Nuestra Se\u00f1ora del Buen Consejo\u00bb, a confiar su ministerio.<\/p>\n<div class=\"image-ct inline\">\n<div class=\"m\"><picture><source media=\"(max-width: 767px)\" srcset=\"https:\/\/a57.foxnews.com\/static.foxnews.com\/foxnews.com\/content\/uploads\/2025\/05\/343\/192\/pope-leo-2.jpg?ve=1&amp;tl=1, https:\/\/a57.foxnews.com\/static.foxnews.com\/foxnews.com\/content\/uploads\/2025\/05\/686\/384\/pope-leo-2.jpg?ve=1&amp;tl=1 2x\" height=\"192\" width=\"343\"><source media=\"(min-width: 768px) and (max-width: 1023px)\" srcset=\"https:\/\/a57.foxnews.com\/static.foxnews.com\/foxnews.com\/content\/uploads\/2025\/05\/672\/378\/pope-leo-2.jpg?ve=1&amp;tl=1, https:\/\/a57.foxnews.com\/static.foxnews.com\/foxnews.com\/content\/uploads\/2025\/05\/1344\/756\/pope-leo-2.jpg?ve=1&amp;tl=1 2x\" height=\"378\" width=\"672\"><source media=\"(min-width: 1024px) and (max-width: 1279px)\" srcset=\"https:\/\/a57.foxnews.com\/static.foxnews.com\/foxnews.com\/content\/uploads\/2025\/05\/931\/523\/pope-leo-2.jpg?ve=1&amp;tl=1, https:\/\/a57.foxnews.com\/static.foxnews.com\/foxnews.com\/content\/uploads\/2025\/05\/1862\/1046\/pope-leo-2.jpg?ve=1&amp;tl=1 2x\" height=\"523\" width=\"931\"><source media=\"(min-width: 1280px)\" srcset=\"https:\/\/a57.foxnews.com\/static.foxnews.com\/foxnews.com\/content\/uploads\/2025\/05\/720\/405\/pope-leo-2.jpg?ve=1&amp;tl=1, https:\/\/a57.foxnews.com\/static.foxnews.com\/foxnews.com\/content\/uploads\/2025\/05\/1440\/810\/pope-leo-2.jpg?ve=1&amp;tl=1 2x\" height=\"405\" width=\"720\"><img loading=\"lazy\" decoding=\"async\" src=\"https:\/\/a57.foxnews.com\/static.foxnews.com\/foxnews.com\/content\/uploads\/2025\/05\/1200\/675\/pope-leo-2.jpg?ve=1&amp;tl=1\" alt=\"Papa Leo XIV en Popemobile\" width=\"1200\" height=\"675\"\/><\/source><\/source><\/source><\/source><\/picture><\/div>\n<div class=\"info\">\n<div class=\"caption\">\n<p><span>El Papa Leo XIV en su Popemobile Tours St. Peter&#8217;s Square en el Vaticano antes de la masa inaugural de su pontificado, domingo 18 de mayo de 2025.<\/span> <span>(Domenico Stinellis)<\/span><\/p>\n<\/div>\n<\/div>\n<\/div>\n<p>\u00abImploramos su intercesi\u00f3n\u00bb, dijo, \u00abpor el don de la paz, por apoyo y consuelo para aquellos que sufren, y para que la gracia para que todos somos testigos del Se\u00f1or resucitado\u00bb.<\/p>\n<p><strong><u>Haga clic aqu\u00ed para obtener la aplicaci\u00f3n Fox News<\/u><\/strong><strong> <\/strong><\/p>\n<p>Leo abri\u00f3 oficialmente su pontificado al realizar su primera gira de Popemobile a trav\u00e9s de la Piazza, un rito de paso que se ha convertido en sin\u00f3nimo del alcance global del papado.<\/p>\n<p><i>Associated Press contribuy\u00f3 a este informe. <\/i><\/p>\n<p> <!----> <\/div>\n\n","protected":false},"excerpt":{"rendered":"<p>El Papa Leo XIV habl\u00f3 de la unidad y los que sufrieron debido a la guerra durante su misa inaugural en la Plaza de San Pedro. El misionero agustiniano de 69 a\u00f1os, que es el primer papa estadounidense, habl\u00f3 antes de 200,000 personas el domingo, dijo Vatican News. \u00abMe gustar\u00eda que nuestro primer gran deseo &hellip;<\/p>\n","protected":false},"author":1,"featured_media":27811,"comment_status":"open","ping_status":"open","sticky":false,"template":"","format":"standard","meta":{"fifu_image_url":"https:\/\/static.foxnews.com\/foxnews.com\/content\/uploads\/2025\/05\/pope-leo-1.jpg","fifu_image_alt":"","footnotes":""},"categories":[13],"tags":[],"class_list":["post-27809","post","type-post","status-publish","format-standard","has-post-thumbnail","","category-mundo"],"_links":{"self":[{"href":"https:\/\/noticiasveraces.com\/index.php?rest_route=\/wp\/v2\/posts\/27809","targetHints":{"allow":["GET"]}}],"collection":[{"href":"https:\/\/noticiasveraces.com\/index.php?rest_route=\/wp\/v2\/posts"}],"about":[{"href":"https:\/\/noticiasveraces.com\/index.php?rest_route=\/wp\/v2\/types\/post"}],"author":[{"embeddable":true,"href":"https:\/\/noticiasveraces.com\/index.php?rest_route=\/wp\/v2\/users\/1"}],"replies":[{"embeddable":true,"href":"https:\/\/noticiasveraces.com\/index.php?rest_route=%2Fwp%2Fv2%2Fcomments&post=27809"}],"version-history":[{"count":0,"href":"https:\/\/noticiasveraces.com\/index.php?rest_route=\/wp\/v2\/posts\/27809\/revisions"}],"wp:featuredmedia":[{"embeddable":true,"href":"https:\/\/noticiasveraces.com\/index.php?rest_route=\/wp\/v2\/media\/27811"}],"wp:attachment":[{"href":"https:\/\/noticiasveraces.com\/index.php?rest_route=%2Fwp%2Fv2%2Fmedia&parent=27809"}],"wp:term":[{"taxonomy":"category","embeddable":true,"href":"https:\/\/noticiasveraces.com\/index.php?rest_route=%2Fwp%2Fv2%2Fcategories&post=27809"},{"taxonomy":"post_tag","embeddable":true,"href":"https:\/\/noticiasveraces.com\/index.php?rest_route=%2Fwp%2Fv2%2Ftags&post=27809"}],"curies":[{"name":"wp","href":"https:\/\/api.w.org\/{rel}","templated":true}]}}