{"id":27787,"date":"2025-05-18T07:36:18","date_gmt":"2025-05-18T11:36:18","guid":{"rendered":"https:\/\/noticiasveraces.com\/?p=27787"},"modified":"2025-05-18T07:36:18","modified_gmt":"2025-05-18T11:36:18","slug":"papa-leon-xiv-inicia-su-pontificado-con-misa-inaugural-dw-18-05-2025","status":"publish","type":"post","link":"https:\/\/noticiasveraces.com\/?p=27787","title":{"rendered":"Papa Le\u00f3n XIV inicia su pontificado con misa inaugural \u2013 DW \u2013 18\/05\/2025"},"content":{"rendered":"<p> \n<\/p>\n<div>\n<p>Le\u00f3n XIV\u00a0prometi\u00f3 este domingo (18.05.2025) trabajar por la unidad para que la Iglesia cat\u00f3lica se convierta en un signo de paz en el mundo, durante una misa inaugural en el Vaticano\u00a0ante unos 150.000 peregrinos, presidentes, patriarcas y pr\u00edncipes.<\/p>\n<figure class=\"placeholder-image master_landscape big\"><img data-format=\"MASTER_LANDSCAPE\" data-id=\"72580209\" data-url=\"https:\/\/static.dw.com\/image\/72580209_${formatId}.jpg\" data-aspect-ratio=\"16\/9\" alt=\"Le\u00f3n XIV realiz\u00f3 su primer recorrido en el papam\u00f3vil (18.05.2025)\" style=\"padding-bottom: 56.25%; height: 0; max-height: 0;\"\/><figcaption class=\"img-caption\">Le\u00f3n XIV realiz\u00f3 su primer recorrido en el papam\u00f3vil (18.05.2025)<small class=\"copyright\">Imagen: Yara Nardi\/REUTERS<\/small><\/figcaption><\/figure>\n<p><strong>Le\u00f3n XIV y su orientaci\u00f3n social<\/strong><\/p>\n<p>\u00abEn nuestro tiempo, vemos a\u00fan demasiada discordia, demasiadas heridas causadas por el odio, la violencia, los prejuicios, el miedo a lo diferente, por un paradigma econ\u00f3mico que explota los recursos de la tierra y margina a los m\u00e1s pobres\u00bb, critic\u00f3 el primer papa estadounidense de la historia.<\/p>\n<p>Robert Francis Prevost, de 69 a\u00f1os, vivi\u00f3 m\u00e1s de dos d\u00e9cadas en Per\u00fa, pa\u00eds del que obtuvo la nacionalidad y donde fue misionero y obispo en Chiclayo, en el norte del pa\u00eds.<\/p>\n<p>Diez d\u00edas despu\u00e9s de su elecci\u00f3n, confirm\u00f3 la orientaci\u00f3n social que pretende dar a su pontificado, tras haber elegido su nombre en honor a Le\u00f3n XIII (1878-1903), padre de la doctrina social de la Iglesia, que denunci\u00f3 la explotaci\u00f3n de la clase obrera a finales del siglo XIX.<\/p>\n<figure class=\"placeholder-image master_landscape big\"><img data-format=\"MASTER_LANDSCAPE\" data-id=\"72580827\" data-url=\"https:\/\/static.dw.com\/image\/72580827_${formatId}.jpg\" data-aspect-ratio=\"16\/9\" alt=\"Vista general de la plaza de San Pedro durante la misa inaugural del sumo pont\u00edfice (18.05.2025)\" style=\"padding-bottom: 56.25%; height: 0; max-height: 0;\"\/><figcaption class=\"img-caption\">Vista general de la plaza de San Pedro durante la misa inaugural del sumo pont\u00edfice (18.05.2025)<small class=\"copyright\">Imagen: Claudia Greco\/REUTERS<\/small><\/figcaption><\/figure>\n<p><strong>S\u00edmbolos papales y primer recorrido en papam\u00f3vil<\/strong><\/p>\n<p>Durante una misa rica en ritos y s\u00edmbolos, custodiada por un importante dispositivo de seguridad, Le\u00f3n XIV recibi\u00f3 los emblemas papales: el palio, una prenda que pende de los hombros y luce sobre la casulla, y el anillo del pescador, que se forja de manera especial para cada pont\u00edfice\u00a0y debe ser destruido tras su muerte.<\/p>\n<p>El papa recalc\u00f3 su \u00abgratitud\u00bb, insisti\u00f3 en la \u00abunidad\u00bb de la Iglesia y abog\u00f3 por la \u00abcaridad\u00bb, en lugar de \u00abatrapar a los dem\u00e1s con el sometimiento, con la propaganda religiosa o con los medios del poder\u00bb.<\/p>\n<p>Antes de la misa, el l\u00edder de 1.400 millones de cat\u00f3licos realiz\u00f3 su primer recorrido por la plaza de San Pedro en el papam\u00f3vil, sonriendo y saludando a la multitud reunida para la misa de inicio de su pontificado, diez d\u00edas despu\u00e9s de su elecci\u00f3n.<\/p>\n<figure class=\"placeholder-image master_landscape big\"><img data-format=\"MASTER_LANDSCAPE\" data-id=\"72581254\" data-url=\"https:\/\/static.dw.com\/image\/72581254_${formatId}.jpg\" data-aspect-ratio=\"16\/9\" alt=\"El cardenal Luis Tagle coloca el Anillo del Pescador en el dedo del papa Le\u00f3n XIV durante la misa inaugural en la plaza de San Pedro del Vaticano (18.05.2025)\" style=\"padding-bottom: 56.25%; height: 0; max-height: 0;\"\/><figcaption class=\"img-caption\">El cardenal Luis Tagle coloca el Anillo del Pescador en el dedo del papa Le\u00f3n XIV durante la misa inaugural en la plaza de San Pedro del Vaticano (18.05.2025)<small class=\"copyright\">Imagen: Guglielmo Mangiapane\/REUTERS<\/small><\/figcaption><\/figure>\n<p><strong>Le\u00f3n lamenta conflictos en Gaza y Ucrania y se reunir\u00e1 con Zelenski<\/strong><\/p>\n<p>A la cita asistieron el vicepresidente de Estados Unidos, J.D. Vance, la presidenta peruana Dina Boluarte, con quien sostuvo una reuni\u00f3n antes de la misa inaugural, y sus hom\u00f3logos de Colombia, Gustavo Petro; Ecuador, Daniel Noboa, y Paraguay, Santiago Pe\u00f1a.<\/p>\n<p>Entre los dem\u00e1s invitados destacados figuraban el presidente ucraniano Volodimir Zelenski, el nuevo canciller alem\u00e1n Friedrich Merz, el presidente israel\u00ed Isaac Herzog y los reyes de Espa\u00f1a, Felipe y Letizia.<\/p>\n<p>Este mismo domingo, el sumo pont\u00edfice recibir\u00e1 a Zelenski y dijo que la \u00abUcrania martirizada\u00bb espera \u00abnegociaciones para una paz justa y duradera\u00bb.<\/p>\n<p>Le\u00f3n XIV tambi\u00e9n mencion\u00f3 la cat\u00e1strofe humanitaria en curso en la Franja de Gaza, donde Israel lleva a cabo una ofensiva contra el grupo terrorista palestino Ham\u00e1s. \u00abNo podemos olvidar a los hermanos y hermanas que sufren a causa de la guerra. En Gaza, los ni\u00f1os, las familias, las personas mayores que sobreviven sufren de hambre\u00bb, lament\u00f3.<\/p>\n<p>RR (AFP\/AP)<\/p>\n<\/div>\n\n","protected":false},"excerpt":{"rendered":"<p>Le\u00f3n XIV\u00a0prometi\u00f3 este domingo (18.05.2025) trabajar por la unidad para que la Iglesia cat\u00f3lica se convierta en un signo de paz en el mundo, durante una misa inaugural en el Vaticano\u00a0ante unos 150.000 peregrinos, presidentes, patriarcas y pr\u00edncipes. Le\u00f3n XIV realiz\u00f3 su primer recorrido en el papam\u00f3vil (18.05.2025)Imagen: Yara Nardi\/REUTERS Le\u00f3n XIV y su orientaci\u00f3n &hellip;<\/p>\n","protected":false},"author":1,"featured_media":27788,"comment_status":"open","ping_status":"open","sticky":false,"template":"","format":"standard","meta":{"fifu_image_url":"https:\/\/static.dw.com\/image\/72581615_6.jpg","fifu_image_alt":"","footnotes":""},"categories":[13],"tags":[],"class_list":["post-27787","post","type-post","status-publish","format-standard","has-post-thumbnail","","category-mundo"],"_links":{"self":[{"href":"https:\/\/noticiasveraces.com\/index.php?rest_route=\/wp\/v2\/posts\/27787","targetHints":{"allow":["GET"]}}],"collection":[{"href":"https:\/\/noticiasveraces.com\/index.php?rest_route=\/wp\/v2\/posts"}],"about":[{"href":"https:\/\/noticiasveraces.com\/index.php?rest_route=\/wp\/v2\/types\/post"}],"author":[{"embeddable":true,"href":"https:\/\/noticiasveraces.com\/index.php?rest_route=\/wp\/v2\/users\/1"}],"replies":[{"embeddable":true,"href":"https:\/\/noticiasveraces.com\/index.php?rest_route=%2Fwp%2Fv2%2Fcomments&post=27787"}],"version-history":[{"count":0,"href":"https:\/\/noticiasveraces.com\/index.php?rest_route=\/wp\/v2\/posts\/27787\/revisions"}],"wp:featuredmedia":[{"embeddable":true,"href":"https:\/\/noticiasveraces.com\/index.php?rest_route=\/wp\/v2\/media\/27788"}],"wp:attachment":[{"href":"https:\/\/noticiasveraces.com\/index.php?rest_route=%2Fwp%2Fv2%2Fmedia&parent=27787"}],"wp:term":[{"taxonomy":"category","embeddable":true,"href":"https:\/\/noticiasveraces.com\/index.php?rest_route=%2Fwp%2Fv2%2Fcategories&post=27787"},{"taxonomy":"post_tag","embeddable":true,"href":"https:\/\/noticiasveraces.com\/index.php?rest_route=%2Fwp%2Fv2%2Ftags&post=27787"}],"curies":[{"name":"wp","href":"https:\/\/api.w.org\/{rel}","templated":true}]}}