{"id":27773,"date":"2025-05-18T04:26:15","date_gmt":"2025-05-18T08:26:15","guid":{"rendered":"https:\/\/noticiasveraces.com\/?p=27773"},"modified":"2025-05-18T04:26:15","modified_gmt":"2025-05-18T08:26:15","slug":"quiebre-entre-infantino-y-la-uefa-dw-16-05-2025","status":"publish","type":"post","link":"https:\/\/noticiasveraces.com\/?p=27773","title":{"rendered":"quiebre entre Infantino y la UEFA \u2013 DW \u2013 16\/05\/2025"},"content":{"rendered":"<p> \n<\/p>\n<div>\n<p>El jefe lleg\u00f3 tarde y algunos subordinados se marcharon antes. El\u00a0Congreso de la\u00a0FIFA en Paraguay no exhibi\u00f3 ninguna se\u00f1al de unidad dentro de la asociaci\u00f3n mundial de f\u00fatbol. M\u00e1s bien, mostr\u00f3 que la relaci\u00f3n entre el presidente de la FIFA, el suizo Gianni Infantino, y la\u00a0Uni\u00f3n de Asociaciones Europeas de F\u00fatbol (UEFA) parece pasar por un mal momento.<\/p>\n<p>Los rumores se sucedieron durante d\u00edas tras bambalinas en la FIFA. En lugar de reunirse con los miembros de la asociaci\u00f3n para mantener reuniones informales antes del congreso, como es habitual en estos casos, Infantino opt\u00f3 por acompa\u00f1ar al presidente de Estados Unidos, Donald Trump, en su viaje por Medio Oriente, donde visitaron Arabia Saudita, sede del Mundial de 2034, y Qatar, sede del pasado Mundial de 2022.<\/p>\n<p>Muchos interpretaron esto como una afrenta a los miembros de la FIFA y una falta de respeto a Paraguay, pa\u00eds anfitri\u00f3n del congreso.<\/p>\n<h2>Infantino, parte del s\u00e9quito de Trump<\/h2>\n<p>Infantino ha buscado repetidamente acercarse a Trump en los \u00faltimos meses. Ambos se han reunido diez veces desde diciembre, e Infantino tambi\u00e9n estuvo en la toma de posesi\u00f3n del republicano. El mandam\u00e1s de la FIFA habla de una \u00abestrecha amistad\u00bb, y el presidente estadounidense elogi\u00f3 a Infantino durante su viaje por Medio Oriente diciendo \u00abbuen trabajo, Gianni\u00bb.<\/p>\n<p>Estados Unidos albergar\u00e1 este verano boreal el Mundial de Clubes, sucedido en 2026 por el Mundial de F\u00fatbol, que contar\u00e1 con la coorganizaci\u00f3n de M\u00e9xico y Canad\u00e1. Antes, las canchas estadounidenses sirvieron de escenario para la Copa Am\u00e9rica 2024.<\/p>\n<figure class=\"placeholder-image master_landscape big\"><img data-format=\"MASTER_LANDSCAPE\" data-id=\"72535812\" data-url=\"https:\/\/static.dw.com\/image\/72535812_${formatId}.jpg\" data-aspect-ratio=\"16\/9\" alt=\"Donald Trump y Gianni Infantino durante una conferencia en Estados Unidos.\" style=\"padding-bottom: 56.25%; height: 0; max-height: 0;\"\/><figcaption class=\"img-caption\">Trump e Infantino se han reunido diez veces desde fines de 2025. <small class=\"copyright\">Imagen: Mark Schiefelbein\/AP Photo\/Picture Alliance<\/small><\/figcaption><\/figure>\n<p>El presidente de la FIFA no solo falt\u00f3 a las reuniones habituales previas al congreso, sino que ni siquiera lleg\u00f3 a Asunci\u00f3n a tiempo para el inicio programado del encuentro. Por lo tanto, el evento comenz\u00f3 con m\u00e1s de tres horas de retraso. A la hora programada, el avi\u00f3n privado con Infantino a bordo a\u00fan estaba en el aire.<\/p>\n<p>El presidente de la FIFA se disculp\u00f3 brevemente con los delegados se\u00f1alando que hubo \u00abun peque\u00f1o problema con nuestro vuelo\u00bb, y enfatiz\u00f3 que se encontraba en una misi\u00f3n muy relevante, en la que mantuvo \u00abimportantes conversaciones con destacados pol\u00edticos y representantes empresariales\u00bb. \u00abSent\u00ed que deb\u00eda estar all\u00ed para representarlos a todos, para representar al f\u00fatbol\u00bb, dijo.<\/p>\n<p><span data-slot-id=\"Article_InContent-1\" class=\"rich-text-ad\"\/><\/p>\n<h2>Lise Klaveness: situaci\u00f3n \u00abpreocupante\u00bb<\/h2>\n<p>El presidente de la UEFA, Aleksander Ceferin, y otros delegados de la UEFA, entre ellos tambi\u00e9n el presidente del f\u00fatbol alem\u00e1n, Bernd Neuendorf, lo vieron de otra forma. Abandonaron la reuni\u00f3n durante la pausa para el caf\u00e9, y emprendieron el regreso a casa exactamente a la hora originalmente programada para la\u00a0clausura del Congreso.<\/p>\n<p>\u00abUn cambio de \u00faltima hora en el calendario, que aparentemente sirve \u00fanicamente a intereses pol\u00edticos privados, perjudica al f\u00fatbol y parece dejar de lado sus intereses\u00bb, declar\u00f3 la UEFA. Sus miembros se marcharon para demostrar \u00abque el f\u00fatbol est\u00e1 primero\u00bb.<\/p>\n<p>La situaci\u00f3n es \u00abpreocupante\u00bb, declar\u00f3 Lise Klaveness. La presidenta de la Federaci\u00f3n Noruega de F\u00fatbol, conocida desde hace tiempo por sus cr\u00edticas a la FIFA, es miembro del Comit\u00e9 Ejecutivo de la UEFA desde abril.<\/p>\n<p>\u00abAhora esperamos que la FIFA explique la situaci\u00f3n a sus miembros y garantice que las voces de las federaciones sean escuchadas y respetadas en el futuro\u00bb, se\u00f1al\u00f3 la representante noruega.<\/p>\n<h2>Ninguna decisi\u00f3n importante<\/h2>\n<p>Lo que ocurri\u00f3 en el congreso de Asunci\u00f3n, capital de Paraguay y epicentro de la Conmebol, la federaci\u00f3n sudamericana de f\u00fatbol, se puede resumir r\u00e1pidamente: como casi siempre en estos encuentros de funcionarios de la FIFA, hubo muchos aplausos y los delegados aprobaron propuestas presupuestarias.<\/p>\n<p>Pero temas controvertidos, como la solicitud de la Asociaci\u00f3n Palestina de F\u00fatbol de suspender a Israel, quedaron en segundo plano. La propuesta de la Conmebol, que propon\u00eda aumentar el n\u00famero de participantes para el Mundial de 2030, cuando se cumplen cien a\u00f1os del primer mundial de f\u00fatbol, ni siquiera se incluy\u00f3 en la agenda.<\/p>\n<p>As\u00ed que lo \u00fanico que probablemente se recordar\u00e1 del 75\u00ba Congreso de la FIFA ser\u00e1 que el presidente del organismo rector del f\u00fatbol mundial ni siquiera se molest\u00f3 en llegar a la hora. Y que la UEFA, al parecer, ya no est\u00e1 dispuesta a tolerar m\u00e1s los comportamientos de alteza de Infantino.<\/p>\n<p>(DZC\/RML)<\/p>\n<\/p>\n<\/div>\n\n","protected":false},"excerpt":{"rendered":"<p>El jefe lleg\u00f3 tarde y algunos subordinados se marcharon antes. El\u00a0Congreso de la\u00a0FIFA en Paraguay no exhibi\u00f3 ninguna se\u00f1al de unidad dentro de la asociaci\u00f3n mundial de f\u00fatbol. M\u00e1s bien, mostr\u00f3 que la relaci\u00f3n entre el presidente de la FIFA, el suizo Gianni Infantino, y la\u00a0Uni\u00f3n de Asociaciones Europeas de F\u00fatbol (UEFA) parece pasar por &hellip;<\/p>\n","protected":false},"author":1,"featured_media":27774,"comment_status":"open","ping_status":"open","sticky":false,"template":"","format":"standard","meta":{"fifu_image_url":"https:\/\/static.dw.com\/image\/72564711_6.jpg","fifu_image_alt":"","footnotes":""},"categories":[13],"tags":[],"class_list":["post-27773","post","type-post","status-publish","format-standard","has-post-thumbnail","","category-mundo"],"_links":{"self":[{"href":"https:\/\/noticiasveraces.com\/index.php?rest_route=\/wp\/v2\/posts\/27773","targetHints":{"allow":["GET"]}}],"collection":[{"href":"https:\/\/noticiasveraces.com\/index.php?rest_route=\/wp\/v2\/posts"}],"about":[{"href":"https:\/\/noticiasveraces.com\/index.php?rest_route=\/wp\/v2\/types\/post"}],"author":[{"embeddable":true,"href":"https:\/\/noticiasveraces.com\/index.php?rest_route=\/wp\/v2\/users\/1"}],"replies":[{"embeddable":true,"href":"https:\/\/noticiasveraces.com\/index.php?rest_route=%2Fwp%2Fv2%2Fcomments&post=27773"}],"version-history":[{"count":0,"href":"https:\/\/noticiasveraces.com\/index.php?rest_route=\/wp\/v2\/posts\/27773\/revisions"}],"wp:featuredmedia":[{"embeddable":true,"href":"https:\/\/noticiasveraces.com\/index.php?rest_route=\/wp\/v2\/media\/27774"}],"wp:attachment":[{"href":"https:\/\/noticiasveraces.com\/index.php?rest_route=%2Fwp%2Fv2%2Fmedia&parent=27773"}],"wp:term":[{"taxonomy":"category","embeddable":true,"href":"https:\/\/noticiasveraces.com\/index.php?rest_route=%2Fwp%2Fv2%2Fcategories&post=27773"},{"taxonomy":"post_tag","embeddable":true,"href":"https:\/\/noticiasveraces.com\/index.php?rest_route=%2Fwp%2Fv2%2Ftags&post=27773"}],"curies":[{"name":"wp","href":"https:\/\/api.w.org\/{rel}","templated":true}]}}