{"id":27763,"date":"2025-05-18T01:20:17","date_gmt":"2025-05-18T05:20:17","guid":{"rendered":"https:\/\/noticiasveraces.com\/?p=27763"},"modified":"2025-05-18T01:20:17","modified_gmt":"2025-05-18T05:20:17","slug":"rumania-celebra-elecciones-con-ultraderechista-como-favorito-dw-18-05-2025","status":"publish","type":"post","link":"https:\/\/noticiasveraces.com\/?p=27763","title":{"rendered":"Rumania celebra elecciones con ultraderechista como favorito \u2013 DW \u2013 18\/05\/2025"},"content":{"rendered":"<p> \n<\/p>\n<div>\n<p>Los colegios electorales de Rumania abrieron la ma\u00f1ana del domingo (18.05.2025) para unas elecciones presidenciales clave, en las que parte como favorito el ultraderechista George Simion, frente al independiente proeuropeo Nicusor Dan.<\/p>\n<p>Cerca de 18 millones de ciudadanos est\u00e1n llamados a votar en m\u00e1s de 19.000 centros electorales distribuidos en todo el pa\u00eds. En el exterior, el proceso comenz\u00f3 el viernes en embajadas y consulados.<\/p>\n<p>Los colegios abrir\u00e1n hasta las 21.00 locales\u00a0(19.00 GMT), cuando\u00a0se publicar\u00e1n las primeras encuestas a pie de urna. Los resultados preliminares con escrutinio avanzado se esperan sobre la medianoche.<\/p>\n<p>La elecci\u00f3n ocurre\u00a0en un contexto de crisis institucional, con un presidente y un gobierno interinos, y puede marcar un punto de inflexi\u00f3n para el futuro de este pa\u00eds miembro de la OTAN desde 2004 y de la Uni\u00f3n Europea desde 2007.<\/p>\n<p>El actual proceso electoral es una repetici\u00f3n del intento fallido de noviembre, cuando el Tribunal Constitucional anul\u00f3 la primera vuelta tras detectar injerencias en redes sociales a favor del ganador, Calin Georgescu, un candidato prorruso que despu\u00e9s fue inhabilitado.<\/p>\n<p>Simion, l\u00edder del partido ultraderechista Alianza para la Uni\u00f3n de los Rumanos (AUR) y que se ha erigido como heredero pol\u00edtico de Georgescu, gan\u00f3 la primera vuelta del 4 de mayo con casi el 41 % de los votos, incluyendo un respaldo del 60 % entre los votantes de la di\u00e1spora.<\/p>\n<p>De 38 a\u00f1os, ha contado con el apoyo de la ultraderecha europea, como la primera ministra italiana, Giorgia Meloni, y Marine Le Pen, l\u00edder del partido franc\u00e9s Agrupaci\u00f3n Nacional, entre otros.<\/p>\n<p>Simion ha\u00a0prometido reducir la burocracia y los impuestos, aunque su discurso se ha visto empa\u00f1ado por contradicciones, salidas de tono y pol\u00e9micas constantes.<\/p>\n<p>Numerosos analistas advierten que una victoria de Simion podr\u00eda aislar a Ruman\u00eda dentro de la UE, erosionar la inversi\u00f3n extranjera y debilitar el flanco oriental de la OTAN.<\/p>\n<p>GS (Efe, AP)<\/p>\n<\/div>\n\n","protected":false},"excerpt":{"rendered":"<p>Los colegios electorales de Rumania abrieron la ma\u00f1ana del domingo (18.05.2025) para unas elecciones presidenciales clave, en las que parte como favorito el ultraderechista George Simion, frente al independiente proeuropeo Nicusor Dan. Cerca de 18 millones de ciudadanos est\u00e1n llamados a votar en m\u00e1s de 19.000 centros electorales distribuidos en todo el pa\u00eds. En el &hellip;<\/p>\n","protected":false},"author":1,"featured_media":27764,"comment_status":"open","ping_status":"open","sticky":false,"template":"","format":"standard","meta":{"fifu_image_url":"https:\/\/static.dw.com\/image\/72554493_6.jpg","fifu_image_alt":"","footnotes":""},"categories":[13],"tags":[],"class_list":["post-27763","post","type-post","status-publish","format-standard","has-post-thumbnail","","category-mundo"],"_links":{"self":[{"href":"https:\/\/noticiasveraces.com\/index.php?rest_route=\/wp\/v2\/posts\/27763","targetHints":{"allow":["GET"]}}],"collection":[{"href":"https:\/\/noticiasveraces.com\/index.php?rest_route=\/wp\/v2\/posts"}],"about":[{"href":"https:\/\/noticiasveraces.com\/index.php?rest_route=\/wp\/v2\/types\/post"}],"author":[{"embeddable":true,"href":"https:\/\/noticiasveraces.com\/index.php?rest_route=\/wp\/v2\/users\/1"}],"replies":[{"embeddable":true,"href":"https:\/\/noticiasveraces.com\/index.php?rest_route=%2Fwp%2Fv2%2Fcomments&post=27763"}],"version-history":[{"count":0,"href":"https:\/\/noticiasveraces.com\/index.php?rest_route=\/wp\/v2\/posts\/27763\/revisions"}],"wp:featuredmedia":[{"embeddable":true,"href":"https:\/\/noticiasveraces.com\/index.php?rest_route=\/wp\/v2\/media\/27764"}],"wp:attachment":[{"href":"https:\/\/noticiasveraces.com\/index.php?rest_route=%2Fwp%2Fv2%2Fmedia&parent=27763"}],"wp:term":[{"taxonomy":"category","embeddable":true,"href":"https:\/\/noticiasveraces.com\/index.php?rest_route=%2Fwp%2Fv2%2Fcategories&post=27763"},{"taxonomy":"post_tag","embeddable":true,"href":"https:\/\/noticiasveraces.com\/index.php?rest_route=%2Fwp%2Fv2%2Ftags&post=27763"}],"curies":[{"name":"wp","href":"https:\/\/api.w.org\/{rel}","templated":true}]}}