{"id":27722,"date":"2025-05-17T18:09:46","date_gmt":"2025-05-17T22:09:46","guid":{"rendered":"https:\/\/noticiasveraces.com\/?p=27722"},"modified":"2025-05-17T18:09:46","modified_gmt":"2025-05-17T22:09:46","slug":"merz-pide-un-mas-protagonismo-de-italia-respecto-a-ucrania-dw-17-05-2025","status":"publish","type":"post","link":"https:\/\/noticiasveraces.com\/?p=27722","title":{"rendered":"Merz pide un m\u00e1s protagonismo de Italia respecto a Ucrania \u2013 DW \u2013 17\/05\/2025"},"content":{"rendered":"<p> \n<\/p>\n<div>\n<p>La primera ministra de Italia, Giorgia Meloni, y el canciller de Alemania, Friedrich Merz, descartaron este s\u00e1bado (17.05.2025) cualquier env\u00edo de tropas a Ucrania. \u00abNo hay ninguna discusi\u00f3n sobre el env\u00edo de tropas a Ucrania, es algo fuera de cualquier realidad pol\u00edtica, no hay motivo de hablar de esto ahora\u00bb, dijo Merz, en su primera visita a Italia tras asumir el poder, que viaj\u00f3 a Roma para la misa de inicio de pontificado del papa Le\u00f3n XIV este domingo en el Vaticano.<\/p>\n<p>\u00abNosotros ahora trabajamos para que se logre un alto el fuego, queremos que callen las armas\u00bb, declar\u00f3 el canciller alem\u00e1n, quien se mostr\u00f3 partidario de un papel m\u00e1s activo de Italia en la resoluci\u00f3n del conflicto. \u00abEstamos de acuerdo en que Italia debe jugar un papel ah\u00ed\u00bb, dijo. \u00abPor su parte, Meloni apunt\u00f3 que las prioridades actuales son \u00abseguir sosteniendo a Ucrania en su capacidad de defensa\u00bb y contribuir a que logre \u00abgarant\u00edas de seguridad\u00bb ante Rusia.<\/p>\n<h2>Pol\u00edtica migratoria: \u00abYa no frenaremos los problemas\u00bb<\/h2>\n<p>Merz se refiri\u00f3 a los esfuerzos de Italia por gestionar las solicitudes de asilo en Albania, una medida suspendida judicialmente. El canciller alem\u00e1n sugiri\u00f3 que los procedimientos de asilo podr\u00edan llevarse a cabo en pa\u00edses no pertenecientes a la UE como una forma de frenar la migraci\u00f3n irregular hacia Europa. \u00abPor supuesto, todav\u00eda puede ser una opci\u00f3n\u00bb, declar\u00f3 tras reunirse con Meloni en un gui\u00f1o a su pol\u00edtica migratoria.<\/p>\n<p>Merz afirm\u00f3 que Alemania considerar\u00eda externalizar los procedimientos de asilo a terceros pa\u00edses pesar de la experiencia italiana con Albania, actualmente revisada por el Tribunal de Justicia de la Uni\u00f3n Europea para determinar si se ajusta al derecho comunitario. Reconoci\u00f3 que esta \u00abciertamente no es la soluci\u00f3n al problema\u00bb, pero afirm\u00f3 que podr\u00eda \u00abayudar a reducirlo\u00bb. Y enfatiz\u00f3 la necesidad de implementar r\u00e1pidamente la reforma europea del asilo y combatir la migraci\u00f3n irregular. \u00abYa no frenaremos la resoluci\u00f3n de los problemas en la Uni\u00f3n Europea\u00bb, dijo.<\/p>\n<p>LGC (DPA, Efe)<\/p>\n<\/div>\n\n","protected":false},"excerpt":{"rendered":"<p>La primera ministra de Italia, Giorgia Meloni, y el canciller de Alemania, Friedrich Merz, descartaron este s\u00e1bado (17.05.2025) cualquier env\u00edo de tropas a Ucrania. \u00abNo hay ninguna discusi\u00f3n sobre el env\u00edo de tropas a Ucrania, es algo fuera de cualquier realidad pol\u00edtica, no hay motivo de hablar de esto ahora\u00bb, dijo Merz, en su primera &hellip;<\/p>\n","protected":false},"author":1,"featured_media":27723,"comment_status":"open","ping_status":"open","sticky":false,"template":"","format":"standard","meta":{"fifu_image_url":"https:\/\/static.dw.com\/image\/72577026_6.jpg","fifu_image_alt":"","footnotes":""},"categories":[13],"tags":[],"class_list":["post-27722","post","type-post","status-publish","format-standard","has-post-thumbnail","","category-mundo"],"_links":{"self":[{"href":"https:\/\/noticiasveraces.com\/index.php?rest_route=\/wp\/v2\/posts\/27722","targetHints":{"allow":["GET"]}}],"collection":[{"href":"https:\/\/noticiasveraces.com\/index.php?rest_route=\/wp\/v2\/posts"}],"about":[{"href":"https:\/\/noticiasveraces.com\/index.php?rest_route=\/wp\/v2\/types\/post"}],"author":[{"embeddable":true,"href":"https:\/\/noticiasveraces.com\/index.php?rest_route=\/wp\/v2\/users\/1"}],"replies":[{"embeddable":true,"href":"https:\/\/noticiasveraces.com\/index.php?rest_route=%2Fwp%2Fv2%2Fcomments&post=27722"}],"version-history":[{"count":0,"href":"https:\/\/noticiasveraces.com\/index.php?rest_route=\/wp\/v2\/posts\/27722\/revisions"}],"wp:featuredmedia":[{"embeddable":true,"href":"https:\/\/noticiasveraces.com\/index.php?rest_route=\/wp\/v2\/media\/27723"}],"wp:attachment":[{"href":"https:\/\/noticiasveraces.com\/index.php?rest_route=%2Fwp%2Fv2%2Fmedia&parent=27722"}],"wp:term":[{"taxonomy":"category","embeddable":true,"href":"https:\/\/noticiasveraces.com\/index.php?rest_route=%2Fwp%2Fv2%2Fcategories&post=27722"},{"taxonomy":"post_tag","embeddable":true,"href":"https:\/\/noticiasveraces.com\/index.php?rest_route=%2Fwp%2Fv2%2Ftags&post=27722"}],"curies":[{"name":"wp","href":"https:\/\/api.w.org\/{rel}","templated":true}]}}