{"id":27712,"date":"2025-05-17T17:08:52","date_gmt":"2025-05-17T21:08:52","guid":{"rendered":"https:\/\/noticiasveraces.com\/?p=27712"},"modified":"2025-05-17T17:08:52","modified_gmt":"2025-05-17T21:08:52","slug":"el-papa-leo-defiende-el-matrimonio-tradicional-la-dignidad-de-los-no-nacidos-e-inmigrantes-en-el-discurso-privado","status":"publish","type":"post","link":"https:\/\/noticiasveraces.com\/?p=27712","title":{"rendered":"El Papa Leo defiende el matrimonio tradicional, la dignidad de los no nacidos e inmigrantes en el discurso privado"},"content":{"rendered":"<p> \n<\/p>\n<div>\n<div class=\"featured featured-video video-ct\" data-v-5f342d4c=\"\"><!----> <\/p>\n<div class=\"contain\" data-v-5f342d4c=\"\">  <!----> <\/p>\n<div class=\"info\" data-v-5f342d4c=\"\">\n<div class=\"caption\" data-v-5f342d4c=\"\">\n<h4 class=\"title\" data-v-5f342d4c=\"\">Mundo, los medios de comunicaci\u00f3n reaccionan a la elecci\u00f3n del Papa Leo XIV <\/h4>\n<p data-v-5f342d4c=\"\">La escritora Outkick Mary Katharine Ham y la estratega dem\u00f3crata Kevin Walling se unen a MediaBuzz para discutir la elecci\u00f3n del Papa Leo XIV, el primer Papa Americano en la historia, y el acuerdo comercial de los Estados Unidos con el Reino Unido.<\/p>\n<\/div>\n<\/div>\n<\/div>\n<\/div>\n<p class=\"speakable\">El Papa Leo XIV ha afirmado la doctrina cat\u00f3lica tradicional con respecto al matrimonio, diciendo que se basa en la \u00abuni\u00f3n estable entre un hombre y una mujer\u00bb.<\/p>\n<p class=\"speakable\">El Papa, que fue elegido para dirigir la Iglesia Cat\u00f3lica el 8 de mayo, estaba haciendo sus primeros comentarios importantes como pont\u00edfice durante una audiencia privada con el Cuerpo Diplom\u00e1tico del Vaticano el viernes, donde tambi\u00e9n enfatiz\u00f3 la dignidad inherente de lo fr\u00e1gil y vulnerable, incluidos los no nacidos, los ancianos e inmigrantes.<\/p>\n<p>\u00abEs responsabilidad de los l\u00edderes gubernamentales trabajar para construir sociedades civiles armoniosas y pac\u00edficas\u00bb, dijo el Papa. \u00abEsto se puede lograr sobre todo invirtiendo en la familia, basada en la uni\u00f3n estable entre un hombre y una mujer\u00bb.<\/p>\n<p>Si bien el Papa Francisco tambi\u00e9n dijo que la iglesia no pod\u00eda aceptar el matrimonio entre personas del mismo sexo, los conservadores acusaron al difunto pont\u00edfice de sembrar confusi\u00f3n entre los fieles al ser m\u00e1s acogedores que sus predecesores a las personas LGBTQ y aprobar la bendici\u00f3n de las personas en las relaciones entre personas del mismo sexo.<\/p>\n<div class=\"image-ct inline\">\n<div class=\"m\"><picture><source media=\"(max-width: 767px)\" srcset=\"https:\/\/a57.foxnews.com\/static.foxnews.com\/foxnews.com\/content\/uploads\/2025\/05\/343\/192\/pope-leo-xiv-speaking.png?ve=1&amp;tl=1, https:\/\/a57.foxnews.com\/static.foxnews.com\/foxnews.com\/content\/uploads\/2025\/05\/686\/384\/pope-leo-xiv-speaking.png?ve=1&amp;tl=1 2x\" height=\"192\" width=\"343\"><source media=\"(min-width: 768px) and (max-width: 1023px)\" srcset=\"https:\/\/a57.foxnews.com\/static.foxnews.com\/foxnews.com\/content\/uploads\/2025\/05\/672\/378\/pope-leo-xiv-speaking.png?ve=1&amp;tl=1, https:\/\/a57.foxnews.com\/static.foxnews.com\/foxnews.com\/content\/uploads\/2025\/05\/1344\/756\/pope-leo-xiv-speaking.png?ve=1&amp;tl=1 2x\" height=\"378\" width=\"672\"><source media=\"(min-width: 1024px) and (max-width: 1279px)\" srcset=\"https:\/\/a57.foxnews.com\/static.foxnews.com\/foxnews.com\/content\/uploads\/2025\/05\/931\/523\/pope-leo-xiv-speaking.png?ve=1&amp;tl=1, https:\/\/a57.foxnews.com\/static.foxnews.com\/foxnews.com\/content\/uploads\/2025\/05\/1862\/1046\/pope-leo-xiv-speaking.png?ve=1&amp;tl=1 2x\" height=\"523\" width=\"931\"><source media=\"(min-width: 1280px)\" srcset=\"https:\/\/a57.foxnews.com\/static.foxnews.com\/foxnews.com\/content\/uploads\/2025\/05\/720\/405\/pope-leo-xiv-speaking.png?ve=1&amp;tl=1, https:\/\/a57.foxnews.com\/static.foxnews.com\/foxnews.com\/content\/uploads\/2025\/05\/1440\/810\/pope-leo-xiv-speaking.png?ve=1&amp;tl=1 2x\" height=\"405\" width=\"720\"><img loading=\"lazy\" decoding=\"async\" src=\"https:\/\/a57.foxnews.com\/static.foxnews.com\/foxnews.com\/content\/uploads\/2025\/05\/1200\/675\/pope-leo-xiv-speaking.png?ve=1&amp;tl=1\" alt=\"Papa Leo XIV hablando\" width=\"1200\" height=\"675\"\/><\/source><\/source><\/source><\/source><\/picture><\/div>\n<div class=\"info\">\n<div class=\"caption\">\n<p><span>Papa Leo XIV hablando con miembros del Cuerpo Diplom\u00e1tico en varios temas, incluida la familia<\/span> <span>(Medios del Vaticano)<\/span><\/p>\n<\/div>\n<\/div>\n<\/div>\n<p><strong>La leyenda del f\u00fatbol Lou Holtz llama a los cat\u00f3licos a &#8216;defender y alentar&#8217; al Papa Leo XIV<\/strong><\/p>\n<p>El Papa Leo, el primer estadounidense en dirigir la Iglesia Cat\u00f3lica y miembro de la Orden Augustiniana, reafirm\u00f3 la posici\u00f3n de la Iglesia contra el aborto, pidi\u00f3 protecci\u00f3n de la libertad religiosa y dijo que continuar\u00eda buscando un di\u00e1logo irreligioso.<\/p>\n<p>\u00abNadie est\u00e1 exento de esforzarse por garantizar el respeto por la dignidad de cada persona, especialmente la m\u00e1s fr\u00e1gil y vulnerable, desde los no nacidos hasta los ancianos, desde los enfermos hasta los desempleados, los ciudadanos e inmigrantes por igual\u00bb, dijo Leo.<\/p>\n<p>La reuni\u00f3n con el Cuerpo Diplom\u00e1tico del Vaticano es un protocolo est\u00e1ndar despu\u00e9s de la elecci\u00f3n de un nuevo Papa y le permite saludar a los representantes de los gobiernos mundiales antes de su misa de instalaci\u00f3n formal el domingo. El vicepresidente JD Vance, el secretario de Estado Marco Rubio y el presidente ucraniano Volodymyr Zelenskyy, junto con muchos otros l\u00edderes mundiales, asistir\u00e1n a la misa, dijo el Vaticano. <\/p>\n<p>Al enfatizar la dignidad para los inmigrantes, el Papa Leo se\u00f1al\u00f3 que su propia familia hab\u00eda emigrado a los Estados Unidos. Sus comentarios podr\u00edan conducir a la fricci\u00f3n con el presidente Donald Trump, quien busca deportar a millones de inmigrantes ilegales de los Estados Unidos Trump y el Papa Francisco tambi\u00e9n se enfrentaron p\u00fablicamente a la inmigraci\u00f3n. <\/p>\n<div class=\"image-ct inline\">\n<div class=\"m\"><picture><source media=\"(max-width: 767px)\" srcset=\"https:\/\/a57.foxnews.com\/static.foxnews.com\/foxnews.com\/content\/uploads\/2025\/05\/343\/192\/pope-leo-xiv-with-diplomatic-corps.png?ve=1&amp;tl=1, https:\/\/a57.foxnews.com\/static.foxnews.com\/foxnews.com\/content\/uploads\/2025\/05\/686\/384\/pope-leo-xiv-with-diplomatic-corps.png?ve=1&amp;tl=1 2x\" height=\"192\" width=\"343\"><source media=\"(min-width: 768px) and (max-width: 1023px)\" srcset=\"https:\/\/a57.foxnews.com\/static.foxnews.com\/foxnews.com\/content\/uploads\/2025\/05\/672\/378\/pope-leo-xiv-with-diplomatic-corps.png?ve=1&amp;tl=1, https:\/\/a57.foxnews.com\/static.foxnews.com\/foxnews.com\/content\/uploads\/2025\/05\/1344\/756\/pope-leo-xiv-with-diplomatic-corps.png?ve=1&amp;tl=1 2x\" height=\"378\" width=\"672\"><source media=\"(min-width: 1024px) and (max-width: 1279px)\" srcset=\"https:\/\/a57.foxnews.com\/static.foxnews.com\/foxnews.com\/content\/uploads\/2025\/05\/931\/523\/pope-leo-xiv-with-diplomatic-corps.png?ve=1&amp;tl=1, https:\/\/a57.foxnews.com\/static.foxnews.com\/foxnews.com\/content\/uploads\/2025\/05\/1862\/1046\/pope-leo-xiv-with-diplomatic-corps.png?ve=1&amp;tl=1 2x\" height=\"523\" width=\"931\"><source media=\"(min-width: 1280px)\" srcset=\"https:\/\/a57.foxnews.com\/static.foxnews.com\/foxnews.com\/content\/uploads\/2025\/05\/720\/405\/pope-leo-xiv-with-diplomatic-corps.png?ve=1&amp;tl=1, https:\/\/a57.foxnews.com\/static.foxnews.com\/foxnews.com\/content\/uploads\/2025\/05\/1440\/810\/pope-leo-xiv-with-diplomatic-corps.png?ve=1&amp;tl=1 2x\" height=\"405\" width=\"720\"><img loading=\"lazy\" decoding=\"async\" src=\"https:\/\/a57.foxnews.com\/static.foxnews.com\/foxnews.com\/content\/uploads\/2025\/05\/1200\/675\/pope-leo-xiv-with-diplomatic-corps.png?ve=1&amp;tl=1\" alt=\"Papa Francisco XIV con Cuerpo Diplom\u00e1tico\" width=\"1200\" height=\"675\"\/><\/source><\/source><\/source><\/source><\/picture><\/div>\n<div class=\"info\">\n<div class=\"caption\">\n<p><span>El Papa Leo XIV se re\u00fane con el Cuerpo Diplom\u00e1tico antes de su misa inaugural.<\/span> <span>(Medios del Vaticano)<\/span><\/p>\n<\/div>\n<\/div>\n<\/div>\n<p><strong>Los medios posicionan al Papa Leo XIV como un &#8216;contrapeso&#8217; potencial para Trump<\/strong><\/p>\n<p>\u00abMi propia historia es la de un ciudadano, el descendiente de los inmigrantes, que a su vez eligi\u00f3 emigrar\u00bb, dijo el Papa Leo a los embajadores del Vaticano.<\/p>\n<p>\u00abTodos nosotros, en el curso de nuestras vidas, podemos encontrarnos sanos o enfermos, empleados o desempleados, viviendo en nuestra tierra natal o en un pa\u00eds extranjero, sin embargo, nuestra dignidad siempre permanece sin cambios. Es la dignidad de una criatura voluntaria y amada por Dios\u00bb, agreg\u00f3.<\/p>\n<p>El padre del Papa Leo era de ascendencia francesa e italiana, mientras que su madre era de ascendencia espa\u00f1ola.<\/p>\n<div class=\"image-ct inline\">\n<div class=\"m\"><picture><source media=\"(max-width: 767px)\" srcset=\"https:\/\/a57.foxnews.com\/static.foxnews.com\/foxnews.com\/content\/uploads\/2025\/05\/343\/192\/pope-leo-xiv.jpg?ve=1&amp;tl=1, https:\/\/a57.foxnews.com\/static.foxnews.com\/foxnews.com\/content\/uploads\/2025\/05\/686\/384\/pope-leo-xiv.jpg?ve=1&amp;tl=1 2x\" height=\"192\" width=\"343\"><source media=\"(min-width: 768px) and (max-width: 1023px)\" srcset=\"https:\/\/a57.foxnews.com\/static.foxnews.com\/foxnews.com\/content\/uploads\/2025\/05\/672\/378\/pope-leo-xiv.jpg?ve=1&amp;tl=1, https:\/\/a57.foxnews.com\/static.foxnews.com\/foxnews.com\/content\/uploads\/2025\/05\/1344\/756\/pope-leo-xiv.jpg?ve=1&amp;tl=1 2x\" height=\"378\" width=\"672\"><source media=\"(min-width: 1024px) and (max-width: 1279px)\" srcset=\"https:\/\/a57.foxnews.com\/static.foxnews.com\/foxnews.com\/content\/uploads\/2025\/05\/931\/523\/pope-leo-xiv.jpg?ve=1&amp;tl=1, https:\/\/a57.foxnews.com\/static.foxnews.com\/foxnews.com\/content\/uploads\/2025\/05\/1862\/1046\/pope-leo-xiv.jpg?ve=1&amp;tl=1 2x\" height=\"523\" width=\"931\"><source media=\"(min-width: 1280px)\" srcset=\"https:\/\/a57.foxnews.com\/static.foxnews.com\/foxnews.com\/content\/uploads\/2025\/05\/720\/405\/pope-leo-xiv.jpg?ve=1&amp;tl=1, https:\/\/a57.foxnews.com\/static.foxnews.com\/foxnews.com\/content\/uploads\/2025\/05\/1440\/810\/pope-leo-xiv.jpg?ve=1&amp;tl=1 2x\" height=\"405\" width=\"720\"><img loading=\"lazy\" decoding=\"async\" src=\"https:\/\/a57.foxnews.com\/static.foxnews.com\/foxnews.com\/content\/uploads\/2025\/05\/1200\/675\/pope-leo-xiv.jpg?ve=1&amp;tl=1\" alt=\"El reci\u00e9n elegido Papa Leo XIV, anteriormente conocido como el cardenal Robert Francis Prevost\" width=\"1200\" height=\"675\"\/><\/source><\/source><\/source><\/source><\/picture><\/div>\n<div class=\"info\">\n<div class=\"caption\">\n<p><span>El Papa Leo XIV aparece en el balc\u00f3n de la Bas\u00edlica de San Pedro en el Vaticano, el 8 de mayo de 2025. <\/span> <span>(Andrew Medichini\/AP)<\/span><\/p>\n<\/div>\n<\/div>\n<\/div>\n<p><strong>Haga clic aqu\u00ed para obtener la aplicaci\u00f3n Fox News<\/strong><\/p>\n<p>El Papa Leo pidi\u00f3 a los asistentes que tengan en cuenta tres palabras esenciales: \u00abpaz\u00bb, \u00abjusticia\u00bb y \u00abverdad\u00bb, y dijeron que representan los pilares de la actividad misionera de la iglesia y el objetivo de la diplomacia de la Santa Sede. <\/p>\n<p>La verdad, por ejemplo, dijo, \u00abno crea divisi\u00f3n, sino que nos permite enfrentar a\u00fan m\u00e1s los desaf\u00edos de nuestro tiempo, como la migraci\u00f3n, el uso \u00e9tico de la inteligencia artificial y la protecci\u00f3n de nuestro amado planeta Tierra\u00bb.<\/p>\n<p>\u00abEstos son desaf\u00edos que requieren compromiso y cooperaci\u00f3n por parte de todos, ya que nadie puede pensar en enfrentarlos solo.<\/p>\n<p><i>Reuters y Associated Press contribuyeron a este informe. <\/i><\/p>\n<p> <!----> <\/p>\n<div class=\"article-meta\">\n<div class=\"author-bio\">\n<p>Michael Dorgan es escritor de Fox News Digital y Fox Business.<\/p>\n<p>Puede enviar consejos a Michael.dorgan@fox.com y seguirlo en Twitter @M_Dorgan.<\/p>\n<\/div>\n<\/div>\n<\/div>\n\n","protected":false},"excerpt":{"rendered":"<p>Mundo, los medios de comunicaci\u00f3n reaccionan a la elecci\u00f3n del Papa Leo XIV La escritora Outkick Mary Katharine Ham y la estratega dem\u00f3crata Kevin Walling se unen a MediaBuzz para discutir la elecci\u00f3n del Papa Leo XIV, el primer Papa Americano en la historia, y el acuerdo comercial de los Estados Unidos con el Reino &hellip;<\/p>\n","protected":false},"author":1,"featured_media":27714,"comment_status":"open","ping_status":"open","sticky":false,"template":"","format":"standard","meta":{"fifu_image_url":"https:\/\/static.foxnews.com\/foxnews.com\/content\/uploads\/2025\/05\/pope-leo-media-3.jpg","fifu_image_alt":"","footnotes":""},"categories":[13],"tags":[],"class_list":["post-27712","post","type-post","status-publish","format-standard","has-post-thumbnail","","category-mundo"],"_links":{"self":[{"href":"https:\/\/noticiasveraces.com\/index.php?rest_route=\/wp\/v2\/posts\/27712","targetHints":{"allow":["GET"]}}],"collection":[{"href":"https:\/\/noticiasveraces.com\/index.php?rest_route=\/wp\/v2\/posts"}],"about":[{"href":"https:\/\/noticiasveraces.com\/index.php?rest_route=\/wp\/v2\/types\/post"}],"author":[{"embeddable":true,"href":"https:\/\/noticiasveraces.com\/index.php?rest_route=\/wp\/v2\/users\/1"}],"replies":[{"embeddable":true,"href":"https:\/\/noticiasveraces.com\/index.php?rest_route=%2Fwp%2Fv2%2Fcomments&post=27712"}],"version-history":[{"count":0,"href":"https:\/\/noticiasveraces.com\/index.php?rest_route=\/wp\/v2\/posts\/27712\/revisions"}],"wp:featuredmedia":[{"embeddable":true,"href":"https:\/\/noticiasveraces.com\/index.php?rest_route=\/wp\/v2\/media\/27714"}],"wp:attachment":[{"href":"https:\/\/noticiasveraces.com\/index.php?rest_route=%2Fwp%2Fv2%2Fmedia&parent=27712"}],"wp:term":[{"taxonomy":"category","embeddable":true,"href":"https:\/\/noticiasveraces.com\/index.php?rest_route=%2Fwp%2Fv2%2Fcategories&post=27712"},{"taxonomy":"post_tag","embeddable":true,"href":"https:\/\/noticiasveraces.com\/index.php?rest_route=%2Fwp%2Fv2%2Ftags&post=27712"}],"curies":[{"name":"wp","href":"https:\/\/api.w.org\/{rel}","templated":true}]}}