{"id":27691,"date":"2025-05-17T15:09:59","date_gmt":"2025-05-17T19:09:59","guid":{"rendered":"https:\/\/noticiasveraces.com\/?p=27691"},"modified":"2025-05-17T15:09:59","modified_gmt":"2025-05-17T19:09:59","slug":"un-hombre-apunala-a-su-mujer-e-hijo-ambos-fuera-de-peligro-y-se-suicida-en-cullar-vega-granada-sociedad","status":"publish","type":"post","link":"https:\/\/noticiasveraces.com\/?p=27691","title":{"rendered":"Un hombre apu\u00f1ala a su mujer e hijo, ambos fuera de peligro, y se suicida en C\u00fallar Vega (Granada) | Sociedad"},"content":{"rendered":"<p> \n<br \/><img decoding=\"async\" src=\"https:\/\/imagenes.elpais.com\/resizer\/v2\/2LJOK5MCWJHB7FCNMEZXWW4IME.jpg?auth=1a948bd07b80fa218806e34645d94eece92d77bae83a4e0a4a228daf8d9e0a35\" \/><\/p>\n<div data-dtm-region=\"articulo_cuerpo\">\n<p class=\"\">La Guardia Civil investiga el apu\u00f1alamiento en C\u00fallar Vega (Granada) de una mujer y su hijo, ambos fuera de peligro, seg\u00fan las primeras investigaciones por parte de la pareja de ella, que posteriormente se ha suicidado arroj\u00e1ndose desde un \u00e1tico.<\/p>\n<p class=\"\">Seg\u00fan han indicado fuentes de la Guardia Civil, los hechos han ocurrido en la ma\u00f1ana de este s\u00e1bado en una vivienda de este municipio de cerca de 8.000 habitantes del \u00e1rea metropolitana de Granada. Aunque las causas est\u00e1n siendo investigadas, se ha activado el sistema VioG\u00e9n ante la posibilidad de que se trate de un caso de violencia machista. <\/p>\n<p class=\"\">Los primeros indicios, a\u00fan por confirmar, apuntan a que el hombre habr\u00eda apu\u00f1alado a la mujer, de 58 a\u00f1os, en presencia de su hijo, de 20 a\u00f1os, quien tambi\u00e9n habr\u00eda resultado herido al intentar forcejear con el presunto agresor. <\/p>\n<p class=\"\">Ambos fueron trasladados a un hospital de Granada con heridas de arma blanca: la mujer, con pu\u00f1aladas en el cuello y la espalda, se encuentra estable dentro de la gravedad; y el hijo, con heridas en las manos, seg\u00fan han informado fuentes de la Delegaci\u00f3n de Salud. <\/p>\n<p class=\"\">El presunto agresor, de 59 a\u00f1os, seg\u00fan fuentes municipales, ha fallecido tras arrojarse despu\u00e9s al vac\u00edo desde el inmueble donde habr\u00eda intentado perpetrar el crimen, situado en un tercer piso y ubicado en el entorno de la calle San Isidro de este municipio granadino. <\/p>\n<p class=\"\">Fuentes municipales han indicado que se trata de una familia con dos hijos que llevaba pocos meses residiendo en la localidad y que la mujer no hab\u00eda pedido ayuda al centro municipal de atenci\u00f3n a la mujer. En el momento de los hechos estaba presente uno de los dos hijos, el joven de 20 a\u00f1os que result\u00f3 herido en el forcejeo. El Ayuntamiento tiene previsto convocar un acto de repulsa de confirmarse que se trata de un caso de violencia machista.<\/p>\n<p class=\"\"><i>El tel\u00e9fono 016 atiende a las v\u00edctimas de violencia machista, a sus familias y a su entorno las 24 horas del d\u00eda, todos los d\u00edas del a\u00f1o, en 53 idiomas diferentes. El n\u00famero no queda registrado en la factura telef\u00f3nica, pero hay que borrar la llamada del dispositivo. Tambi\u00e9n se puede contactar a trav\u00e9s del correo electr\u00f3nico <\/i><i>016-online@igualdad.gob.es<\/i><i>  y por WhatsApp en el n\u00famero 600 000 016. Los menores pueden dirigirse al tel\u00e9fono de la Fundaci\u00f3n ANAR 900 20 20 10. Si es una situaci\u00f3n de emergencia, se puede llamar al 112 o a los tel\u00e9fonos de la Polic\u00eda Nacional (091) y de la Guardia Civil (062). Y en caso de no poder llamar, se puede recurrir a la aplicaci\u00f3n ALERTCOPS, desde la que se env\u00eda una se\u00f1al de alerta a la Polic\u00eda con geolocalizaci\u00f3n.<\/i><\/p>\n<\/div>\n\n","protected":false},"excerpt":{"rendered":"<p>La Guardia Civil investiga el apu\u00f1alamiento en C\u00fallar Vega (Granada) de una mujer y su hijo, ambos fuera de peligro, seg\u00fan las primeras investigaciones por parte de la pareja de ella, que posteriormente se ha suicidado arroj\u00e1ndose desde un \u00e1tico. Seg\u00fan han indicado fuentes de la Guardia Civil, los hechos han ocurrido en la ma\u00f1ana &hellip;<\/p>\n","protected":false},"author":1,"featured_media":27693,"comment_status":"open","ping_status":"open","sticky":false,"template":"","format":"standard","meta":{"fifu_image_url":"https:\/\/imagenes.elpais.com\/resizer\/v2\/2LJOK5MCWJHB7FCNMEZXWW4IME.jpg?auth=1a948bd07b80fa218806e34645d94eece92d77bae83a4e0a4a228daf8d9e0a35&width=1200","fifu_image_alt":"","footnotes":""},"categories":[11],"tags":[],"class_list":["post-27691","post","type-post","status-publish","format-standard","has-post-thumbnail","","category-viaje"],"_links":{"self":[{"href":"https:\/\/noticiasveraces.com\/index.php?rest_route=\/wp\/v2\/posts\/27691","targetHints":{"allow":["GET"]}}],"collection":[{"href":"https:\/\/noticiasveraces.com\/index.php?rest_route=\/wp\/v2\/posts"}],"about":[{"href":"https:\/\/noticiasveraces.com\/index.php?rest_route=\/wp\/v2\/types\/post"}],"author":[{"embeddable":true,"href":"https:\/\/noticiasveraces.com\/index.php?rest_route=\/wp\/v2\/users\/1"}],"replies":[{"embeddable":true,"href":"https:\/\/noticiasveraces.com\/index.php?rest_route=%2Fwp%2Fv2%2Fcomments&post=27691"}],"version-history":[{"count":0,"href":"https:\/\/noticiasveraces.com\/index.php?rest_route=\/wp\/v2\/posts\/27691\/revisions"}],"wp:featuredmedia":[{"embeddable":true,"href":"https:\/\/noticiasveraces.com\/index.php?rest_route=\/wp\/v2\/media\/27693"}],"wp:attachment":[{"href":"https:\/\/noticiasveraces.com\/index.php?rest_route=%2Fwp%2Fv2%2Fmedia&parent=27691"}],"wp:term":[{"taxonomy":"category","embeddable":true,"href":"https:\/\/noticiasveraces.com\/index.php?rest_route=%2Fwp%2Fv2%2Fcategories&post=27691"},{"taxonomy":"post_tag","embeddable":true,"href":"https:\/\/noticiasveraces.com\/index.php?rest_route=%2Fwp%2Fv2%2Ftags&post=27691"}],"curies":[{"name":"wp","href":"https:\/\/api.w.org\/{rel}","templated":true}]}}