{"id":27689,"date":"2025-05-17T15:07:45","date_gmt":"2025-05-17T19:07:45","guid":{"rendered":"https:\/\/noticiasveraces.com\/?p=27689"},"modified":"2025-05-17T15:07:45","modified_gmt":"2025-05-17T19:07:45","slug":"espana-pide-presionar-a-israel-para-parar-masacre-en-gaza-dw-17-05-2025","status":"publish","type":"post","link":"https:\/\/noticiasveraces.com\/?p=27689","title":{"rendered":"Espa\u00f1a pide presionar a Israel para \u00abparar masacre en Gaza\u00bb \u2013 DW \u2013 17\/05\/2025"},"content":{"rendered":"<p> \n<\/p>\n<div>\n<p>El presidente del gobierno espa\u00f1ol Pedro S\u00e1nchez llam\u00f3 este s\u00e1bado (17.05.2025) desde Bagdad, donde participa en una cumbre de la Liga \u00c1rabe, a \u00abredoblar\u00bb la presi\u00f3n sobre Israel para que se llegue al fin del conflicto en la Franja de Gaza.<\/p>\n<p>Hay \u00abcifras inaceptables que vulneran cualquier noci\u00f3n b\u00e1sica del principio de humanidad\u00bb, dijo S\u00e1nchez en referencia al n\u00famero de muertos y heridos en el enclave palestino.<\/p>\n<p>El dirigente socialista precis\u00f3 que Espa\u00f1a impulsar\u00e1 una propuesta ante la ONU \u00abpara que la Corte Internacional de Justicia se pronuncie sobre el cumplimiento por parte de Israel de sus obligaciones internacionales, en relaci\u00f3n con el acceso de la ayuda humanitaria a Gaza\u00bb, actualmente bloqueada por el Estado hebreo.<\/p>\n<figure class=\"placeholder-image master_landscape big\"><img data-format=\"MASTER_LANDSCAPE\" data-id=\"72574375\" data-url=\"https:\/\/static.dw.com\/image\/72574375_${formatId}.jpg\" data-aspect-ratio=\"16\/9\" alt=\"El ministro de Asuntos Exteriores iraqu\u00ed, Fuad Hussein, se re\u00fane con el presidente del gobierno espa\u00f1ol Pedro S\u00e1nchez antes de la cumbre de la Liga \u00c1rabe, en Bagdad, Irak (16.05.2025)\" style=\"padding-bottom: 56.25%; height: 0; max-height: 0;\"\/><figcaption class=\"img-caption\">El ministro de Asuntos Exteriores iraqu\u00ed, Fuad Hussein, se re\u00fane con el presidente del gobierno espa\u00f1ol Pedro S\u00e1nchez antes de la cumbre de la Liga \u00c1rabe, en Bagdad, Irak (16.05.2025)<small class=\"copyright\">Imagen: Murtadha AL-Sudani\/REUTERS<\/small><\/figcaption><\/figure>\n<p>\u00abLa grav\u00edsima crisis humanitaria que padece Gaza desde octubre de 2023 ha dejado m\u00e1s de 50.000 muertos, 100.000 heridos y 2 millones de desplazados internos\u00bb, record\u00f3 el jefe del ejecutivo, una de las voces europeas m\u00e1s cr\u00edticas con la estrategia israel\u00ed.<\/p>\n<p>El dirigente espa\u00f1ol anunci\u00f3 que su pa\u00eds tambi\u00e9n impulsar\u00e1 otro proyecto de resoluci\u00f3n ante la ONU \u00abpara exigir a Israel el fin del bloqueo humanitario impuesto a Gaza\u00bb desde marzo \u00aby el acceso completo y sin restricciones a la asistencia humanitaria\u00bb.<\/p>\n<p>Adem\u00e1s S\u00e1nchez reiter\u00f3 que la \u00abla prioridad\u00bb es avanzar en la soluci\u00f3n pol\u00edtica, por lo que apoya una conferencia de paz que se celebrar\u00e1 en junio en Nueva York, copresidida por Francia y Arabia Saudita.<\/p>\n<p>El presidente Emmanuel Macron anunci\u00f3 en abril que Francia podr\u00eda reconocer al Estado palestino \u00aben junio\u00bb, durante la conferencia que copresidir\u00e1 junto a Arabia Saudita, una oportunidad que seg\u00fan el mandatario franc\u00e9s permitir\u00eda tambi\u00e9n que varios pa\u00edses reconozcan a Israel.<\/p>\n<p>RR (AFP\/La Vanguardy)<\/p>\n<\/div>\n\n","protected":false},"excerpt":{"rendered":"<p>El presidente del gobierno espa\u00f1ol Pedro S\u00e1nchez llam\u00f3 este s\u00e1bado (17.05.2025) desde Bagdad, donde participa en una cumbre de la Liga \u00c1rabe, a \u00abredoblar\u00bb la presi\u00f3n sobre Israel para que se llegue al fin del conflicto en la Franja de Gaza. Hay \u00abcifras inaceptables que vulneran cualquier noci\u00f3n b\u00e1sica del principio de humanidad\u00bb, dijo S\u00e1nchez &hellip;<\/p>\n","protected":false},"author":1,"featured_media":27690,"comment_status":"open","ping_status":"open","sticky":false,"template":"","format":"standard","meta":{"fifu_image_url":"https:\/\/static.dw.com\/image\/72311797_6.jpg","fifu_image_alt":"","footnotes":""},"categories":[13],"tags":[],"class_list":["post-27689","post","type-post","status-publish","format-standard","has-post-thumbnail","","category-mundo"],"_links":{"self":[{"href":"https:\/\/noticiasveraces.com\/index.php?rest_route=\/wp\/v2\/posts\/27689","targetHints":{"allow":["GET"]}}],"collection":[{"href":"https:\/\/noticiasveraces.com\/index.php?rest_route=\/wp\/v2\/posts"}],"about":[{"href":"https:\/\/noticiasveraces.com\/index.php?rest_route=\/wp\/v2\/types\/post"}],"author":[{"embeddable":true,"href":"https:\/\/noticiasveraces.com\/index.php?rest_route=\/wp\/v2\/users\/1"}],"replies":[{"embeddable":true,"href":"https:\/\/noticiasveraces.com\/index.php?rest_route=%2Fwp%2Fv2%2Fcomments&post=27689"}],"version-history":[{"count":0,"href":"https:\/\/noticiasveraces.com\/index.php?rest_route=\/wp\/v2\/posts\/27689\/revisions"}],"wp:featuredmedia":[{"embeddable":true,"href":"https:\/\/noticiasveraces.com\/index.php?rest_route=\/wp\/v2\/media\/27690"}],"wp:attachment":[{"href":"https:\/\/noticiasveraces.com\/index.php?rest_route=%2Fwp%2Fv2%2Fmedia&parent=27689"}],"wp:term":[{"taxonomy":"category","embeddable":true,"href":"https:\/\/noticiasveraces.com\/index.php?rest_route=%2Fwp%2Fv2%2Fcategories&post=27689"},{"taxonomy":"post_tag","embeddable":true,"href":"https:\/\/noticiasveraces.com\/index.php?rest_route=%2Fwp%2Fv2%2Ftags&post=27689"}],"curies":[{"name":"wp","href":"https:\/\/api.w.org\/{rel}","templated":true}]}}