{"id":27681,"date":"2025-05-17T12:04:42","date_gmt":"2025-05-17T16:04:42","guid":{"rendered":"https:\/\/noticiasveraces.com\/?p=27681"},"modified":"2025-05-17T12:04:42","modified_gmt":"2025-05-17T16:04:42","slug":"liga-arabe-pide-detener-el-derramamiento-de-sangre-en-gaza-dw-17-05-2025","status":"publish","type":"post","link":"https:\/\/noticiasveraces.com\/?p=27681","title":{"rendered":"Liga \u00c1rabe pide \u00abdetener el derramamiento de sangre\u00bb en Gaza \u2013 DW \u2013 17\/05\/2025"},"content":{"rendered":"<p> \n<\/p>\n<div>\n<p>\u00abInstamos a la comunidad internacional, especialmente a los Estados influyentes, a asumir su responsabilidad moral y legal para presionar por el fin del derramamiento de sangre y garantizar el libre acceso de la ayuda humanitaria urgente a todas las zonas necesitadas de Gaza\u00bb, dijeron los dirigentes \u00e1rabes en la declaraci\u00f3n final conjunta de la cumbre de la Liga \u00c1rabe celebrada este s\u00e1bado (17.05.2025) en la capital de Irak, Bagdad.<\/p>\n<p>Tambi\u00e9n reclamaron fondos para financiar su plan de reconstrucci\u00f3n de la Franja de Gaza, devastada por una guerra entre el movimiento islamista palestino Ham\u00e1s e Israel. En el mismo comunicado final, de 32 puntos y bautizado ya como Declaraci\u00f3n de Bagdad, los mandatarios llamaron a los \u00abpa\u00edses y a las instituciones financieras regionales e internacionales a proporcionar apoyo financiero r\u00e1pido\u00bb para sufragar su plan de reconstrucci\u00f3n de la Franja de Gaza. La iniciativa prev\u00e9 un fondo destinado a financiar la reconstrucci\u00f3n del territorio palestino por un monto de 53.000 millones de d\u00f3lares en un plazo de cinco a\u00f1os.<\/p>\n<p><span data-slot-id=\"Article_InContent-1\" class=\"rich-text-ad\"\/><\/p>\n<h2>En plena ofensiva terrestre israel\u00ed<\/h2>\n<p>Los pa\u00edses \u00e1rabes afirmaron \u00abla centralidad de la causa palestina como causa de la naci\u00f3n y eje de la estabilidad en la regi\u00f3n\u00bb, as\u00ed como su \u00abapoyo incondicional a los derechos inalienables del pueblo palestino\u00bb. Por ello, condenaron \u00abtodas las medidas y pr\u00e1cticas ileg\u00edtimas de Israel, la potencia ocupante, que atentan contra el hermano pueblo palestino y lo privan de su derecho a la libertad, la vida y la dignidad humana, garantizados por las leyes divinas y el derecho internacional\u00bb. Tambi\u00e9n exigieron \u00abel despliegue de fuerzas internacionales de protecci\u00f3n y mantenimiento de la paz bajo los auspicios de las Naciones Unidas en el territorio palestino ocupado hasta que se implemente la soluci\u00f3n de dos Estados\u00bb.<\/p>\n<p>Israel inici\u00f3 esta madrugada una nueva gran ofensiva terrestre en Gaza, como ya hab\u00eda adelantado su primer ministro, Benjam\u00edn Netanyahu. El presidente del Gobierno de Espa\u00f1a, Pedro S\u00e1nchez, que particip\u00f3 en la cumbre de la Liga \u00c1rabe como invitado, pidi\u00f3 tambi\u00e9n presionar a Israel para \u00abparar la masacre en Gaza\u00bb. El gobierno alem\u00e1n tambi\u00e9n ha expresado, a trav\u00e9s de un comunicado, su \u00abprofunda preocupaci\u00f3n\u00bb por la ofensiva en Gaza, tanto por la \u00absituaci\u00f3n humanitaria catastr\u00f3fica\u00bb como por que \u00abpodr\u00eda poner en riesgo la vida de los rehenes restantes, incluidos los rehenes alemanes\u00bb, subray\u00f3 el Ministerio de Asuntos Exteriores desde Berl\u00edn.<\/p>\n<p>LGC (AFP, EFE)<\/p>\n<figure class=\"placeholder-image master_landscape big\"><img data-format=\"MASTER_LANDSCAPE\" data-id=\"72573208\" data-url=\"https:\/\/static.dw.com\/image\/72573208_${formatId}.jpg\" data-aspect-ratio=\"16\/9\" alt=\"Columnas de humo al norte de la Franja de Gaza durante la ofensiva israel\u00ed contra el enclave palestino.\" style=\"padding-bottom: 56.25%; height: 0; max-height: 0;\"\/><figcaption class=\"img-caption\">Columnas de humo al norte de la Franja de Gaza durante la ofensiva israel\u00ed contra el enclave palestino.<small class=\"copyright\">Imagen: Maya Alleruzzo\/AP Photo\/Picture Alliance<\/small><\/figcaption><\/figure>\n<\/div>\n\n","protected":false},"excerpt":{"rendered":"<p>\u00abInstamos a la comunidad internacional, especialmente a los Estados influyentes, a asumir su responsabilidad moral y legal para presionar por el fin del derramamiento de sangre y garantizar el libre acceso de la ayuda humanitaria urgente a todas las zonas necesitadas de Gaza\u00bb, dijeron los dirigentes \u00e1rabes en la declaraci\u00f3n final conjunta de la cumbre &hellip;<\/p>\n","protected":false},"author":1,"featured_media":27682,"comment_status":"open","ping_status":"open","sticky":false,"template":"","format":"standard","meta":{"fifu_image_url":"https:\/\/static.dw.com\/image\/72575694_6.jpg","fifu_image_alt":"","footnotes":""},"categories":[13],"tags":[],"class_list":["post-27681","post","type-post","status-publish","format-standard","has-post-thumbnail","","category-mundo"],"_links":{"self":[{"href":"https:\/\/noticiasveraces.com\/index.php?rest_route=\/wp\/v2\/posts\/27681","targetHints":{"allow":["GET"]}}],"collection":[{"href":"https:\/\/noticiasveraces.com\/index.php?rest_route=\/wp\/v2\/posts"}],"about":[{"href":"https:\/\/noticiasveraces.com\/index.php?rest_route=\/wp\/v2\/types\/post"}],"author":[{"embeddable":true,"href":"https:\/\/noticiasveraces.com\/index.php?rest_route=\/wp\/v2\/users\/1"}],"replies":[{"embeddable":true,"href":"https:\/\/noticiasveraces.com\/index.php?rest_route=%2Fwp%2Fv2%2Fcomments&post=27681"}],"version-history":[{"count":0,"href":"https:\/\/noticiasveraces.com\/index.php?rest_route=\/wp\/v2\/posts\/27681\/revisions"}],"wp:featuredmedia":[{"embeddable":true,"href":"https:\/\/noticiasveraces.com\/index.php?rest_route=\/wp\/v2\/media\/27682"}],"wp:attachment":[{"href":"https:\/\/noticiasveraces.com\/index.php?rest_route=%2Fwp%2Fv2%2Fmedia&parent=27681"}],"wp:term":[{"taxonomy":"category","embeddable":true,"href":"https:\/\/noticiasveraces.com\/index.php?rest_route=%2Fwp%2Fv2%2Fcategories&post=27681"},{"taxonomy":"post_tag","embeddable":true,"href":"https:\/\/noticiasveraces.com\/index.php?rest_route=%2Fwp%2Fv2%2Ftags&post=27681"}],"curies":[{"name":"wp","href":"https:\/\/api.w.org\/{rel}","templated":true}]}}