{"id":27652,"date":"2025-05-17T07:57:50","date_gmt":"2025-05-17T11:57:50","guid":{"rendered":"https:\/\/noticiasveraces.com\/?p=27652"},"modified":"2025-05-17T07:57:50","modified_gmt":"2025-05-17T11:57:50","slug":"la-huelga-de-aviones-no-tripulados-rusos-en-ucrania-mata-a-9-hiere-4-despues-de-las-conversaciones-de-paz-dicen-las-autoridades","status":"publish","type":"post","link":"https:\/\/noticiasveraces.com\/?p=27652","title":{"rendered":"La huelga de aviones no tripulados rusos en Ucrania mata a 9, hiere 4 despu\u00e9s de las conversaciones de paz, dicen las autoridades"},"content":{"rendered":"<p> \n<\/p>\n<div>\n<p class=\"speakable\">Una huelga de aviones no tripulados rusos golpe\u00f3 un autob\u00fas de pasajeros en el noreste de Ucrania el s\u00e1bado, matando a nueve personas e hiriendo a otras cuatro, alegan funcionarios ucranianos. <\/p>\n<p class=\"speakable\">El ataque se produjo solo unas horas despu\u00e9s de que los funcionarios rusos y ucranianos realizaron sus primeras conversaciones de paz directa en a\u00f1os, aunque las dos partes no llegaron a un acuerdo de alto el fuego para el conflicto que comenz\u00f3 con una invasi\u00f3n de febrero de 2022 por parte de Mosc\u00fa.<\/p>\n<p>La Polic\u00eda Nacional de Ucrania public\u00f3 fotos que muestran las secuelas de la huelga del s\u00e1bado en la ciudad de Bilopillia en la regi\u00f3n de Sumy. La ciudad est\u00e1 a unas seis millas de la l\u00ednea del frente y la frontera con Rusia.<\/p>\n<p>\u00abEste es otro crimen de guerra de Rusia: una huelga deliberada sobre el transporte civil que no representaba una amenaza\u00bb, dijo la administraci\u00f3n regional de Sumy en Telegram.<\/p>\n<p><strong>Zelenskyy habla con los aliados de Trump despu\u00e9s de que Rusia Peace Talks Broker no Cesefire<\/strong><\/p>\n<div class=\"image-ct inline\">\n<div class=\"m\"><picture><source media=\"(max-width: 767px)\" srcset=\"https:\/\/a57.foxnews.com\/static.foxnews.com\/foxnews.com\/content\/uploads\/2025\/05\/343\/192\/busattack.png?ve=1&amp;tl=1, https:\/\/a57.foxnews.com\/static.foxnews.com\/foxnews.com\/content\/uploads\/2025\/05\/686\/384\/busattack.png?ve=1&amp;tl=1 2x\" height=\"192\" width=\"343\"><source media=\"(min-width: 768px) and (max-width: 1023px)\" srcset=\"https:\/\/a57.foxnews.com\/static.foxnews.com\/foxnews.com\/content\/uploads\/2025\/05\/672\/378\/busattack.png?ve=1&amp;tl=1, https:\/\/a57.foxnews.com\/static.foxnews.com\/foxnews.com\/content\/uploads\/2025\/05\/1344\/756\/busattack.png?ve=1&amp;tl=1 2x\" height=\"378\" width=\"672\"><source media=\"(min-width: 1024px) and (max-width: 1279px)\" srcset=\"https:\/\/a57.foxnews.com\/static.foxnews.com\/foxnews.com\/content\/uploads\/2025\/05\/931\/523\/busattack.png?ve=1&amp;tl=1, https:\/\/a57.foxnews.com\/static.foxnews.com\/foxnews.com\/content\/uploads\/2025\/05\/1862\/1046\/busattack.png?ve=1&amp;tl=1 2x\" height=\"523\" width=\"931\"><source media=\"(min-width: 1280px)\" srcset=\"https:\/\/a57.foxnews.com\/static.foxnews.com\/foxnews.com\/content\/uploads\/2025\/05\/720\/405\/busattack.png?ve=1&amp;tl=1, https:\/\/a57.foxnews.com\/static.foxnews.com\/foxnews.com\/content\/uploads\/2025\/05\/1440\/810\/busattack.png?ve=1&amp;tl=1 2x\" height=\"405\" width=\"720\"><img loading=\"lazy\" decoding=\"async\" src=\"https:\/\/a57.foxnews.com\/static.foxnews.com\/foxnews.com\/content\/uploads\/2025\/05\/1200\/675\/busattack.png?ve=1&amp;tl=1\" alt=\"Los rescatadores recuperan los cuerpos de los pasajeros\" width=\"1200\" height=\"675\"\/><\/source><\/source><\/source><\/source><\/picture><\/div>\n<div class=\"info\">\n<div class=\"caption\">\n<p><span>Los rescatistas recuperan los cuerpos de los pasajeros despu\u00e9s de que un dron ruso golpe\u00f3 un autob\u00fas de pasajeros en el pueblo de Bilopilly en la regi\u00f3n de Sumy, Ucrania, el s\u00e1bado 17 de mayo de 2025.<\/span> <span>(Servicio de emergencia ucraniano a trav\u00e9s de AP)<\/span><\/p>\n<\/div>\n<\/div>\n<\/div>\n<p>El presidente ucraniano, Volodymyr Zelenskyy, describi\u00f3 el ataque como \u00abasesinato deliberado de civiles\u00bb.<\/p>\n<p>Se ha declarado un per\u00edodo de luto en Bilopillia de s\u00e1bado a lunes. El jefe de la comunidad local, Yurii Zarko, llam\u00f3 al d\u00eda del ataque \u00abS\u00e1bado Negro\u00bb.<\/p>\n<p>Los pasajeros en el autob\u00fas estaban siendo evacuados de Bilopillia cuando el dron golpe\u00f3, seg\u00fan los medios de comunicaci\u00f3n locales Sospilne. Las autoridades estaban trabajando para identificar a algunas de las v\u00edctimas, la mayor\u00eda de las cuales eran mujeres mayores.<\/p>\n<p>Las v\u00edctimas heridas fueron transportadas a un hospital en Sumy, la capital regional. Tres personas fueron incluidas en estado grave.<\/p>\n<p>El s\u00e1bado por la ma\u00f1ana, el Ministerio de Defensa de Rusia afirm\u00f3 que sus fuerzas golpearon un \u00e1rea de puesta en escena militar en la regi\u00f3n de Sumy, a unas 31 millas al sureste de Bilopillia, pero no mencionaron ning\u00fan otro ataques en el \u00e1rea.<\/p>\n<p>No estaba claro de inmediato c\u00f3mo la huelga afectar\u00eda los esfuerzos de paz.<\/p>\n<p>El viernes, los funcionarios rusos y ucranianos se reunieron en Turqu\u00eda en un intento de alcanzar un alto el fuego temporal, pero las conversaciones terminaron en menos de dos horas sin una tregua. Las negociaciones fueron las primeras conversaciones cara a cara entre los dos pa\u00edses desde las primeras semanas de la guerra.<\/p>\n<div class=\"image-ct inline\">\n<div class=\"m\"><picture><source media=\"(max-width: 767px)\" srcset=\"https:\/\/a57.foxnews.com\/static.foxnews.com\/foxnews.com\/content\/uploads\/2025\/05\/343\/192\/russian-and-ukrainian-delegations.png?ve=1&amp;tl=1, https:\/\/a57.foxnews.com\/static.foxnews.com\/foxnews.com\/content\/uploads\/2025\/05\/686\/384\/russian-and-ukrainian-delegations.png?ve=1&amp;tl=1 2x\" height=\"192\" width=\"343\"><source media=\"(min-width: 768px) and (max-width: 1023px)\" srcset=\"https:\/\/a57.foxnews.com\/static.foxnews.com\/foxnews.com\/content\/uploads\/2025\/05\/672\/378\/russian-and-ukrainian-delegations.png?ve=1&amp;tl=1, https:\/\/a57.foxnews.com\/static.foxnews.com\/foxnews.com\/content\/uploads\/2025\/05\/1344\/756\/russian-and-ukrainian-delegations.png?ve=1&amp;tl=1 2x\" height=\"378\" width=\"672\"><source media=\"(min-width: 1024px) and (max-width: 1279px)\" srcset=\"https:\/\/a57.foxnews.com\/static.foxnews.com\/foxnews.com\/content\/uploads\/2025\/05\/931\/523\/russian-and-ukrainian-delegations.png?ve=1&amp;tl=1, https:\/\/a57.foxnews.com\/static.foxnews.com\/foxnews.com\/content\/uploads\/2025\/05\/1862\/1046\/russian-and-ukrainian-delegations.png?ve=1&amp;tl=1 2x\" height=\"523\" width=\"931\"><source media=\"(min-width: 1280px)\" srcset=\"https:\/\/a57.foxnews.com\/static.foxnews.com\/foxnews.com\/content\/uploads\/2025\/05\/720\/405\/russian-and-ukrainian-delegations.png?ve=1&amp;tl=1, https:\/\/a57.foxnews.com\/static.foxnews.com\/foxnews.com\/content\/uploads\/2025\/05\/1440\/810\/russian-and-ukrainian-delegations.png?ve=1&amp;tl=1 2x\" height=\"405\" width=\"720\"><img loading=\"lazy\" decoding=\"async\" src=\"https:\/\/a57.foxnews.com\/static.foxnews.com\/foxnews.com\/content\/uploads\/2025\/05\/1200\/675\/russian-and-ukrainian-delegations.png?ve=1&amp;tl=1\" alt=\"Delegaciones rusas y ucranianas\" width=\"1200\" height=\"675\"\/><\/source><\/source><\/source><\/source><\/picture><\/div>\n<div class=\"info\">\n<div class=\"caption\">\n<p><span>Las delegaciones rusas y ucranianas asisten a conversaciones en el Palacio Dolmabache, en Estambul, Turqu\u00eda, el viernes 16 de mayo de 2025.<\/span> <span>(AP)<\/span><\/p>\n<\/div>\n<\/div>\n<\/div>\n<p>Ambas partes acordaron un gran intercambio de prisioneros, pero permanecieron muy separados en condiciones clave para terminar el conflicto.<\/p>\n<p>Una condici\u00f3n para Ucrania, que tiene el respaldo de sus aliados occidentales, es un alto el fuego temporal como primer paso hacia un asentamiento pac\u00edfico. Rusia, sin embargo, ha empujado contra la tregua, que sigue siendo dif\u00edcil de alcanzar.<\/p>\n<p>En Turqu\u00eda, Rusia y Ucrania acordaron cada intercambio de 1,000 prisioneros de guerra en lo que ser\u00eda su mayor intercambio de este tipo, seg\u00fan los jefes de ambas delegaciones. Ambas partes tambi\u00e9n hablaron sobre un alto el fuego y una reuni\u00f3n entre sus jefes de estado, seg\u00fan el Jefe Delegado ucraniano, el Ministro de Defensa Rustem Umerov.<\/p>\n<p>Un asistente del presidente ruso, Vladimir Putin, dijo que ambas partes tambi\u00e9n acordaron proporcionar propuestas detalladas de alto el fuego, y Ucrania solicit\u00f3 a los jefes de la reuni\u00f3n estatal que Rusia tom\u00f3 en consideraci\u00f3n.<\/p>\n<p><strong><u>Trump, despu\u00e9s de omitir las conversaciones de paz de Rusia-Ukraine, quiere encontrarse con Putin &#8216;tan pronto como podamos configurarlo&#8217;<\/u><\/strong><\/p>\n<div class=\"image-ct inline\">\n<div class=\"m\"><picture><source media=\"(max-width: 767px)\" srcset=\"https:\/\/a57.foxnews.com\/static.foxnews.com\/foxnews.com\/content\/uploads\/2025\/05\/343\/192\/volodymyr-zelensky.png?ve=1&amp;tl=1, https:\/\/a57.foxnews.com\/static.foxnews.com\/foxnews.com\/content\/uploads\/2025\/05\/686\/384\/volodymyr-zelensky.png?ve=1&amp;tl=1 2x\" height=\"192\" width=\"343\"><source media=\"(min-width: 768px) and (max-width: 1023px)\" srcset=\"https:\/\/a57.foxnews.com\/static.foxnews.com\/foxnews.com\/content\/uploads\/2025\/05\/672\/378\/volodymyr-zelensky.png?ve=1&amp;tl=1, https:\/\/a57.foxnews.com\/static.foxnews.com\/foxnews.com\/content\/uploads\/2025\/05\/1344\/756\/volodymyr-zelensky.png?ve=1&amp;tl=1 2x\" height=\"378\" width=\"672\"><source media=\"(min-width: 1024px) and (max-width: 1279px)\" srcset=\"https:\/\/a57.foxnews.com\/static.foxnews.com\/foxnews.com\/content\/uploads\/2025\/05\/931\/523\/volodymyr-zelensky.png?ve=1&amp;tl=1, https:\/\/a57.foxnews.com\/static.foxnews.com\/foxnews.com\/content\/uploads\/2025\/05\/1862\/1046\/volodymyr-zelensky.png?ve=1&amp;tl=1 2x\" height=\"523\" width=\"931\"><source media=\"(min-width: 1280px)\" srcset=\"https:\/\/a57.foxnews.com\/static.foxnews.com\/foxnews.com\/content\/uploads\/2025\/05\/720\/405\/volodymyr-zelensky.png?ve=1&amp;tl=1, https:\/\/a57.foxnews.com\/static.foxnews.com\/foxnews.com\/content\/uploads\/2025\/05\/1440\/810\/volodymyr-zelensky.png?ve=1&amp;tl=1 2x\" height=\"405\" width=\"720\"><img loading=\"lazy\" decoding=\"async\" src=\"https:\/\/a57.foxnews.com\/static.foxnews.com\/foxnews.com\/content\/uploads\/2025\/05\/1200\/675\/volodymyr-zelensky.png?ve=1&amp;tl=1\" alt=\"Volodymyr Zelenskyy\" width=\"1200\" height=\"675\"\/><\/source><\/source><\/source><\/source><\/picture><\/div>\n<div class=\"info\">\n<div class=\"caption\">\n<p><span>El presidente de Ucrania, Volodymyr Zelenskyy, habla por tel\u00e9fono durante una reuni\u00f3n en la Cumbre de la Comunidad Pol\u00edtica Europea en Skanderbeg Square en Tirana, Albania, el viernes 16 de mayo de 2025.<\/span> <span>(AP)<\/span><\/p>\n<\/div>\n<\/div>\n<\/div>\n<p><strong><u>Haga clic aqu\u00ed para obtener la aplicaci\u00f3n Fox News<\/u><\/strong><\/p>\n<p>Zelenskyy dijo que discuti\u00f3 las negociaciones con el presidente estadounidense Donald Trump y los l\u00edderes de Francia, Alemania, el Reino Unido y Polonia. En X, pidi\u00f3 \u00absanciones dif\u00edciles\u00bb contra Mosc\u00fa si rechaza \u00abun alto el fuego completo e incondicional y el final de los asesinatos\u00bb.<\/p>\n<p>Zelenskyy estaba en Tirana, Albania, el viernes, para reunirse con l\u00edderes de 47 pa\u00edses europeos para discutir la seguridad, la defensa y los est\u00e1ndares democr\u00e1ticos. Los l\u00edderes que conocieron incluyeron al presidente franc\u00e9s Emmanuel Macron, al canciller alem\u00e1n Friedrich Merz, al primer ministro del Reino Unido Keir Starmer y al primer ministro polaco Donald Tusk.<\/p>\n<p>\u00abLa presi\u00f3n sobre Rusia debe mantenerse hasta que Rusia est\u00e9 lista para terminar la guerra\u00bb, dijo Zelenskyy en X.<\/p>\n<p><i>Associated Press contribuy\u00f3 a este informe.<\/i><\/p>\n<p> <!----> <\/div>\n\n","protected":false},"excerpt":{"rendered":"<p>Una huelga de aviones no tripulados rusos golpe\u00f3 un autob\u00fas de pasajeros en el noreste de Ucrania el s\u00e1bado, matando a nueve personas e hiriendo a otras cuatro, alegan funcionarios ucranianos. El ataque se produjo solo unas horas despu\u00e9s de que los funcionarios rusos y ucranianos realizaron sus primeras conversaciones de paz directa en a\u00f1os, &hellip;<\/p>\n","protected":false},"author":1,"featured_media":27654,"comment_status":"open","ping_status":"open","sticky":false,"template":"","format":"standard","meta":{"fifu_image_url":"https:\/\/static.foxnews.com\/foxnews.com\/content\/uploads\/2025\/05\/busattack.png","fifu_image_alt":"","footnotes":""},"categories":[13],"tags":[],"class_list":["post-27652","post","type-post","status-publish","format-standard","has-post-thumbnail","","category-mundo"],"_links":{"self":[{"href":"https:\/\/noticiasveraces.com\/index.php?rest_route=\/wp\/v2\/posts\/27652","targetHints":{"allow":["GET"]}}],"collection":[{"href":"https:\/\/noticiasveraces.com\/index.php?rest_route=\/wp\/v2\/posts"}],"about":[{"href":"https:\/\/noticiasveraces.com\/index.php?rest_route=\/wp\/v2\/types\/post"}],"author":[{"embeddable":true,"href":"https:\/\/noticiasveraces.com\/index.php?rest_route=\/wp\/v2\/users\/1"}],"replies":[{"embeddable":true,"href":"https:\/\/noticiasveraces.com\/index.php?rest_route=%2Fwp%2Fv2%2Fcomments&post=27652"}],"version-history":[{"count":0,"href":"https:\/\/noticiasveraces.com\/index.php?rest_route=\/wp\/v2\/posts\/27652\/revisions"}],"wp:featuredmedia":[{"embeddable":true,"href":"https:\/\/noticiasveraces.com\/index.php?rest_route=\/wp\/v2\/media\/27654"}],"wp:attachment":[{"href":"https:\/\/noticiasveraces.com\/index.php?rest_route=%2Fwp%2Fv2%2Fmedia&parent=27652"}],"wp:term":[{"taxonomy":"category","embeddable":true,"href":"https:\/\/noticiasveraces.com\/index.php?rest_route=%2Fwp%2Fv2%2Fcategories&post=27652"},{"taxonomy":"post_tag","embeddable":true,"href":"https:\/\/noticiasveraces.com\/index.php?rest_route=%2Fwp%2Fv2%2Ftags&post=27652"}],"curies":[{"name":"wp","href":"https:\/\/api.w.org\/{rel}","templated":true}]}}