{"id":27634,"date":"2025-05-17T05:16:46","date_gmt":"2025-05-17T09:16:46","guid":{"rendered":"https:\/\/noticiasveraces.com\/?p=27634"},"modified":"2025-05-17T05:16:46","modified_gmt":"2025-05-17T09:16:46","slug":"mientras-el-autismo-enciende-una-conversacion-nacional-temple-grandin-tiene-algo-que-decir","status":"publish","type":"post","link":"https:\/\/noticiasveraces.com\/?p=27634","title":{"rendered":"Mientras el autismo enciende una conversaci\u00f3n nacional, Temple Grandin tiene algo que decir"},"content":{"rendered":"<p> \n<br \/><img decoding=\"async\" src=\"https:\/\/media-cldnry.s-nbcnews.com\/image\/upload\/t_fit_1500w\/rockcms\/2025-05\/250515-Temple-Grandin-autism-inline-2-se-1128a-74e019.jpg\" \/><\/p>\n<div>\n<h2 class=\"body-heading\">Sobre la incidencia de aquellos con un discurso m\u00ednimo o ning\u00fan<\/h2>\n<p class=\"body-graf\">Esos ni\u00f1os siempre han estado all\u00ed. En el pasado, antes de que hubiera autismo, solo fueron etiquetados como \u00abretrasados \u200b\u200bmentales\u00bb. Tengo la edad suficiente para que el neur\u00f3logo que me diagnostic\u00f3 originalmente no sab\u00eda qu\u00e9 era el autismo y solo dije que ten\u00eda da\u00f1o cerebral. Ten\u00eda un retraso de habla definitivo y severo. Antes de que hubiera autismo, estaban all\u00ed. Solo fueron llamados cosas diferentes.<\/p>\n<h2 class=\"body-heading\"><strong>En una mayor detecci\u00f3n en el extremo leve del espectro<\/strong><\/h2>\n<p class=\"body-graf\">Donde puede obtener algunos aumentos en los ni\u00f1os suaves, donde no tiene retraso en el habla. Los ni\u00f1os con demoras severas en el habla siempre fueron identificados y etiquetados con algo. Totalmente obvio. Es totalmente obvio que algo est\u00e1 realmente mal con el ni\u00f1o. Donde tal vez podr\u00eda haber un diagn\u00f3stico aumentado es el ni\u00f1o donde no hay retraso en el habla, pero es un poco geek y nerd, y cuando tiene 8 a\u00f1os o 9 a\u00f1os, no tiene amigos. Nadie ha visto los datos para ver si hay m\u00e1s ni\u00f1os que no est\u00e1n hablando. Simplemente dicen: \u00abEl autismo ha subido\u00bb.<\/p>\n<h2 class=\"body-heading\">Sobre d\u00f3lares de investigaci\u00f3n necesarios para problemas sensoriales <\/h2>\n<p class=\"body-graf\">La otra cosa en la que me gustar\u00eda poner dinero de investigaci\u00f3n es c\u00f3mo desensibilizar la exceso de sensibilidad que tienen muchas personas autistas, donde tienen dificultades para tolerar entornos ruidosos. Hay anormalidades definidas en los escaneos cerebrales que muestran que los circuitos de miedo se est\u00e1n activando. Un ruido fuerte activa muchos m\u00e1s circuitos en el cerebro que en una persona normal. Pero lo que hay que hacer es el tratamiento.<\/p>\n<h2 class=\"body-heading\">En sobrecarga sensorial en restaurantes, ba\u00f1os p\u00fablicos o aeropuertos<\/h2>\n<p class=\"body-graf\">Una de las cosas que dificulta a una persona autista en p\u00fablico es todo el ruido en un restaurante, [and in airport bathrooms] Hay un problema con los secadores de manos y todas las cosas autom\u00e1ticas de descarga. Esa es un \u00e1rea problem\u00e1tica com\u00fan para muchos ni\u00f1os autistas. Y uno de los problemas que tiene con los descargadores de inodoro es que cada uno de ellos est\u00e1 configurado diferente. No sabes cu\u00e1ndo va a apagar. No siempre reaccionan de la misma manera. Un inodoro que se enjuaga despu\u00e9s de levantarte, otro inodoro lo hace cuando est\u00e1s en \u00e9l. El problema que tienes con esos descargadores es que son tan impredecibles.<\/p>\n<p class=\"body-graf\">Necesitamos trabajar en formas de desensibilizar. Necesitamos descubrir las mejores formas de desensibilizar algunas cosas de sensibilidad s\u00f3lida. \u00bfY por qu\u00e9? Porque eso es lo que dificulta el aeropuerto son los ba\u00f1os. O el restaurante, hay dos cosas para dificultar el restaurante: solo todo el ruido de la gente que est\u00e1 a la altura, y luego, cuando vayas al ba\u00f1o, vas a lidiar con los secadores de manos y los descargadores.<\/p>\n<p class=\"body-graf\">Eso tiende a estar a trav\u00e9s del espectro. Y puede variar en severidad. Y algunas de las personas que habr\u00edan sido etiquetadas como Asperger en el pasado pueden tener algunos problemas muy malos con la sobresensibilidad. Una cosa que se encontr\u00f3 anecd\u00f3ticamente que parece funcionar es dejar que el ni\u00f1o lo controle, encendiendo lo ruidoso, una aspiradora, una bocina del autom\u00f3vil, lo que sea, deje que lo controlen y lo enciendan. Eso parece ser \u00fatil.<\/p>\n<h2 class=\"body-heading\"><strong>Al observar los impactos ambientales adem\u00e1s de la gen\u00e9tica<\/strong><\/h2>\n<p class=\"body-graf\">En el extremo m\u00e1s suave, creo que eso es todo gen\u00e9tico.<\/p>\n<p class=\"body-graf\">Donde encontrar\u00e1 alg\u00fan tipo de insulto ambiental, se observa en el grupo regresivo, donde reciben el habla y luego lo pierden, ah\u00ed es donde cualquier insulto ambiental interact\u00faa con la gen\u00e9tica.<\/p>\n<p class=\"body-graf\">Luego est\u00e1n los ni\u00f1os que son intimidados en la escuela porque son diferentes. Y luego, dado que est\u00e1n pasando un tiempo tan horrible que son intimidados, tienden a ser diagnosticados en la escuela primaria tard\u00eda. Esos son gen\u00e9ticos. Es lo que le\u00ed en la literatura. Es mi conclusi\u00f3n. Donde hay un [environmental] Insulto, creo que la mayor parte de eso va a estar en los regresivos. Ese grupo debe ser considerado por separado, muy cuidadosamente.<\/p>\n<h2 class=\"body-heading\"><strong>En RFK Jr. diciendo que tendr\u00e1 una respuesta al autismo en cinco meses<\/strong><\/h2>\n<p class=\"body-graf\">No hay comentarios sobre la pol\u00edtica.<\/p>\n<h2 class=\"body-heading\"><strong>Al admirar a Elon Musk en su libro &#8216;Pensamiento visual&#8217;<\/strong><\/h2>\n<p class=\"body-graf\">Eso es todo antes de comprar Twitter. Eso es antes de Twitter. Lo dejaremos en eso.<\/p>\n<h2 class=\"body-heading\"><strong>Sobre la comunicaci\u00f3n facilitada, donde un asistente ayuda a un individuo no exigente a escribir para comunicarse<\/strong><\/h2>\n<p class=\"body-graf\">Hay algunas personas que no hablan que pueden escribir completamente de forma independiente. Y para m\u00ed, la independencia significa que no hay toque de la persona, y el dispositivo tiene que sentarse sobre la mesa y no ser tocado. Tengo que descartar el cado. Esa es la \u00fanica forma de descartar el curado.<\/p>\n<h2 class=\"body-heading\"><strong>Sobre la idea de que el autismo no era prevalente hace 30 o 40 a\u00f1os, pero hoy es<\/strong><\/h2>\n<p class=\"body-graf\">Acabar\u00edan de ser enviados a una instituci\u00f3n. Fueron etiquetados como \u00abretrasados \u200b\u200bmentales\u00bb hace a\u00f1os. Escap\u00e9 ir a una instituci\u00f3n. Yo era el tipo de ni\u00f1o que iba a una instituci\u00f3n en los a\u00f1os 50. Pero afortunadamente, un neur\u00f3logo me remiti\u00f3 a una peque\u00f1a cl\u00ednica de terapia del habla, dos mujeres ense\u00f1adas fuera del s\u00f3tano de su hogar.<\/p>\n<h2 class=\"body-heading\"><strong>Sobre la idea de que el autismo es una epidemia<\/strong><\/h2>\n<p class=\"body-graf\">En el extremo completamente verbal, creo que ha aumentado la detecci\u00f3n. Aprendieron los criterios de diagn\u00f3stico a lo largo de los a\u00f1os. Puedes buscarlo. En la d\u00e9cada de 1980 ten\u00edas que tener retraso en el habla. Entonces Asperger lleg\u00f3 a principios de los a\u00f1os 90, es ser socialmente inc\u00f3modo, sin demora en el habla. Luego, en 2013, empujaron todo juntos. Combinaron todo juntos.<\/p>\n<p class=\"body-graf\">La otra cosa que est\u00e1 sucediendo, en el extremo muy suave, he estado hablando con mucha gente \u00faltimamente, se acercan a m\u00ed, descubren que son autistas, tienen un diagn\u00f3stico, est\u00e1n en el espectro. Se acercan a m\u00ed en todas las conferencias. Personas de 50 y 60 a\u00f1os. Todo en buenos trabajos. Y el diagn\u00f3stico les ayud\u00f3 con sus relaciones. Muchos de estos adultos mayores, fue un alivio. Ahora entienden por qu\u00e9 algunas de sus relaciones pueden no haber ido tan bien.<\/p>\n<h2 class=\"body-heading\"><strong>Sobre la reciente demanda de servicios como terapeutas del habla<\/strong><\/h2>\n<p class=\"body-graf\">Bueno, hablemos de ni\u00f1os peque\u00f1os. Ok, viajo todo el tiempo, y en el \u00faltimo a\u00f1o, en unos cuatro lugares diferentes a los que fui en los Estados Unidos, tienes ni\u00f1os de 2 o 3 a\u00f1os sin discurso. Definitivamente algo est\u00e1 mal con este ni\u00f1o, sin discurso. Est\u00e1n en listas de espera de dos a\u00f1os. Eso est\u00e1 sucediendo ahora mismo. He hablado directamente con esos padres, \u00abEso es terrible. Veamos d\u00f3nde est\u00e1n los servicios\u00bb.<\/p>\n<h2 class=\"body-heading\"><strong>Por falta de servicios de intervenci\u00f3n en algunas \u00e1reas del pa\u00eds<\/strong><\/h2>\n<p class=\"body-graf\">La financiaci\u00f3n de muchos lugares se est\u00e1 agotando. Pero hay un gran problema definitivo en este momento con estos ni\u00f1os que no reciben una intervenci\u00f3n temprana. Algunos de estos ni\u00f1os del habla son regresivos. Algunos de ellos no lo son. No est\u00e1n recibiendo intervenci\u00f3n temprana. Estuve en intervenci\u00f3n temprana por 2 1\/2.<\/p>\n<h2 class=\"body-heading\"><strong>En el tiempo de pantalla exacerbando problemas de comportamiento<\/strong><\/h2>\n<p class=\"body-graf\">El joven de 8 a\u00f1os que no tiene amigos, completamente verbales, ese tipo de ni\u00f1o, ah\u00ed es donde las pantallas tendr\u00edan un efecto en los ni\u00f1os que no estoy viendo en el patio de recreo al lado de donde vivo.<\/p>\n<p class=\"body-graf\">Creo que las pantallas contribuyen a eso. Estos son ni\u00f1os que son completamente verbales, a menudo inteligentes en la escuela, ese es un subgrupo que veo, diagnosticado alrededor de los 8 a\u00f1os. Me encuentro con los que me encuentro todo el tiempo en las conferencias de autismo. Ese es un grupo diferente al ni\u00f1o de 3 a\u00f1os con un retraso en el habla.<\/p>\n<h2 class=\"body-heading\"><strong>\u00bfQu\u00e9 haces de esta sugerencia de un registro de autismo?<\/strong><\/h2>\n<p class=\"body-graf\">No s\u00e9 c\u00f3mo va a ayudar con su estudio. Si iba a hacer un estudio, encuentre los que fueron los regresivos. El problema es que tienes tantos subgrupos.<\/p>\n<p class=\"body-graf\">El espectro es realmente, muy heterog\u00e9neo.<\/p>\n<h2 class=\"body-heading\"><strong>Sobre los altos niveles de percepci\u00f3n de las personas no superan a los individuos, versus &#8216;el <\/strong>Permanente de Telepathy Tapes<strong> Algunos tienen poderes telep\u00e1ticos<\/strong><\/h2>\n<p class=\"endmark body-graf\">Algunas de estas personas son muy perceptivas. Recogen una mayor actividad justo antes de recoger las llaves que van en el autom\u00f3vil. Son muy sensibles a recoger ese tipo de se\u00f1ales. Antes de recoger el bolso para irse, est\u00e1s corriendo ordenando la casa. Se dan cuenta de eso. [\u201cThe Telepathy Tapes\u201d is a podcast, once highly ranked on Apple Podcasts, that made  extraordinary \u2014 and dubious \u2014 claims that some nonspeaking children have telepathic powers.]\n<\/div>\n\n","protected":false},"excerpt":{"rendered":"<p>Sobre la incidencia de aquellos con un discurso m\u00ednimo o ning\u00fan Esos ni\u00f1os siempre han estado all\u00ed. En el pasado, antes de que hubiera autismo, solo fueron etiquetados como \u00abretrasados \u200b\u200bmentales\u00bb. Tengo la edad suficiente para que el neur\u00f3logo que me diagnostic\u00f3 originalmente no sab\u00eda qu\u00e9 era el autismo y solo dije que ten\u00eda da\u00f1o &hellip;<\/p>\n","protected":false},"author":1,"featured_media":27636,"comment_status":"open","ping_status":"open","sticky":false,"template":"","format":"standard","meta":{"fifu_image_url":"https:\/\/media-cldnry.s-nbcnews.com\/image\/upload\/t_nbcnews-fp-1200-630,f_auto,q_auto:best\/rockcms\/2025-05\/250515-Temple-Grandin-autism-duet-2-se-1128a-d3638f.jpg","fifu_image_alt":"","footnotes":""},"categories":[4],"tags":[],"class_list":["post-27634","post","type-post","status-publish","format-standard","has-post-thumbnail","","category-historias-destacadas"],"_links":{"self":[{"href":"https:\/\/noticiasveraces.com\/index.php?rest_route=\/wp\/v2\/posts\/27634","targetHints":{"allow":["GET"]}}],"collection":[{"href":"https:\/\/noticiasveraces.com\/index.php?rest_route=\/wp\/v2\/posts"}],"about":[{"href":"https:\/\/noticiasveraces.com\/index.php?rest_route=\/wp\/v2\/types\/post"}],"author":[{"embeddable":true,"href":"https:\/\/noticiasveraces.com\/index.php?rest_route=\/wp\/v2\/users\/1"}],"replies":[{"embeddable":true,"href":"https:\/\/noticiasveraces.com\/index.php?rest_route=%2Fwp%2Fv2%2Fcomments&post=27634"}],"version-history":[{"count":0,"href":"https:\/\/noticiasveraces.com\/index.php?rest_route=\/wp\/v2\/posts\/27634\/revisions"}],"wp:featuredmedia":[{"embeddable":true,"href":"https:\/\/noticiasveraces.com\/index.php?rest_route=\/wp\/v2\/media\/27636"}],"wp:attachment":[{"href":"https:\/\/noticiasveraces.com\/index.php?rest_route=%2Fwp%2Fv2%2Fmedia&parent=27634"}],"wp:term":[{"taxonomy":"category","embeddable":true,"href":"https:\/\/noticiasveraces.com\/index.php?rest_route=%2Fwp%2Fv2%2Fcategories&post=27634"},{"taxonomy":"post_tag","embeddable":true,"href":"https:\/\/noticiasveraces.com\/index.php?rest_route=%2Fwp%2Fv2%2Ftags&post=27634"}],"curies":[{"name":"wp","href":"https:\/\/api.w.org\/{rel}","templated":true}]}}