{"id":27630,"date":"2025-05-17T03:53:23","date_gmt":"2025-05-17T07:53:23","guid":{"rendered":"https:\/\/noticiasveraces.com\/?p=27630"},"modified":"2025-05-17T03:53:23","modified_gmt":"2025-05-17T07:53:23","slug":"ataque-ruso-contra-civiles-deja-nueve-muertos-en-ucrania-dw-17-05-2025","status":"publish","type":"post","link":"https:\/\/noticiasveraces.com\/?p=27630","title":{"rendered":"Ataque ruso contra civiles deja nueve muertos en Ucrania \u2013 DW \u2013 17\/05\/2025"},"content":{"rendered":"<p> \n<\/p>\n<div>\n<p>Un ataque ruso con dron\u00a0contra un minib\u00fas que transportaba civiles en el norte de Ucrania dej\u00f3 al menos nueve muertos y cuatro heridos, indicaron las autoridades regionales este s\u00e1bado (17.05.2025).<\/p>\n<p>La agresi\u00f3n tuvo lugar horas despu\u00e9s de las primeras conversaciones directas entre ucranianos y rusos en tres a\u00f1os, que sin embargo no permitieron acordar una tregua en el conflicto.<\/p>\n<p>\u00abEste es otro crimen de guerra por parte de Rusia: un ataque deliberado contra el transporte civil que no representaba ninguna amenaza\u00bb, denunci\u00f3 la administraci\u00f3n regional de Sumi en la aplicaci\u00f3n de mensajer\u00eda Telegram.<\/p>\n<p>La zona de Sumi hace frente a bombardeos rusos m\u00e1s intensos desde que las fuerzas ucranianas fueron expulsadas en marzo de la regi\u00f3n rusa vecina de Kursk, que ocupaban en parte desde el verano boreal de 2024.<\/p>\n<h2><strong>Primeras negociaciones directas sin resultados<\/strong><\/h2>\n<p>Reunidos el viernes en Estambul para las primeras conversaciones directas desde marzo de 2022, rusos y ucranianos acordaron un importante intercambio de prisioneros,\u00a0seg\u00fan el negociador ruso Vladimir Medinski.<\/p>\n<p>Pero el encuentro termin\u00f3 sin un alto al fuego, que era \u00abla prioridad\u00bb de Ucrania y sus aliados. Ambas partes deben ahora \u00abdetallar\u00bb la visi\u00f3n de esta hipot\u00e9tica tregua, dijo Medinski en un breve comentario a la prensa.<\/p>\n<p>El jefe de la delegaci\u00f3n de Kiev, el ministro de Defensa, Rustem Umerov, y el propio Medinski explicaron que la parte ucraniana hab\u00eda evocado la posibilidad de una reuni\u00f3n entre los presidentes Volodimir Zelenski y Vladimir Putin. El representante ruso dijo que su delegaci\u00f3n hab\u00eda \u00abtomado nota de esta petici\u00f3n\u00bb.<\/p>\n<p>RR (AFP\/Reuters\/AP)<\/p>\n<\/div>\n\n","protected":false},"excerpt":{"rendered":"<p>Un ataque ruso con dron\u00a0contra un minib\u00fas que transportaba civiles en el norte de Ucrania dej\u00f3 al menos nueve muertos y cuatro heridos, indicaron las autoridades regionales este s\u00e1bado (17.05.2025). La agresi\u00f3n tuvo lugar horas despu\u00e9s de las primeras conversaciones directas entre ucranianos y rusos en tres a\u00f1os, que sin embargo no permitieron acordar una &hellip;<\/p>\n","protected":false},"author":1,"featured_media":27631,"comment_status":"open","ping_status":"open","sticky":false,"template":"","format":"standard","meta":{"fifu_image_url":"https:\/\/static.dw.com\/image\/72573056_6.jpg","fifu_image_alt":"","footnotes":""},"categories":[13],"tags":[],"class_list":["post-27630","post","type-post","status-publish","format-standard","has-post-thumbnail","","category-mundo"],"_links":{"self":[{"href":"https:\/\/noticiasveraces.com\/index.php?rest_route=\/wp\/v2\/posts\/27630","targetHints":{"allow":["GET"]}}],"collection":[{"href":"https:\/\/noticiasveraces.com\/index.php?rest_route=\/wp\/v2\/posts"}],"about":[{"href":"https:\/\/noticiasveraces.com\/index.php?rest_route=\/wp\/v2\/types\/post"}],"author":[{"embeddable":true,"href":"https:\/\/noticiasveraces.com\/index.php?rest_route=\/wp\/v2\/users\/1"}],"replies":[{"embeddable":true,"href":"https:\/\/noticiasveraces.com\/index.php?rest_route=%2Fwp%2Fv2%2Fcomments&post=27630"}],"version-history":[{"count":0,"href":"https:\/\/noticiasveraces.com\/index.php?rest_route=\/wp\/v2\/posts\/27630\/revisions"}],"wp:featuredmedia":[{"embeddable":true,"href":"https:\/\/noticiasveraces.com\/index.php?rest_route=\/wp\/v2\/media\/27631"}],"wp:attachment":[{"href":"https:\/\/noticiasveraces.com\/index.php?rest_route=%2Fwp%2Fv2%2Fmedia&parent=27630"}],"wp:term":[{"taxonomy":"category","embeddable":true,"href":"https:\/\/noticiasveraces.com\/index.php?rest_route=%2Fwp%2Fv2%2Fcategories&post=27630"},{"taxonomy":"post_tag","embeddable":true,"href":"https:\/\/noticiasveraces.com\/index.php?rest_route=%2Fwp%2Fv2%2Ftags&post=27630"}],"curies":[{"name":"wp","href":"https:\/\/api.w.org\/{rel}","templated":true}]}}