{"id":27627,"date":"2025-05-17T03:08:54","date_gmt":"2025-05-17T07:08:54","guid":{"rendered":"https:\/\/noticiasveraces.com\/?p=27627"},"modified":"2025-05-17T03:08:54","modified_gmt":"2025-05-17T07:08:54","slug":"una-plataforma-de-madres-pide-vetar-un-debate-en-barcelona-sobre-la-gestion-judicial-de-los-divorcios-conflictivos-con-hijos-sociedad","status":"publish","type":"post","link":"https:\/\/noticiasveraces.com\/?p=27627","title":{"rendered":"Una plataforma de madres pide vetar un debate en Barcelona sobre la gesti\u00f3n judicial de los divorcios conflictivos con hijos | Sociedad"},"content":{"rendered":"<p> \n<br \/><img decoding=\"async\" src=\"https:\/\/imagenes.elpais.com\/resizer\/v2\/X72G5DVXHJAUJD2I27LQQP7EPU.jpeg?auth=b2bd64d217c041d35412ccb859f8eb4a5d12106c0561861ee4d36ac0b8a37e4b\" \/><\/p>\n<div data-dtm-region=\"articulo_cuerpo\">\n<p class=\"\">Una jornada de debate en Barcelona sobre c\u00f3mo aborda la justicia las separaciones conflictivas y c\u00f3mo afectan a los hijos se ha convertido en objeto de pol\u00e9mica. Una plataforma de madres bautizada en redes como \u201cYo s\u00ed te creo\u201d ha pedido cancelar el acto, que se celebrar\u00e1 el lunes en el Ilustre Colegio de Abogados de Barcelona (ICAB). Su argumento es que los participantes defienden la figura del \u201ccoordinador parental\u201d y la existencia del s\u00edndrome de alienaci\u00f3n parental. El Grupo Europeo de Magistrados por la Mediaci\u00f3n (GEMME) ha lamentado el intento de censura, mientras que el ICAB ha anunciado que, en aras de la libertad de expresi\u00f3n, mantiene la mesa redonda.<\/p>\n<p class=\"\">La plataforma parte de la premisa de que los jueces, abogados y expertos que hablar\u00e1n en una mesa redonda defienden la \u201ccoordinaci\u00f3n de parentalidad\u201d, una figura que, en Espa\u00f1a, han implementado algunos jueces pese a la falta de regulaci\u00f3n ante un proceso de divorcio especialmente conflictivo. Ese t\u00e9rmino fue definido por la Asociation of Family and Conciliantion Courts, en 2005, como una forma \u201calternativa de resoluci\u00f3n de disputas centrado en los menores\u201d y que supone que una persona especialista en salud mental \u201co del \u00e1mbito judicial con formaci\u00f3n y experiencia en mediaci\u00f3n\u201d medie entre los progenitores y, en principio, les ayude a resolver esos conflictos colocando el inter\u00e9s del menor en primer lugar. Sin embargo, esta figura, seg\u00fan un reciente informe de la Asociaci\u00f3n de Mujeres Juristas Themis que el grupo de madres recuerda, no es inocua ni neutral. <\/p>\n<p class=\"\">Este estudio, avalado por el Ministerio de Igualdad, ha criticado que esa figura es \u201cuna nueva forma de violencia institucional\u201d hacia la mujer ya que, tras el estudio del funcionamiento de ese proceso, encontraron que el objetivo principal de esos coordinadores, incluso en casos de violencia de g\u00e9nero, era mantener la relaci\u00f3n de los hijos con los padres. <\/p>\n<p class=\"\">Themis apunta as\u00ed a que esta figura es otra manera de aplicar el llamado S\u00edndrome de Alienaci\u00f3n Pariental, un concepto sin validez en Espa\u00f1a ni respaldo cient\u00edfico que habla de la culpabilizaci\u00f3n de uno de los progenitores como promotor de que los menores rechacen el contacto con el otro. Y son, de forma mayoritaria, las madres. \u201cLo cierto es que, a trav\u00e9s del SAP, de forma generalizada se culpa a la madre custodia de ser \u00f3bice del cumplimiento del r\u00e9gimen de visitas y de alienar a los hijos e hijas en contra de la figura paterna\u201d, dice el informe de Themis. En la carta enviada al ICAB para exigirle que cancele el acto, la plataforma acusa a los participantes de defender la existencia de ese s\u00edndrome. <\/p>\n<p class=\"\">En el debate del lunes, titulado <i>Consensus parental: ni\u00f1os y ni\u00f1as en el centro de la respuesta judicial al conflicto de los progenitores<\/i>no pivota alrededor de la figura del coordinador de parentalidad. Lo que se debatir\u00e1 es otra cosa: un programa (que funciona con \u00e9xito en pa\u00edses como Alemania, Suiza o B\u00e9lgica) por el cual los jueces intervienen y supervisan, con un equipo multidisciplinar, los procesos de separaci\u00f3n desde el inicio para evitar conflictos y, sobre todo, con la vista puesta en el bienestar de los menores. <\/p>\n<h3 class=\"\">\u00abEn creencia e indignaci\u00f3n\u00bb<\/h3>\n<p class=\"\">\u201cEs una iniciativa que busca prevenir, evitar que se produzca el conflicto buscando lo mejor para los ni\u00f1os y ni\u00f1as\u201d, explica Carme Guil, responsable en Espa\u00f1a de GEMME, la entidad que organiza el acto. En conversaci\u00f3n con EL PA\u00cdS, Guil explica que la petici\u00f3n de veto \u201cparte de un error de confusi\u00f3n terminol\u00f3gica\u201d y del intento de \u201casimilar cualquier cosa que suene a parental como violencia institucional\u201d, pero insiste en que es un \u201cmodelo diferente\u201d. Sea como sea, la magistrada lamenta que se pretenda cercenar un debate meramente jur\u00eddico y de reflexi\u00f3n: \u201cNos crea mucha tristeza e indignaci\u00f3n que alguien quiera prohibir que nos sentemos a hablar sobre el da\u00f1o que los conflictos de los padres causan a los ni\u00f1os\u201d.<\/p>\n<p class=\"\">Consultado por este diario, un portavoz del ICAB ha se\u00f1alado que la instituci\u00f3n mantiene el debate pese a la petici\u00f3n. \u201cComo casa de las ciencias jur\u00eddicas, es un espacio abierto a la reflexi\u00f3n, la promovemos desde todos los \u00e1mbitos posibles\u201d. En el detalle del programa se explica que el objetivo es \u201canalizar el modelo de <i>consenso parental<\/i> implementado en B\u00e9lgica\u00bb como una \u201cestrategia de resoluci\u00f3n de conflictos\u201d, y abordar\u00e1 tambi\u00e9n \u201cel posible encaje en el marco jur\u00eddico espa\u00f1ol y catal\u00e1n\u201d. En el debate, que cuenta tambi\u00e9n con la participaci\u00f3n de la secci\u00f3n de infancia y familia del ICAB, participan magistrados, abogados, mediadores y psic\u00f3logos, todos ellos expertos en asuntos de familia e infancia.<\/p>\n<\/div>\n\n","protected":false},"excerpt":{"rendered":"<p>Una jornada de debate en Barcelona sobre c\u00f3mo aborda la justicia las separaciones conflictivas y c\u00f3mo afectan a los hijos se ha convertido en objeto de pol\u00e9mica. Una plataforma de madres bautizada en redes como \u201cYo s\u00ed te creo\u201d ha pedido cancelar el acto, que se celebrar\u00e1 el lunes en el Ilustre Colegio de Abogados &hellip;<\/p>\n","protected":false},"author":1,"featured_media":27629,"comment_status":"open","ping_status":"open","sticky":false,"template":"","format":"standard","meta":{"fifu_image_url":"https:\/\/imagenes.elpais.com\/resizer\/v2\/X72G5DVXHJAUJD2I27LQQP7EPU.jpeg?auth=b2bd64d217c041d35412ccb859f8eb4a5d12106c0561861ee4d36ac0b8a37e4b&width=1200","fifu_image_alt":"","footnotes":""},"categories":[11],"tags":[],"class_list":["post-27627","post","type-post","status-publish","format-standard","has-post-thumbnail","","category-viaje"],"_links":{"self":[{"href":"https:\/\/noticiasveraces.com\/index.php?rest_route=\/wp\/v2\/posts\/27627","targetHints":{"allow":["GET"]}}],"collection":[{"href":"https:\/\/noticiasveraces.com\/index.php?rest_route=\/wp\/v2\/posts"}],"about":[{"href":"https:\/\/noticiasveraces.com\/index.php?rest_route=\/wp\/v2\/types\/post"}],"author":[{"embeddable":true,"href":"https:\/\/noticiasveraces.com\/index.php?rest_route=\/wp\/v2\/users\/1"}],"replies":[{"embeddable":true,"href":"https:\/\/noticiasveraces.com\/index.php?rest_route=%2Fwp%2Fv2%2Fcomments&post=27627"}],"version-history":[{"count":0,"href":"https:\/\/noticiasveraces.com\/index.php?rest_route=\/wp\/v2\/posts\/27627\/revisions"}],"wp:featuredmedia":[{"embeddable":true,"href":"https:\/\/noticiasveraces.com\/index.php?rest_route=\/wp\/v2\/media\/27629"}],"wp:attachment":[{"href":"https:\/\/noticiasveraces.com\/index.php?rest_route=%2Fwp%2Fv2%2Fmedia&parent=27627"}],"wp:term":[{"taxonomy":"category","embeddable":true,"href":"https:\/\/noticiasveraces.com\/index.php?rest_route=%2Fwp%2Fv2%2Fcategories&post=27627"},{"taxonomy":"post_tag","embeddable":true,"href":"https:\/\/noticiasveraces.com\/index.php?rest_route=%2Fwp%2Fv2%2Ftags&post=27627"}],"curies":[{"name":"wp","href":"https:\/\/api.w.org\/{rel}","templated":true}]}}