{"id":27625,"date":"2025-05-17T02:52:29","date_gmt":"2025-05-17T06:52:29","guid":{"rendered":"https:\/\/noticiasveraces.com\/?p=27625"},"modified":"2025-05-17T02:52:29","modified_gmt":"2025-05-17T06:52:29","slug":"turquia-libera-al-periodista-sueco-joakim-medin-dw-16-05-2025","status":"publish","type":"post","link":"https:\/\/noticiasveraces.com\/?p=27625","title":{"rendered":"Turqu\u00eda libera al periodista sueco Joakim Medin \u2013 DW \u2013 16\/05\/2025"},"content":{"rendered":"<p> \n<\/p>\n<div>\n<p>El periodista sueco Joakim Medin, encarcelado\u00a0en Turqu\u00eda por cargos de terrorismo e insultos al presidente, regresa a casa, seg\u00fan anunci\u00f3 el viernes (16.05.2025) el primer ministro sueco, Ulf Kristersson.<\/p>\n<p>\u00abEl trabajo duro en relativo silencio ha dado sus frutos. El periodista sueco Joakim Medin regresa a casa desde Turqu\u00eda a Suecia\u00bb, escribi\u00f3 Kristersson en X el viernes por la noche. \u00abAterrizar\u00e1 en unas horas\u00bb.<\/p>\n<p>Medin, que viaj\u00f3 a Turqu\u00eda para cubrir las protestas contra el arresto del principal opositor al presidente Recep Tayyip Erdogan, el alcalde de Estambul, Ekrem Imamoglu, en marzo, fue encarcelado en espera de juicio. Estaba acusado de \u00abdifamar\u00bb a Erdogan, por lo que fue condenado, pero tambi\u00e9n de \u00abv\u00ednculos con el terrorismo\u00bb por, supuestamente, apoyar al partido kurdo PKK, considerado en el pa\u00eds una organizaci\u00f3n terrorista.<\/p>\n<p>Tanto Medin, de 40 a\u00f1os, como el editor de su peri\u00f3dico, el &#8216;Dagens ETC&#8217;, hab\u00edan declarado que las acusaciones eran infundadas y que el periodista \u00fanicamente hab\u00eda hecho su trabajo cubriendo unas manifestaciones prokurdas en Suecia.<\/p>\n<p>LGC (RTR, AFP, EFE)<\/p>\n<\/div>\n\n","protected":false},"excerpt":{"rendered":"<p>El periodista sueco Joakim Medin, encarcelado\u00a0en Turqu\u00eda por cargos de terrorismo e insultos al presidente, regresa a casa, seg\u00fan anunci\u00f3 el viernes (16.05.2025) el primer ministro sueco, Ulf Kristersson. \u00abEl trabajo duro en relativo silencio ha dado sus frutos. El periodista sueco Joakim Medin regresa a casa desde Turqu\u00eda a Suecia\u00bb, escribi\u00f3 Kristersson en X &hellip;<\/p>\n","protected":false},"author":1,"featured_media":27626,"comment_status":"open","ping_status":"open","sticky":false,"template":"","format":"standard","meta":{"fifu_image_url":"https:\/\/static.dw.com\/image\/72404976_6.jpg","fifu_image_alt":"","footnotes":""},"categories":[13],"tags":[],"class_list":["post-27625","post","type-post","status-publish","format-standard","has-post-thumbnail","","category-mundo"],"_links":{"self":[{"href":"https:\/\/noticiasveraces.com\/index.php?rest_route=\/wp\/v2\/posts\/27625","targetHints":{"allow":["GET"]}}],"collection":[{"href":"https:\/\/noticiasveraces.com\/index.php?rest_route=\/wp\/v2\/posts"}],"about":[{"href":"https:\/\/noticiasveraces.com\/index.php?rest_route=\/wp\/v2\/types\/post"}],"author":[{"embeddable":true,"href":"https:\/\/noticiasveraces.com\/index.php?rest_route=\/wp\/v2\/users\/1"}],"replies":[{"embeddable":true,"href":"https:\/\/noticiasveraces.com\/index.php?rest_route=%2Fwp%2Fv2%2Fcomments&post=27625"}],"version-history":[{"count":0,"href":"https:\/\/noticiasveraces.com\/index.php?rest_route=\/wp\/v2\/posts\/27625\/revisions"}],"wp:featuredmedia":[{"embeddable":true,"href":"https:\/\/noticiasveraces.com\/index.php?rest_route=\/wp\/v2\/media\/27626"}],"wp:attachment":[{"href":"https:\/\/noticiasveraces.com\/index.php?rest_route=%2Fwp%2Fv2%2Fmedia&parent=27625"}],"wp:term":[{"taxonomy":"category","embeddable":true,"href":"https:\/\/noticiasveraces.com\/index.php?rest_route=%2Fwp%2Fv2%2Fcategories&post=27625"},{"taxonomy":"post_tag","embeddable":true,"href":"https:\/\/noticiasveraces.com\/index.php?rest_route=%2Fwp%2Fv2%2Ftags&post=27625"}],"curies":[{"name":"wp","href":"https:\/\/api.w.org\/{rel}","templated":true}]}}