{"id":27614,"date":"2025-05-17T00:49:17","date_gmt":"2025-05-17T04:49:17","guid":{"rendered":"https:\/\/noticiasveraces.com\/?p=27614"},"modified":"2025-05-17T00:49:17","modified_gmt":"2025-05-17T04:49:17","slug":"mas-elige-como-candidato-al-ministro-de-gobernacion-dw-17-05-2025","status":"publish","type":"post","link":"https:\/\/noticiasveraces.com\/?p=27614","title":{"rendered":"MAS elige como candidato al ministro de Gobernaci\u00f3n \u2013 DW \u2013 17\/05\/2025"},"content":{"rendered":"<p> \n<\/p>\n<div>\n<p>El partido gubernamental de Bolivia, el Movimiento al Socialismo (MAS), anunci\u00f3 este viernes (16.05.2025) que su candidato a la Presidencia en las pr\u00f3ximas elecciones generales de agosto ser\u00e1 el actual ministro de Gobierno (Interior), Eduardo del Castillo.<\/p>\n<p>En una improvisada declaraci\u00f3n a los medios en La Paz, el presidente del MAS, Grover Garc\u00eda, present\u00f3 a Del Castillo y al dirigente campesino Mil\u00e1n Berna como los candidatos a la Presidencia y Vicepresidencia, respectivamente, elegidos por las organizaciones sociales y sindicatos que son la base del partido oficialista.<\/p>\n<p>\u00abTenemos ac\u00e1 a nuestro hermano Eduardo del Castillo y tenemos a Mil\u00e1n Berna, los candidatos \u00fanicos que con fuerza van a profundizar la democracia\u00bb, afirm\u00f3 Garc\u00eda.<\/p>\n<p>El MAS ten\u00eda previsto inicialmente que el presidente boliviano, Luis Arce, aspirara a la reelecci\u00f3n, pero renunci\u00f3 el martes a esa intenci\u00f3n, con un llamado a la \u00abunidad\u00bb de la izquierda.<\/p>\n<p>Tras la declinaci\u00f3n de Arce, el partido oficialista sostuvo reuniones en los \u00faltimos tres d\u00edas, en medio de pedidos de algunos sectores oficialistas para que el mandatario busque la reelecci\u00f3n.<\/p>\n<p>No obstante, este viernes, Garc\u00eda expres\u00f3 su confianza en que \u00abla victoria va a estar segura\u00bb para el MAS con el binomio elegido.<\/p>\n<p>De su lado, Del Castillo agradeci\u00f3 a Arce por haberle confiado en su momento la conducci\u00f3n del Ministerio de Gobierno, \u00abuna de las responsabilidades m\u00e1s altas en el pa\u00eds\u00bb. <\/p>\n<p><span data-slot-id=\"Article_InContent-1\" class=\"rich-text-ad\"\/><\/p>\n<h2>\u00abEl pueblo boliviano est\u00e1 pidiendo orden\u00bb<\/h2>\n<p>\u00abHemos demostrado que la juventud est\u00e1 preparada para asumir cualquier cargo en nuestro pa\u00eds\u00bb, sostuvo el ministro, que en diciembre pr\u00f3ximo cumplir\u00e1 37 a\u00f1os.<\/p>\n<p>Del Castillo enfatiz\u00f3 en que \u00abel pueblo boliviano est\u00e1 pidiendo orden\u00bb, algo indispensable, a su juicio, para resolver tambi\u00e9n los problemas econ\u00f3micos actuales.<\/p>\n<p>Abogado de profesi\u00f3n, Eduardo del Castillo ha sido parte del Gobierno de Arce desde que el mandatario asumi\u00f3 la Presidencia en noviembre de 2020.<\/p>\n<p>Antes de la crisis social y pol\u00edtica de 2019, el nuevo candidato presidencial ejerci\u00f3 como oficial mayor del Senado y, como militante de las juventudes del MAS, particip\u00f3 activamente en las protestas contra el Gobierno interino de Jeanine \u00c1\u00f1ez y en defensa del expresidente Evo Morales (2006-2019).<\/p>\n<p>Ya como ministro, Del Castillo polemiz\u00f3 varias veces y por distintos motivos con Morales y su permanencia como ministro fue, precisamente, una de las razones por las que el tambi\u00e9n exl\u00edder del oficialismo boliviano se apart\u00f3 del Gobierno de Arce.<\/p>\n<p>El MAS se fragment\u00f3 por la pelea entre Morales y Arce por el control del partido, la forma de administrar el Gobierno y la candidatura oficialista para las elecciones del pr\u00f3ximo 17 de agosto.<\/p>\n<p>Morales, que gobern\u00f3 Bolivia en tres periodos, insiste en ser candidato pese a que el Tribunal Constitucional reiter\u00f3 el mi\u00e9rcoles que la reelecci\u00f3n presidencial es por una sola vez de forma continua y sin posibilidad de un tercer mandato.<\/p>\n<p>A esto se sum\u00f3 la decisi\u00f3n del presidente del Senado, el oficialista Andr\u00f3nico Rodr\u00edguez, que era muy cercano a Morales, de postularse por su cuenta en los comicios.<\/p>\n<p>mg (efe, La Raz\u00f3n)<\/p>\n<\/p>\n<\/div>\n\n","protected":false},"excerpt":{"rendered":"<p>El partido gubernamental de Bolivia, el Movimiento al Socialismo (MAS), anunci\u00f3 este viernes (16.05.2025) que su candidato a la Presidencia en las pr\u00f3ximas elecciones generales de agosto ser\u00e1 el actual ministro de Gobierno (Interior), Eduardo del Castillo. En una improvisada declaraci\u00f3n a los medios en La Paz, el presidente del MAS, Grover Garc\u00eda, present\u00f3 a &hellip;<\/p>\n","protected":false},"author":1,"featured_media":27615,"comment_status":"open","ping_status":"open","sticky":false,"template":"","format":"standard","meta":{"fifu_image_url":"https:\/\/static.dw.com\/image\/67568100_6.jpg","fifu_image_alt":"","footnotes":""},"categories":[13],"tags":[],"class_list":["post-27614","post","type-post","status-publish","format-standard","has-post-thumbnail","","category-mundo"],"_links":{"self":[{"href":"https:\/\/noticiasveraces.com\/index.php?rest_route=\/wp\/v2\/posts\/27614","targetHints":{"allow":["GET"]}}],"collection":[{"href":"https:\/\/noticiasveraces.com\/index.php?rest_route=\/wp\/v2\/posts"}],"about":[{"href":"https:\/\/noticiasveraces.com\/index.php?rest_route=\/wp\/v2\/types\/post"}],"author":[{"embeddable":true,"href":"https:\/\/noticiasveraces.com\/index.php?rest_route=\/wp\/v2\/users\/1"}],"replies":[{"embeddable":true,"href":"https:\/\/noticiasveraces.com\/index.php?rest_route=%2Fwp%2Fv2%2Fcomments&post=27614"}],"version-history":[{"count":0,"href":"https:\/\/noticiasveraces.com\/index.php?rest_route=\/wp\/v2\/posts\/27614\/revisions"}],"wp:featuredmedia":[{"embeddable":true,"href":"https:\/\/noticiasveraces.com\/index.php?rest_route=\/wp\/v2\/media\/27615"}],"wp:attachment":[{"href":"https:\/\/noticiasveraces.com\/index.php?rest_route=%2Fwp%2Fv2%2Fmedia&parent=27614"}],"wp:term":[{"taxonomy":"category","embeddable":true,"href":"https:\/\/noticiasveraces.com\/index.php?rest_route=%2Fwp%2Fv2%2Fcategories&post=27614"},{"taxonomy":"post_tag","embeddable":true,"href":"https:\/\/noticiasveraces.com\/index.php?rest_route=%2Fwp%2Fv2%2Ftags&post=27614"}],"curies":[{"name":"wp","href":"https:\/\/api.w.org\/{rel}","templated":true}]}}