{"id":27598,"date":"2025-05-16T23:42:49","date_gmt":"2025-05-17T03:42:49","guid":{"rendered":"https:\/\/noticiasveraces.com\/?p=27598"},"modified":"2025-05-16T23:42:49","modified_gmt":"2025-05-17T03:42:49","slug":"la-fda-aprueba-el-primer-analisis-de-sangre-para-la-deteccion-de-alzheimer","status":"publish","type":"post","link":"https:\/\/noticiasveraces.com\/?p=27598","title":{"rendered":"La FDA aprueba el primer an\u00e1lisis de sangre para la detecci\u00f3n de Alzheimer"},"content":{"rendered":"<p> \n<\/p>\n<div>\n<p class=\"speakable\">El primer an\u00e1lisis de sangre para detectar la enfermedad de Alzheimer ha sido despejado por la Administraci\u00f3n de Alimentos y Medicamentos de los Estados Unidos (FDA).<\/p>\n<p class=\"speakable\">En un comunicado de prensa del viernes, la agencia anunci\u00f3 su aprobaci\u00f3n del primer dispositivo de diagn\u00f3stico in vitro, Lumipulse.<\/p>\n<p>El m\u00e9todo est\u00e1 destinado a la detecci\u00f3n temprana de Alzheimer en pacientes adultos mayores de 55 a\u00f1os que exhiben signos y s\u00edntomas de la enfermedad.<\/p>\n<p><strong>La enfermedad de Alzheimer podr\u00eda prevenirse el f\u00e1rmaco antiviral ya en el mercado<\/strong><\/p>\n<p>La nueva tecnolog\u00eda funciona detectando placas amiloides en el cerebro, un signo revelador de Alzheimer.<\/p>\n<div class=\"image-ct inline\">\n<div class=\"m\"><picture><source media=\"(max-width: 767px)\" srcset=\"https:\/\/a57.foxnews.com\/static.foxnews.com\/foxnews.com\/content\/uploads\/2025\/05\/343\/192\/gettyimages-2022975092.jpg?ve=1&amp;tl=1, https:\/\/a57.foxnews.com\/static.foxnews.com\/foxnews.com\/content\/uploads\/2025\/05\/686\/384\/gettyimages-2022975092.jpg?ve=1&amp;tl=1 2x\" height=\"192\" width=\"343\"><source media=\"(min-width: 768px) and (max-width: 1023px)\" srcset=\"https:\/\/a57.foxnews.com\/static.foxnews.com\/foxnews.com\/content\/uploads\/2025\/05\/672\/378\/gettyimages-2022975092.jpg?ve=1&amp;tl=1, https:\/\/a57.foxnews.com\/static.foxnews.com\/foxnews.com\/content\/uploads\/2025\/05\/1344\/756\/gettyimages-2022975092.jpg?ve=1&amp;tl=1 2x\" height=\"378\" width=\"672\"><source media=\"(min-width: 1024px) and (max-width: 1279px)\" srcset=\"https:\/\/a57.foxnews.com\/static.foxnews.com\/foxnews.com\/content\/uploads\/2025\/05\/931\/523\/gettyimages-2022975092.jpg?ve=1&amp;tl=1, https:\/\/a57.foxnews.com\/static.foxnews.com\/foxnews.com\/content\/uploads\/2025\/05\/1862\/1046\/gettyimages-2022975092.jpg?ve=1&amp;tl=1 2x\" height=\"523\" width=\"931\"><source media=\"(min-width: 1280px)\" srcset=\"https:\/\/a57.foxnews.com\/static.foxnews.com\/foxnews.com\/content\/uploads\/2025\/05\/720\/405\/gettyimages-2022975092.jpg?ve=1&amp;tl=1, https:\/\/a57.foxnews.com\/static.foxnews.com\/foxnews.com\/content\/uploads\/2025\/05\/1440\/810\/gettyimages-2022975092.jpg?ve=1&amp;tl=1 2x\" height=\"405\" width=\"720\"><img loading=\"lazy\" decoding=\"async\" src=\"https:\/\/a57.foxnews.com\/static.foxnews.com\/foxnews.com\/content\/uploads\/2025\/05\/1200\/675\/gettyimages-2022975092.jpg?ve=1&amp;tl=1\" alt=\"Enfermera sacando sangre de un anciano\" width=\"1200\" height=\"675\"\/><\/source><\/source><\/source><\/source><\/picture><\/div>\n<div class=\"info\">\n<div class=\"caption\">\n<p><span>El primer an\u00e1lisis de sangre para detectar la enfermedad de Alzheimer ha sido despejado por la Administraci\u00f3n de Alimentos y Medicamentos de los Estados Unidos.<\/span> <span>(Istock)<\/span><\/p>\n<\/div>\n<\/div>\n<\/div>\n<p>Si bien los escaneos PET pueden recoger estas placas, pueden ser \u00abcostosos y lentos\u00bb mientras exponen a los pacientes a la radiaci\u00f3n, seg\u00fan la FDA.<\/p>\n<p>El nuevo dispositivo Lumipulse reduce la necesidad de una exploraci\u00f3n PET u otras pruebas invasivas, dijo la agencia.<\/p>\n<p><strong><u>Haga clic aqu\u00ed para registrarse en nuestro bolet\u00edn de salud<\/u><\/strong><\/p>\n<p>En un estudio cl\u00ednico de 499 muestras de plasma de adultos con discapacidad cognitivamente, la prueba de lumipulse detect\u00f3 la presencia de placas amiloides en el 91.7% de los individuos.<\/p>\n<p>Los resultados indican que el nuevo an\u00e1lisis de sangre puede \u00abpredecir de manera confiable la presencia o ausencia de patolog\u00eda amiloide asociada con la enfermedad de Alzheimer en el momento de la prueba en pacientes con discapacidad cognitivamente\u00bb, concluy\u00f3 la FDA.<\/p>\n<div class=\"image-ct inline\">\n<div class=\"m\"><picture><source media=\"(max-width: 767px)\" srcset=\"https:\/\/a57.foxnews.com\/static.foxnews.com\/foxnews.com\/content\/uploads\/2025\/01\/343\/192\/dementia-brain-scan.jpg?ve=1&amp;tl=1, https:\/\/a57.foxnews.com\/static.foxnews.com\/foxnews.com\/content\/uploads\/2025\/01\/686\/384\/dementia-brain-scan.jpg?ve=1&amp;tl=1 2x\" height=\"192\" width=\"343\"><source media=\"(min-width: 768px) and (max-width: 1023px)\" srcset=\"https:\/\/a57.foxnews.com\/static.foxnews.com\/foxnews.com\/content\/uploads\/2025\/01\/672\/378\/dementia-brain-scan.jpg?ve=1&amp;tl=1, https:\/\/a57.foxnews.com\/static.foxnews.com\/foxnews.com\/content\/uploads\/2025\/01\/1344\/756\/dementia-brain-scan.jpg?ve=1&amp;tl=1 2x\" height=\"378\" width=\"672\"><source media=\"(min-width: 1024px) and (max-width: 1279px)\" srcset=\"https:\/\/a57.foxnews.com\/static.foxnews.com\/foxnews.com\/content\/uploads\/2025\/01\/931\/523\/dementia-brain-scan.jpg?ve=1&amp;tl=1, https:\/\/a57.foxnews.com\/static.foxnews.com\/foxnews.com\/content\/uploads\/2025\/01\/1862\/1046\/dementia-brain-scan.jpg?ve=1&amp;tl=1 2x\" height=\"523\" width=\"931\"><source media=\"(min-width: 1280px)\" srcset=\"https:\/\/a57.foxnews.com\/static.foxnews.com\/foxnews.com\/content\/uploads\/2025\/01\/720\/405\/dementia-brain-scan.jpg?ve=1&amp;tl=1, https:\/\/a57.foxnews.com\/static.foxnews.com\/foxnews.com\/content\/uploads\/2025\/01\/1440\/810\/dementia-brain-scan.jpg?ve=1&amp;tl=1 2x\" height=\"405\" width=\"720\"><img loading=\"lazy\" decoding=\"async\" src=\"https:\/\/a57.foxnews.com\/static.foxnews.com\/foxnews.com\/content\/uploads\/2025\/01\/1200\/675\/dementia-brain-scan.jpg?ve=1&amp;tl=1\" alt=\"Escaneo cerebral de demencia\" width=\"1200\" height=\"675\"\/><\/source><\/source><\/source><\/source><\/picture><\/div>\n<div class=\"info\">\n<div class=\"caption\">\n<p><span>La nueva tecnolog\u00eda funciona detectando placas amiloides en el cerebro, un signo revelador de Alzheimer, seg\u00fan la FDA.<\/span> <span>(Istock)<\/span><\/p>\n<\/div>\n<\/div>\n<\/div>\n<p>La FDA se\u00f1al\u00f3 el riesgo de resultados de la prueba falsas positivas de Lumipulse, lo que podr\u00eda conducir a un diagn\u00f3stico inapropiado y un tratamiento innecesario.<\/p>\n<p>El comisionado de la FDA, Marty Makary, MD, MPH, escribi\u00f3 en un comunicado: \u00abLa enfermedad de Alzheimer afecta a demasiadas personas, m\u00e1s que el c\u00e1ncer de mama y el c\u00e1ncer de pr\u00f3stata combinados\u00bb.<\/p>\n<p><i><strong><u>Para m\u00e1s art\u00edculos de salud, visite www.foxnews.com\/Health<\/u><\/strong><\/i><\/p>\n<p>\u00abSabiendo que el 10% de las personas de 65 a\u00f1os o m\u00e1s tienen Alzheimer, y que para 2050 se espera que ese n\u00famero se duplique, tengo la esperanza de que nuevos productos m\u00e9dicos como este ayuden a los pacientes\u00bb, dijo.<\/p>\n<div class=\"image-ct inline\">\n<div class=\"m\"><picture><source media=\"(max-width: 767px)\" srcset=\"https:\/\/a57.foxnews.com\/static.foxnews.com\/foxnews.com\/content\/uploads\/2024\/02\/343\/192\/lupus-awareness.jpg?ve=1&amp;tl=1, https:\/\/a57.foxnews.com\/static.foxnews.com\/foxnews.com\/content\/uploads\/2024\/02\/686\/384\/lupus-awareness.jpg?ve=1&amp;tl=1 2x\" height=\"192\" width=\"343\"><source media=\"(min-width: 768px) and (max-width: 1023px)\" srcset=\"https:\/\/a57.foxnews.com\/static.foxnews.com\/foxnews.com\/content\/uploads\/2024\/02\/672\/378\/lupus-awareness.jpg?ve=1&amp;tl=1, https:\/\/a57.foxnews.com\/static.foxnews.com\/foxnews.com\/content\/uploads\/2024\/02\/1344\/756\/lupus-awareness.jpg?ve=1&amp;tl=1 2x\" height=\"378\" width=\"672\"><source media=\"(min-width: 1024px) and (max-width: 1279px)\" srcset=\"https:\/\/a57.foxnews.com\/static.foxnews.com\/foxnews.com\/content\/uploads\/2024\/02\/931\/523\/lupus-awareness.jpg?ve=1&amp;tl=1, https:\/\/a57.foxnews.com\/static.foxnews.com\/foxnews.com\/content\/uploads\/2024\/02\/1862\/1046\/lupus-awareness.jpg?ve=1&amp;tl=1 2x\" height=\"523\" width=\"931\"><source media=\"(min-width: 1280px)\" srcset=\"https:\/\/a57.foxnews.com\/static.foxnews.com\/foxnews.com\/content\/uploads\/2024\/02\/720\/405\/lupus-awareness.jpg?ve=1&amp;tl=1, https:\/\/a57.foxnews.com\/static.foxnews.com\/foxnews.com\/content\/uploads\/2024\/02\/1440\/810\/lupus-awareness.jpg?ve=1&amp;tl=1 2x\" height=\"405\" width=\"720\"><img loading=\"lazy\" decoding=\"async\" src=\"https:\/\/a57.foxnews.com\/static.foxnews.com\/foxnews.com\/content\/uploads\/2024\/02\/1200\/675\/lupus-awareness.jpg?ve=1&amp;tl=1\" alt=\"Conciencia de lupus\" width=\"1200\" height=\"675\"\/><\/source><\/source><\/source><\/source><\/picture><\/div>\n<div class=\"info\">\n<div class=\"caption\">\n<p><span>\u00abLa autorizaci\u00f3n actual es un paso importante para el diagn\u00f3stico de la enfermedad de Alzheimer, lo que lo hace m\u00e1s f\u00e1cil y potencialmente m\u00e1s accesible para los pacientes estadounidenses antes de la enfermedad\u00bb, coment\u00f3 un experto.<\/span> <span>(Istock)<\/span><\/p>\n<\/div>\n<\/div>\n<\/div>\n<p>El Centro de Dispositivos y Directora de Salud Radiol\u00f3gica Michelle Tarver, MD, PhD, tambi\u00e9n coment\u00f3 en el comunicado de prensa que casi siete millones de estadounidenses viven con Alzheimer.<\/p>\n<p><strong><u>Haga clic aqu\u00ed para obtener la aplicaci\u00f3n Fox News<\/u><\/strong><\/p>\n<p>\u00abY se proyecta que este n\u00famero aumente a casi 13 millones\u00bb, dijo. <\/p>\n<p>\u00abLa autorizaci\u00f3n actual es un paso importante para el diagn\u00f3stico de la enfermedad de Alzheimer, lo que lo hace m\u00e1s f\u00e1cil y potencialmente m\u00e1s accesible para los pacientes estadounidenses antes de la enfermedad\u00bb.<\/p>\n<p> <!----> <\/p>\n<div class=\"article-meta\">\n<div class=\"author-bio\">\n<p>Angelica Stabile es una reportera de estilo de vida para Fox News Digital.<\/p>\n<\/div>\n<\/div>\n<\/div>\n\n","protected":false},"excerpt":{"rendered":"<p>El primer an\u00e1lisis de sangre para detectar la enfermedad de Alzheimer ha sido despejado por la Administraci\u00f3n de Alimentos y Medicamentos de los Estados Unidos (FDA). En un comunicado de prensa del viernes, la agencia anunci\u00f3 su aprobaci\u00f3n del primer dispositivo de diagn\u00f3stico in vitro, Lumipulse. El m\u00e9todo est\u00e1 destinado a la detecci\u00f3n temprana de &hellip;<\/p>\n","protected":false},"author":1,"featured_media":27600,"comment_status":"open","ping_status":"open","sticky":false,"template":"","format":"standard","meta":{"fifu_image_url":"https:\/\/a57.foxnews.com\/static.foxnews.com\/foxnews.com\/content\/uploads\/2025\/05\/1200\/675\/gettyimages-2022975092.jpg?ve=1&tl=1","fifu_image_alt":"","footnotes":""},"categories":[8],"tags":[],"class_list":["post-27598","post","type-post","status-publish","format-standard","has-post-thumbnail","","category-salud"],"_links":{"self":[{"href":"https:\/\/noticiasveraces.com\/index.php?rest_route=\/wp\/v2\/posts\/27598","targetHints":{"allow":["GET"]}}],"collection":[{"href":"https:\/\/noticiasveraces.com\/index.php?rest_route=\/wp\/v2\/posts"}],"about":[{"href":"https:\/\/noticiasveraces.com\/index.php?rest_route=\/wp\/v2\/types\/post"}],"author":[{"embeddable":true,"href":"https:\/\/noticiasveraces.com\/index.php?rest_route=\/wp\/v2\/users\/1"}],"replies":[{"embeddable":true,"href":"https:\/\/noticiasveraces.com\/index.php?rest_route=%2Fwp%2Fv2%2Fcomments&post=27598"}],"version-history":[{"count":0,"href":"https:\/\/noticiasveraces.com\/index.php?rest_route=\/wp\/v2\/posts\/27598\/revisions"}],"wp:featuredmedia":[{"embeddable":true,"href":"https:\/\/noticiasveraces.com\/index.php?rest_route=\/wp\/v2\/media\/27600"}],"wp:attachment":[{"href":"https:\/\/noticiasveraces.com\/index.php?rest_route=%2Fwp%2Fv2%2Fmedia&parent=27598"}],"wp:term":[{"taxonomy":"category","embeddable":true,"href":"https:\/\/noticiasveraces.com\/index.php?rest_route=%2Fwp%2Fv2%2Fcategories&post=27598"},{"taxonomy":"post_tag","embeddable":true,"href":"https:\/\/noticiasveraces.com\/index.php?rest_route=%2Fwp%2Fv2%2Ftags&post=27598"}],"curies":[{"name":"wp","href":"https:\/\/api.w.org\/{rel}","templated":true}]}}