{"id":27589,"date":"2025-05-16T20:40:05","date_gmt":"2025-05-17T00:40:05","guid":{"rendered":"https:\/\/noticiasveraces.com\/?p=27589"},"modified":"2025-05-16T20:40:05","modified_gmt":"2025-05-17T00:40:05","slug":"alemania-se-pone-firme-en-la-frontera-dw-16-05-2025","status":"publish","type":"post","link":"https:\/\/noticiasveraces.com\/?p=27589","title":{"rendered":"Alemania se pone firme en la frontera \u2013 DW \u2013 16\/05\/2025"},"content":{"rendered":"<p> \n<\/p>\n<div>\n<p>Kiefersfelden es sin\u00f3nimo de tranquilidad para muchos turistas que visitan este peque\u00f1o pueblo de Baviera, en el sur de Alemania. Desde M\u00fanich, la autopista serpentea hacia los Alpes hasta llegar a la localidad, ubicada justo en la frontera con Austria. Este para\u00edso vacacional fue escogido por el nuevo ministro del Interior de Alemania, Alexander Dobrindt (CSU), para explicar cu\u00e1l ser\u00e1 el nuevo tono que usar\u00e1 Alemania en su frontera.<\/p>\n<p>Dobrindt se encontr\u00f3 en el paso fronterizo con su compa\u00f1ero de partido, el ministro presidente de Baviera, Markus S\u00f6der, y con el jefe de la Polic\u00eda Federal, Dieter Romann. All\u00ed, bajo una fuerte lluvia, Dobrindt asegur\u00f3 que los controles fronterizos se han reforzado desde hace una semana en toda Alemania, no solo en Baviera.<\/p>\n<p>El nuevo Gobierno declar\u00f3 la guerra a la inmigraci\u00f3n ilegal durante la campa\u00f1a electoral, y ahora pretende cumplir esa promesa. A diferencia de antes, los solicitantes de asilo tambi\u00e9n ser\u00e1n devueltos en la frontera, lo que significa que no se les permitir\u00e1 entrar al pa\u00eds. Solo se har\u00e1 excepciones con mujeres embarazadas y ni\u00f1os.<\/p>\n<h2>Las cosas cambiaron en Alemania<\/h2>\n<p>Durante a\u00f1os, la norma fue que cualquier persona que llegara a Alemania y expresara su deseo de recibir asilo, pod\u00eda quedarse en el pa\u00eds. Ahora es distinto. \u00abQuiero decirles a todos los que creen que pueden lucrar con el sufrimiento de las personas intentando traerlas mediante contrabando, que estamos haciendo todo lo posible para detener estas actividades delictivas\u00bb, dijo Dobrindt.<\/p>\n<p>El pol\u00edtico agreg\u00f3 casi con orgullo: en la \u00faltima semana, es decir desde que asumi\u00f3 el Gobierno del canciller Friedrich Merz (CDU), se frustraron 739 intentos de ingreso ilegal al pa\u00eds. La semana anterior hab\u00edan sido 511, lo que supone un incremento del 45 por ciento. Esto ha sido posible, dice Dobrindt, porque se han desplegado 3.000 agentes adicionales de la Polic\u00eda Federal en la frontera. Antes eran 11.000; ahora son 14.000.<\/p>\n<figure class=\"placeholder-image master_landscape big\"><img data-format=\"MASTER_LANDSCAPE\" data-id=\"64631547\" data-url=\"https:\/\/static.dw.com\/image\/64631547_${formatId}.jpg\" data-aspect-ratio=\"16\/9\" alt=\"Angela Merkel se fotograf\u00eda con un refugiado sirio.\" style=\"padding-bottom: 56.25%; height: 0; max-height: 0;\"\/><figcaption class=\"img-caption\">La pol\u00edtica del actual gobierno alem\u00e1n marca un quiebre definitivo con la adoptada durante el mandato de Angela Merkel.<small class=\"copyright\">Imagen: Sean Gallup\/Getty Images<\/small><\/figcaption><\/figure>\n<p>Algunos de esos agentes estaban junto al ministro, que se dirigi\u00f3 directamente a ellos para agradecerles su trabajo, a menudo de 12 horas al d\u00eda, como no olvid\u00f3 mencionar. Dobrindt sabe que el jefe policial Romann se ha quejado durante meses de la creciente carga laboral de sus funcionarios, porque el Gobierno anterior ya hab\u00eda aumentado los controles fronterizos.<\/p>\n<h2>Ajuste de cuentas con Merkel<\/h2>\n<p>La actitud m\u00e1s dura ante el fen\u00f3meno migratorio supone tambi\u00e9n un ajuste de cuentas definitivo con la excanciller Angela Merkel, cuya pol\u00edtica de brazos abiertos permiti\u00f3 la entrada al pa\u00eds de cientos de miles de refugiados, especialmente en 2015 y 2016, procedentes principalmente de Siria y Afganist\u00e1n, pero tambi\u00e9n de muchos pa\u00edses africanos.<\/p>\n<p>Pese a todo, el nuevo canciller Merz asegur\u00f3 a mediados de semana, en tono tranquilizador, que Alemania sigue siendo un pa\u00eds de inmigraci\u00f3n. Dobrindt, en Kiefersfelden, mostr\u00f3 que esa nueva pol\u00edtica es m\u00e1s compleja, y los polic\u00edas deben garantizar que, combinando \u00abhumanidad y orden\u00bb, haya una preponderancia del orden. Para ello se desplegar\u00e1n a\u00fan m\u00e1s drones, c\u00e1maras termogr\u00e1ficas y helic\u00f3pteros.<\/p>\n<p><span data-slot-id=\"Article_InContent-1\" class=\"rich-text-ad\"\/><\/p>\n<h2>Polonia: \u00abAfD es su problema, se\u00f1or canciller\u00bb<\/h2>\n<p>Merz prometi\u00f3 durante la campa\u00f1a electoral que desde el primer d\u00eda implementar\u00eda una pol\u00edtica migratoria distinta. Esto, sin duda, responde tambi\u00e9n a los importantes avances electorales del partido de ultraderecha Alternativa para Alemania (AfD), que ha sumado respaldos en los \u00faltimos a\u00f1os gracias a su firme postura contra la inmigraci\u00f3n.<\/p>\n<figure class=\"placeholder-image master_landscape big\"><img data-format=\"MASTER_LANDSCAPE\" data-id=\"72470589\" data-url=\"https:\/\/static.dw.com\/image\/72470589_${formatId}.jpg\" data-aspect-ratio=\"16\/9\" alt=\"Friedrich Merz y Donald Tusk.\" style=\"padding-bottom: 56.25%; height: 0; max-height: 0;\"\/><figcaption class=\"img-caption\">El canciller de Alemania, Friedrich Merz, junto al primer ministro polaco, Donald Tusk.<small class=\"copyright\">Imagen: Dominika Zarzycka\/Sopa Images\/Zuma Press\/Picture Alliance<\/small><\/figcaption><\/figure>\n<p>Sin embargo, la nueva actitud alemana ante la migraci\u00f3n no ha ca\u00eddo bien en toda Europa. Apenas asumido como canciller, Merz se enter\u00f3 en Varsovia de que Polonia tambi\u00e9n busca combatir la inmigraci\u00f3n ilegal, pero en las fronteras exteriores de la Uni\u00f3n Europea, no en el l\u00edmite germano-polaco. Polonia, de hecho, no aceptar\u00e1 refugiados expulsados de Alemania, le dijo el primer ministro polaco, Donald Tusk a Merz.<\/p>\n<p>\u00abAfD es su problema, se\u00f1or canciller\u00bb, agreg\u00f3 Tusk. Merz respondi\u00f3 con cortes\u00eda: \u00abQueremos seguir desarrollando en conjunto una pol\u00edtica europea de inmigraci\u00f3n y asilo, e implementaremos controles fronterizos de una manera aceptable para nuestros vecinos\u00bb.<\/p>\n<p>En 2024, unas 229.751 personas pidieron asilo en Alemania. Esta cifra es significativamente menor al mill\u00f3n de solicitudes registradas en 2015. Aun as\u00ed, es casi dos veces y media la cifra que Merz prometi\u00f3 durante su campa\u00f1a, cuando dijo que limitar\u00eda el n\u00famero de refugiados a 100.000 por a\u00f1o.<\/p>\n<p>(DZC\/RML)<\/p>\n<\/p>\n<\/div>\n\n","protected":false},"excerpt":{"rendered":"<p>Kiefersfelden es sin\u00f3nimo de tranquilidad para muchos turistas que visitan este peque\u00f1o pueblo de Baviera, en el sur de Alemania. Desde M\u00fanich, la autopista serpentea hacia los Alpes hasta llegar a la localidad, ubicada justo en la frontera con Austria. Este para\u00edso vacacional fue escogido por el nuevo ministro del Interior de Alemania, Alexander Dobrindt &hellip;<\/p>\n","protected":false},"author":1,"featured_media":27590,"comment_status":"open","ping_status":"open","sticky":false,"template":"","format":"standard","meta":{"fifu_image_url":"https:\/\/static.dw.com\/image\/72564057_6.jpg","fifu_image_alt":"","footnotes":""},"categories":[13],"tags":[],"class_list":["post-27589","post","type-post","status-publish","format-standard","has-post-thumbnail","","category-mundo"],"_links":{"self":[{"href":"https:\/\/noticiasveraces.com\/index.php?rest_route=\/wp\/v2\/posts\/27589","targetHints":{"allow":["GET"]}}],"collection":[{"href":"https:\/\/noticiasveraces.com\/index.php?rest_route=\/wp\/v2\/posts"}],"about":[{"href":"https:\/\/noticiasveraces.com\/index.php?rest_route=\/wp\/v2\/types\/post"}],"author":[{"embeddable":true,"href":"https:\/\/noticiasveraces.com\/index.php?rest_route=\/wp\/v2\/users\/1"}],"replies":[{"embeddable":true,"href":"https:\/\/noticiasveraces.com\/index.php?rest_route=%2Fwp%2Fv2%2Fcomments&post=27589"}],"version-history":[{"count":0,"href":"https:\/\/noticiasveraces.com\/index.php?rest_route=\/wp\/v2\/posts\/27589\/revisions"}],"wp:featuredmedia":[{"embeddable":true,"href":"https:\/\/noticiasveraces.com\/index.php?rest_route=\/wp\/v2\/media\/27590"}],"wp:attachment":[{"href":"https:\/\/noticiasveraces.com\/index.php?rest_route=%2Fwp%2Fv2%2Fmedia&parent=27589"}],"wp:term":[{"taxonomy":"category","embeddable":true,"href":"https:\/\/noticiasveraces.com\/index.php?rest_route=%2Fwp%2Fv2%2Fcategories&post=27589"},{"taxonomy":"post_tag","embeddable":true,"href":"https:\/\/noticiasveraces.com\/index.php?rest_route=%2Fwp%2Fv2%2Ftags&post=27589"}],"curies":[{"name":"wp","href":"https:\/\/api.w.org\/{rel}","templated":true}]}}