{"id":27584,"date":"2025-05-16T18:38:13","date_gmt":"2025-05-16T22:38:13","guid":{"rendered":"https:\/\/noticiasveraces.com\/?p=27584"},"modified":"2025-05-16T18:38:13","modified_gmt":"2025-05-16T22:38:13","slug":"la-estatua-de-melania-trump-aserro-los-tobillos-y-robo-de-la-ciudad-natal-eslovena","status":"publish","type":"post","link":"https:\/\/noticiasveraces.com\/?p=27584","title":{"rendered":"La estatua de Melania Trump aserr\u00f3 los tobillos y rob\u00f3 de la ciudad natal eslovena"},"content":{"rendered":"<p> \n<\/p>\n<div>\n<p class=\"speakable\">Una estatua de bronce de Melania Trump fue atendida en los tobillos y robada esta semana en la eslovenia nativa de la primera dama, dijo la polic\u00eda. <\/p>\n<p class=\"speakable\">La estatua reemplaz\u00f3 a una de madera que se erigi\u00f3 cerca de su ciudad natal de Sevnica en 2020 al final del primer mandato del presidente Donald Trump despu\u00e9s de que fue atacado en un ataque incendio. <\/p>\n<p>Ambas estatuas fueron una colaboraci\u00f3n entre Brad Downey, un artista de Kentucky, y un artesano local, Ales \u00abMaxi\u00bb Zupevc. <\/p>\n<p>La figura original, hecha de madera y cortada del tronco de un \u00e1rbol de Linden, retrataba a la primera dama con un vestido azul p\u00e1lido, similar al que usaba en la inauguraci\u00f3n de Trump en 2016.<\/p>\n<p><strong>La primera dama Melania Trump cumple 55 a\u00f1os: su vida en fotos, desde Eslovenia hasta la Casa Blanca<\/strong><\/p>\n<div class=\"image-ct inline\">\n<div class=\"m\"><picture><source media=\"(max-width: 767px)\" srcset=\"https:\/\/a57.foxnews.com\/static.foxnews.com\/foxnews.com\/content\/uploads\/2025\/05\/343\/192\/split-of-melania-trump-statue-before-and-after-vandalism.jpg?ve=1&amp;tl=1, https:\/\/a57.foxnews.com\/static.foxnews.com\/foxnews.com\/content\/uploads\/2025\/05\/686\/384\/split-of-melania-trump-statue-before-and-after-vandalism.jpg?ve=1&amp;tl=1 2x\" height=\"192\" width=\"343\"><source media=\"(min-width: 768px) and (max-width: 1023px)\" srcset=\"https:\/\/a57.foxnews.com\/static.foxnews.com\/foxnews.com\/content\/uploads\/2025\/05\/672\/378\/split-of-melania-trump-statue-before-and-after-vandalism.jpg?ve=1&amp;tl=1, https:\/\/a57.foxnews.com\/static.foxnews.com\/foxnews.com\/content\/uploads\/2025\/05\/1344\/756\/split-of-melania-trump-statue-before-and-after-vandalism.jpg?ve=1&amp;tl=1 2x\" height=\"378\" width=\"672\"><source media=\"(min-width: 1024px) and (max-width: 1279px)\" srcset=\"https:\/\/a57.foxnews.com\/static.foxnews.com\/foxnews.com\/content\/uploads\/2025\/05\/931\/523\/split-of-melania-trump-statue-before-and-after-vandalism.jpg?ve=1&amp;tl=1, https:\/\/a57.foxnews.com\/static.foxnews.com\/foxnews.com\/content\/uploads\/2025\/05\/1862\/1046\/split-of-melania-trump-statue-before-and-after-vandalism.jpg?ve=1&amp;tl=1 2x\" height=\"523\" width=\"931\"><source media=\"(min-width: 1280px)\" srcset=\"https:\/\/a57.foxnews.com\/static.foxnews.com\/foxnews.com\/content\/uploads\/2025\/05\/720\/405\/split-of-melania-trump-statue-before-and-after-vandalism.jpg?ve=1&amp;tl=1, https:\/\/a57.foxnews.com\/static.foxnews.com\/foxnews.com\/content\/uploads\/2025\/05\/1440\/810\/split-of-melania-trump-statue-before-and-after-vandalism.jpg?ve=1&amp;tl=1 2x\" height=\"405\" width=\"720\"><img loading=\"lazy\" decoding=\"async\" src=\"https:\/\/a57.foxnews.com\/static.foxnews.com\/foxnews.com\/content\/uploads\/2025\/05\/1200\/675\/split-of-melania-trump-statue-before-and-after-vandalism.jpg?ve=1&amp;tl=1\" alt=\"Una divisi\u00f3n de la estatua antes y despu\u00e9s del vandalismo\" width=\"1200\" height=\"675\"\/><\/source><\/source><\/source><\/source><\/picture><\/div>\n<div class=\"info\">\n<div class=\"caption\">\n<p><span>Una estatua de bronce de Melania Trump fue atendida en los tobillos y robada esta semana en la eslovenia nativa de la primera dama, dijo la polic\u00eda. <\/span> <span>(Associated Press)<\/span><\/p>\n<\/div>\n<\/div>\n<\/div>\n<p>La nueva estatua se coloc\u00f3 en el mismo toc\u00f3n que la antigua y se model\u00f3 despu\u00e9s del dise\u00f1o anterior. En julio de 2020, Downey dijo que la estatua se har\u00eda \u00ablo m\u00e1s s\u00f3lida posible, de un material duradero que no puede ser destruido sin duda\u00bb, seg\u00fan The Guardian.<\/p>\n<p>La portavoz de la polic\u00eda eslovena, Alenka Drenik Rangus, dijo el viernes que la polic\u00eda estaba investigando despu\u00e9s del vandalismo y el robo se informaron el martes. <\/p>\n<p>Franja Kranjc, una trabajadora de una panader\u00eda que vende pasteles con el nombre de la primera dama en apoyo de ella, le dijo a The Associated Press que la imagen r\u00fastica no era muy querida. <\/p>\n<div class=\"image-ct inline\">\n<div class=\"m\"><picture><source media=\"(max-width: 767px)\" srcset=\"https:\/\/a57.foxnews.com\/static.foxnews.com\/foxnews.com\/content\/uploads\/2025\/05\/343\/192\/melania-trump-statue-vandalism-scaled.jpg?ve=1&amp;tl=1, https:\/\/a57.foxnews.com\/static.foxnews.com\/foxnews.com\/content\/uploads\/2025\/05\/686\/384\/melania-trump-statue-vandalism-scaled.jpg?ve=1&amp;tl=1 2x\" height=\"192\" width=\"343\"><source media=\"(min-width: 768px) and (max-width: 1023px)\" srcset=\"https:\/\/a57.foxnews.com\/static.foxnews.com\/foxnews.com\/content\/uploads\/2025\/05\/672\/378\/melania-trump-statue-vandalism-scaled.jpg?ve=1&amp;tl=1, https:\/\/a57.foxnews.com\/static.foxnews.com\/foxnews.com\/content\/uploads\/2025\/05\/1344\/756\/melania-trump-statue-vandalism-scaled.jpg?ve=1&amp;tl=1 2x\" height=\"378\" width=\"672\"><source media=\"(min-width: 1024px) and (max-width: 1279px)\" srcset=\"https:\/\/a57.foxnews.com\/static.foxnews.com\/foxnews.com\/content\/uploads\/2025\/05\/931\/523\/melania-trump-statue-vandalism-scaled.jpg?ve=1&amp;tl=1, https:\/\/a57.foxnews.com\/static.foxnews.com\/foxnews.com\/content\/uploads\/2025\/05\/1862\/1046\/melania-trump-statue-vandalism-scaled.jpg?ve=1&amp;tl=1 2x\" height=\"523\" width=\"931\"><source media=\"(min-width: 1280px)\" srcset=\"https:\/\/a57.foxnews.com\/static.foxnews.com\/foxnews.com\/content\/uploads\/2025\/05\/720\/405\/melania-trump-statue-vandalism-scaled.jpg?ve=1&amp;tl=1, https:\/\/a57.foxnews.com\/static.foxnews.com\/foxnews.com\/content\/uploads\/2025\/05\/1440\/810\/melania-trump-statue-vandalism-scaled.jpg?ve=1&amp;tl=1 2x\" height=\"405\" width=\"720\"><img loading=\"lazy\" decoding=\"async\" src=\"https:\/\/a57.foxnews.com\/static.foxnews.com\/foxnews.com\/content\/uploads\/2025\/05\/1200\/675\/melania-trump-statue-vandalism-scaled.jpg?ve=1&amp;tl=1\" alt=\"Stump se fue despu\u00e9s de que se elimin\u00f3 la estatua de Melania Trump\" width=\"1200\" height=\"675\"\/><\/source><\/source><\/source><\/source><\/picture><\/div>\n<div class=\"info\">\n<div class=\"caption\">\n<p><span>Solo los tobillos quedan de una estatua de Melania Trump que fue aserrada y robada, dijo la polic\u00eda eslovena. <\/span> <span>(AP Photo\/Relja Dusek)<\/span><\/p>\n<\/div>\n<\/div>\n<\/div>\n<p><strong>El secretario de prensa de la Casa Blanca dice que la estatua de la libertad no va a ninguna parte, responde al pol\u00edtico franc\u00e9s<\/strong><\/p>\n<p>\u00abCreo que nadie estaba realmente orgulloso con esta estatua, ni siquiera la primera dama de los Estados Unidos\u00bb, dijo Kranjc. \u00abEntonces, creo que est\u00e1 bien que se elimine\u00bb.<\/p>\n<p>Zupevc dijo que \u00e9l y Melania Trump nacieron en el mismo hospital, lo que en parte lo inspir\u00f3 a crear el dise\u00f1o. Tall\u00f3 la estatua con una motosierra y la lij\u00f3 con una herramienta el\u00e9ctrica. <\/p>\n<div class=\"image-ct inline\">\n<div class=\"m\"><picture><source media=\"(max-width: 767px)\" srcset=\"https:\/\/a57.foxnews.com\/static.foxnews.com\/foxnews.com\/content\/uploads\/2025\/03\/343\/192\/melania6.png?ve=1&amp;tl=1, https:\/\/a57.foxnews.com\/static.foxnews.com\/foxnews.com\/content\/uploads\/2025\/03\/686\/384\/melania6.png?ve=1&amp;tl=1 2x\" height=\"192\" width=\"343\"><source media=\"(min-width: 768px) and (max-width: 1023px)\" srcset=\"https:\/\/a57.foxnews.com\/static.foxnews.com\/foxnews.com\/content\/uploads\/2025\/03\/672\/378\/melania6.png?ve=1&amp;tl=1, https:\/\/a57.foxnews.com\/static.foxnews.com\/foxnews.com\/content\/uploads\/2025\/03\/1344\/756\/melania6.png?ve=1&amp;tl=1 2x\" height=\"378\" width=\"672\"><source media=\"(min-width: 1024px) and (max-width: 1279px)\" srcset=\"https:\/\/a57.foxnews.com\/static.foxnews.com\/foxnews.com\/content\/uploads\/2025\/03\/931\/523\/melania6.png?ve=1&amp;tl=1, https:\/\/a57.foxnews.com\/static.foxnews.com\/foxnews.com\/content\/uploads\/2025\/03\/1862\/1046\/melania6.png?ve=1&amp;tl=1 2x\" height=\"523\" width=\"931\"><source media=\"(min-width: 1280px)\" srcset=\"https:\/\/a57.foxnews.com\/static.foxnews.com\/foxnews.com\/content\/uploads\/2025\/03\/720\/405\/melania6.png?ve=1&amp;tl=1, https:\/\/a57.foxnews.com\/static.foxnews.com\/foxnews.com\/content\/uploads\/2025\/03\/1440\/810\/melania6.png?ve=1&amp;tl=1 2x\" height=\"405\" width=\"720\"><img loading=\"lazy\" decoding=\"async\" src=\"https:\/\/a57.foxnews.com\/static.foxnews.com\/foxnews.com\/content\/uploads\/2025\/03\/1200\/675\/melania6.png?ve=1&amp;tl=1\" alt=\"Melania Trump en Capitolio\" width=\"1200\" height=\"675\"\/><\/source><\/source><\/source><\/source><\/picture><\/div>\n<div class=\"info\">\n<div class=\"caption\">\n<p><span>La estatua fue una semejanza r\u00fastica de la Primera Dama. <\/span> <span>(Getty Images)<\/span><\/p>\n<\/div>\n<\/div>\n<\/div>\n<p>\u00abConect\u00e9 mi molinillo angular &#8230; Trabaj\u00e9 y comet\u00ed errores &#8230; termin\u00e9 el cabello &#8230; los ojos y todo. Luego, llam\u00e9 a mi hermano, quien dijo: &#8216;escupir la imagen de nuestra camarera&#8217;. Y as\u00ed fue \u00ab, dijo Zupevc durante una pel\u00edcula documental de Downey sobre la realizaci\u00f3n de la estatua original.<\/p>\n<p>Una placa al lado de la estatua dice que est\u00e1 \u00abdedicada a la memoria eterna de un monumento a Melania que se encontraba en este lugar\u00bb.<\/p>\n<p>Nacida en Melanija Knavs en el cercano Novo Mesto en 1970, la primera dama creci\u00f3 en Sevnica, mientras que Eslovenia era parte de la ex Yugoslavia gobernada por el comunista. Una naci\u00f3n alpina de 2 millones de personas, Eslovenia es ahora miembro de la Uni\u00f3n Europea y la OTAN.<\/p>\n<p><strong>Haga clic aqu\u00ed para obtener la aplicaci\u00f3n Fox News<\/strong><\/p>\n<p><i>Associated Press contribuy\u00f3 a este informe. <\/i><\/p>\n<p> <!----> <\/div>\n\n","protected":false},"excerpt":{"rendered":"<p>Una estatua de bronce de Melania Trump fue atendida en los tobillos y robada esta semana en la eslovenia nativa de la primera dama, dijo la polic\u00eda. La estatua reemplaz\u00f3 a una de madera que se erigi\u00f3 cerca de su ciudad natal de Sevnica en 2020 al final del primer mandato del presidente Donald Trump &hellip;<\/p>\n","protected":false},"author":1,"featured_media":27586,"comment_status":"open","ping_status":"open","sticky":false,"template":"","format":"standard","meta":{"fifu_image_url":"https:\/\/static.foxnews.com\/foxnews.com\/content\/uploads\/2025\/05\/split-of-melania-trump-statue-before-and-after-vandalism.jpg","fifu_image_alt":"","footnotes":""},"categories":[13],"tags":[],"class_list":["post-27584","post","type-post","status-publish","format-standard","has-post-thumbnail","","category-mundo"],"_links":{"self":[{"href":"https:\/\/noticiasveraces.com\/index.php?rest_route=\/wp\/v2\/posts\/27584","targetHints":{"allow":["GET"]}}],"collection":[{"href":"https:\/\/noticiasveraces.com\/index.php?rest_route=\/wp\/v2\/posts"}],"about":[{"href":"https:\/\/noticiasveraces.com\/index.php?rest_route=\/wp\/v2\/types\/post"}],"author":[{"embeddable":true,"href":"https:\/\/noticiasveraces.com\/index.php?rest_route=\/wp\/v2\/users\/1"}],"replies":[{"embeddable":true,"href":"https:\/\/noticiasveraces.com\/index.php?rest_route=%2Fwp%2Fv2%2Fcomments&post=27584"}],"version-history":[{"count":0,"href":"https:\/\/noticiasveraces.com\/index.php?rest_route=\/wp\/v2\/posts\/27584\/revisions"}],"wp:featuredmedia":[{"embeddable":true,"href":"https:\/\/noticiasveraces.com\/index.php?rest_route=\/wp\/v2\/media\/27586"}],"wp:attachment":[{"href":"https:\/\/noticiasveraces.com\/index.php?rest_route=%2Fwp%2Fv2%2Fmedia&parent=27584"}],"wp:term":[{"taxonomy":"category","embeddable":true,"href":"https:\/\/noticiasveraces.com\/index.php?rest_route=%2Fwp%2Fv2%2Fcategories&post=27584"},{"taxonomy":"post_tag","embeddable":true,"href":"https:\/\/noticiasveraces.com\/index.php?rest_route=%2Fwp%2Fv2%2Ftags&post=27584"}],"curies":[{"name":"wp","href":"https:\/\/api.w.org\/{rel}","templated":true}]}}