{"id":27576,"date":"2025-05-16T17:37:00","date_gmt":"2025-05-16T21:37:00","guid":{"rendered":"https:\/\/noticiasveraces.com\/?p=27576"},"modified":"2025-05-16T17:37:00","modified_gmt":"2025-05-16T21:37:00","slug":"reforma-presupuestaria-de-la-onu-llamada-estratagema-enganosa-para-mantener-el-tamano-hasta-las-elecciones-de-2026","status":"publish","type":"post","link":"https:\/\/noticiasveraces.com\/?p=27576","title":{"rendered":"Reforma presupuestaria de la ONU llamada estratagema enga\u00f1osa para mantener el tama\u00f1o hasta las elecciones de 2026"},"content":{"rendered":"<p> \n<\/p>\n<div>\n<p class=\"speakable\">Mientras que las Naciones Unidas, a trav\u00e9s de su Fuerza de Tarea de la UN80, contin\u00faan un intento del p\u00fablico de reducir su presupuesto para administrar una disminuci\u00f3n en las contribuciones externas y en el reconocimiento de los mandatos superpuestos y los esfuerzos duplicados, una fuente diplom\u00e1tica de la ONU le dice a Fox News Digital que el esfuerzo es un intento de \u00abmantener una organizaci\u00f3n de mamut no tocada\u00bb hasta las elecciones de 2026 a medio de trimestre.<\/p>\n<p class=\"speakable\">La fuente explic\u00f3 que el \u00abpresupuesto de crecimiento cero\u00bb propuesto para 2026 ya se ha preparado, y que \u00abhablar sobre c\u00f3mo vamos a obtenerlo m\u00e1s delgado\u00bb solo tiene la intenci\u00f3n de \u00abtomar [President] Trump para un fan\u00e1tico \u00ab. La fuente dijo que la ONU cree que el presupuesto marcar\u00e1 la ONU hasta que la C\u00e1mara voltee al control democr\u00e1tico y Trump ya no podr\u00e1\u00bb infligir da\u00f1os a la ONU \u00ab<\/p>\n<p>La fuente afirm\u00f3 que el esfuerzo es el \u00abni\u00f1o cerebral\u00bb de la Fundaci\u00f3n de la ONU, algo que el grupo refut\u00f3.<\/p>\n<p>\u00abNunca hemos propuesto vincular las deliberaciones presupuestarias de la ONU con las elecciones de mitad de per\u00edodo de los Estados Unidos\u00bb, dijo un portavoz de la Fundaci\u00f3n de la ONU a Fox News Digital.<\/p>\n<p><strong>Watchdog Org pide sanciones contra la designaci\u00f3n de la ONU acusada de antisemitismo<\/strong><\/p>\n<div class=\"image-ct inline\">\n<div class=\"m\"><picture><source media=\"(max-width: 767px)\" srcset=\"https:\/\/a57.foxnews.com\/static.foxnews.com\/foxnews.com\/content\/uploads\/2024\/08\/343\/192\/GettyImages-2161729346-scaled.jpg?ve=1&amp;tl=1, https:\/\/a57.foxnews.com\/static.foxnews.com\/foxnews.com\/content\/uploads\/2024\/08\/686\/384\/GettyImages-2161729346-scaled.jpg?ve=1&amp;tl=1 2x\" height=\"192\" width=\"343\"><source media=\"(min-width: 768px) and (max-width: 1023px)\" srcset=\"https:\/\/a57.foxnews.com\/static.foxnews.com\/foxnews.com\/content\/uploads\/2024\/08\/672\/378\/GettyImages-2161729346-scaled.jpg?ve=1&amp;tl=1, https:\/\/a57.foxnews.com\/static.foxnews.com\/foxnews.com\/content\/uploads\/2024\/08\/1344\/756\/GettyImages-2161729346-scaled.jpg?ve=1&amp;tl=1 2x\" height=\"378\" width=\"672\"><source media=\"(min-width: 1024px) and (max-width: 1279px)\" srcset=\"https:\/\/a57.foxnews.com\/static.foxnews.com\/foxnews.com\/content\/uploads\/2024\/08\/931\/523\/GettyImages-2161729346-scaled.jpg?ve=1&amp;tl=1, https:\/\/a57.foxnews.com\/static.foxnews.com\/foxnews.com\/content\/uploads\/2024\/08\/1862\/1046\/GettyImages-2161729346-scaled.jpg?ve=1&amp;tl=1 2x\" height=\"523\" width=\"931\"><source media=\"(min-width: 1280px)\" srcset=\"https:\/\/a57.foxnews.com\/static.foxnews.com\/foxnews.com\/content\/uploads\/2024\/08\/720\/405\/GettyImages-2161729346-scaled.jpg?ve=1&amp;tl=1, https:\/\/a57.foxnews.com\/static.foxnews.com\/foxnews.com\/content\/uploads\/2024\/08\/1440\/810\/GettyImages-2161729346-scaled.jpg?ve=1&amp;tl=1 2x\" height=\"405\" width=\"720\"><img loading=\"lazy\" decoding=\"async\" src=\"https:\/\/a57.foxnews.com\/static.foxnews.com\/foxnews.com\/content\/uploads\/2024\/08\/1200\/675\/GettyImages-2161729346-scaled.jpg?ve=1&amp;tl=1\" alt=\"Fachada de las Naciones Unidas\" width=\"1200\" height=\"675\"\/><\/source><\/source><\/source><\/source><\/picture><\/div>\n<div class=\"info\">\n<div class=\"caption\">\n<p><span>Una vista del edificio de la sede de las Naciones Unidas en la ciudad de Nueva York, Estados Unidos, el 16 de julio de 2024.<\/span> <span>(Jakub Porzycki\/Nurphoto a trav\u00e9s de Getty Images)<\/span><\/p>\n<\/div>\n<\/div>\n<\/div>\n<p>\u00abLa Fundaci\u00f3n de la ONU es una organizaci\u00f3n independiente, separada de la propia ONU. No estamos involucrados en el proceso presupuestario de la ONU, que es decidida por la Asamblea General de la ONU. Tambi\u00e9n compartimos una opini\u00f3n ampliamente sostenida de que existe el alcance de las eficiencias e innovaciones para fortalecer la entrega del trabajo de salvaci\u00f3n de la ONU\u00bb, agreg\u00f3 el portavoz.<\/p>\n<p>Fox News Digital vio documentos internos que muestran esfuerzos de varias entidades de la ONU para dirigir las medidas de reducci\u00f3n de costos. La fuente dice que algunos muestran la naturaleza falsa del esfuerzo. <\/p>\n<p>Un memorando de la UN80 de los coordinadores residentes de la ONU en \u00c1frica de abril de 2025 analiza c\u00f3mo han fallado las reformas previas. Explica que \u00abno abordaron completamente los incentivos para la colaboraci\u00f3n\u00bb, lo que dej\u00f3 a las entidades de la ONU para \u00abpriorizar con demasiada frecuencia sus obligaciones corporativas sobre la coherencia de todo el sistema\u00bb. La coordinaci\u00f3n, la nota dice, \u00abse ve con demasiada facilidad como un trabajo adicional en lugar de una responsabilidad central\u00bb, y \u00abla competencia de financiaci\u00f3n agrava estos problemas\u00bb.<\/p>\n<p><strong>El brazo de comunicaciones globales de la ONU bajo fuego por el sesgo anti-Israel como los cr\u00edticos piden reformas<\/strong><\/p>\n<div class=\"image-ct inline\">\n<div class=\"m\"><picture><source media=\"(max-width: 767px)\" srcset=\"https:\/\/a57.foxnews.com\/static.foxnews.com\/foxnews.com\/content\/uploads\/2023\/10\/343\/192\/UN-flag.jpg?ve=1&amp;tl=1, https:\/\/a57.foxnews.com\/static.foxnews.com\/foxnews.com\/content\/uploads\/2023\/10\/686\/384\/UN-flag.jpg?ve=1&amp;tl=1 2x\" height=\"192\" width=\"343\"><source media=\"(min-width: 768px) and (max-width: 1023px)\" srcset=\"https:\/\/a57.foxnews.com\/static.foxnews.com\/foxnews.com\/content\/uploads\/2023\/10\/672\/378\/UN-flag.jpg?ve=1&amp;tl=1, https:\/\/a57.foxnews.com\/static.foxnews.com\/foxnews.com\/content\/uploads\/2023\/10\/1344\/756\/UN-flag.jpg?ve=1&amp;tl=1 2x\" height=\"378\" width=\"672\"><source media=\"(min-width: 1024px) and (max-width: 1279px)\" srcset=\"https:\/\/a57.foxnews.com\/static.foxnews.com\/foxnews.com\/content\/uploads\/2023\/10\/931\/523\/UN-flag.jpg?ve=1&amp;tl=1, https:\/\/a57.foxnews.com\/static.foxnews.com\/foxnews.com\/content\/uploads\/2023\/10\/1862\/1046\/UN-flag.jpg?ve=1&amp;tl=1 2x\" height=\"523\" width=\"931\"><source media=\"(min-width: 1280px)\" srcset=\"https:\/\/a57.foxnews.com\/static.foxnews.com\/foxnews.com\/content\/uploads\/2023\/10\/720\/405\/UN-flag.jpg?ve=1&amp;tl=1, https:\/\/a57.foxnews.com\/static.foxnews.com\/foxnews.com\/content\/uploads\/2023\/10\/1440\/810\/UN-flag.jpg?ve=1&amp;tl=1 2x\" height=\"405\" width=\"720\"><img loading=\"lazy\" decoding=\"async\" src=\"https:\/\/a57.foxnews.com\/static.foxnews.com\/foxnews.com\/content\/uploads\/2023\/10\/1200\/675\/UN-flag.jpg?ve=1&amp;tl=1\" alt=\"FLANDA DE LA FLAGA UNO\" width=\"1200\" height=\"675\"\/><\/source><\/source><\/source><\/source><\/picture><\/div>\n<div class=\"info\">\n<div class=\"caption\">\n<p><span>La cuenta oficial de X oficial para un grupo femenino de las Naciones Unidas fue golpeado esta semana despu\u00e9s de esperar casi dos meses para llamar a Hamas por su nombre por su ataque a Israel.<\/span> <span>(Reuters\/Yana Paskova\/Foto de archivo)<\/span><\/p>\n<\/div>\n<\/div>\n<\/div>\n<p>Si bien el memorando identifica dos opciones para la reorganizaci\u00f3n, se\u00f1ala que \u00abla implementaci\u00f3n de reformas estructurales tan ambiciosas, especialmente la Opci\u00f3n 1, requerir\u00e1 un enfoque gradual de mediano plazo durante un horizonte de 5-10 a\u00f1os\u00bb y nota que la opci\u00f3n 2 \u00abno es probable que no sean viables si no se realizan cambios estructurales. [headquarters] entidades de nivel \u00ab. <\/p>\n<p>La fuente de la ONU dice que el memorando \u00abmuestra &#8230; la incapacidad de la ONU para reformarse a s\u00ed misma\u00bb. <\/p>\n<p>Otro memorando de la Oficina del Secretario General enviado el 25 de abril dirige a las entidades de la Secretar\u00eda que realicen una \u00abrevisi\u00f3n funcional para reducciones de costos y eficiencias\u00bb. Entre las instrucciones proporcionadas se encuentra que el personal \u00abidentifica qu\u00e9 funciones podr\u00edan reubicarse\u00bb, incluyendo \u00abcomo m\u00ednimo las funciones, unidades organizativas, n\u00fameros posteriores y niveles de grado propuestos para la reubicaci\u00f3n\u00bb. <\/p>\n<p>Los n\u00fameros se enviar\u00edan a la oficina del controlador antes del 16 de mayo, se\u00f1alando que la \u00abfecha l\u00edmite ajustada\u00bb est\u00e1 en l\u00ednea con el \u00abmarco de tiempo muy limitado\u00bb que la ONU tiene \u00abpreparar y enviar las estimaciones revisadas a trav\u00e9s de [the Advisory Committee on Administrative and Budgetary Questions (ACABQ)]\u00bbPor lo tanto, podr\u00edan considerarse\u00bb dentro del contexto general del presupuesto del programa propuesto para 2026 \u00ab.<\/p>\n<p>La fuente de Fox News Digital llam\u00f3 a la falta sobre la seriedad del esfuerzo. \u00abEste Secretario General tiene que lidiar con cuerpos que, aunque se llaman las Naciones Unidas, no dependen de \u00e9l\u00bb, explicaron. \u00abEl documento no representa ning\u00fan valor legalmente, porque ninguna de sus juntas ha cometido ni escuchado o revisado\u00bb la orden. <\/p>\n<p><strong>Los republicanos buscan bloquear la reelecci\u00f3n de la ONU oficial acusado de antisemitismo<\/strong><\/p>\n<div class=\"image-ct inline\">\n<div class=\"m\"><picture><source media=\"(max-width: 767px)\" srcset=\"https:\/\/a57.foxnews.com\/static.foxnews.com\/foxnews.com\/content\/uploads\/2022\/04\/343\/192\/House-Chamber.jpg?ve=1&amp;tl=1, https:\/\/a57.foxnews.com\/static.foxnews.com\/foxnews.com\/content\/uploads\/2022\/04\/686\/384\/House-Chamber.jpg?ve=1&amp;tl=1 2x\" height=\"192\" width=\"343\"><source media=\"(min-width: 768px) and (max-width: 1023px)\" srcset=\"https:\/\/a57.foxnews.com\/static.foxnews.com\/foxnews.com\/content\/uploads\/2022\/04\/672\/378\/House-Chamber.jpg?ve=1&amp;tl=1, https:\/\/a57.foxnews.com\/static.foxnews.com\/foxnews.com\/content\/uploads\/2022\/04\/1344\/756\/House-Chamber.jpg?ve=1&amp;tl=1 2x\" height=\"378\" width=\"672\"><source media=\"(min-width: 1024px) and (max-width: 1279px)\" srcset=\"https:\/\/a57.foxnews.com\/static.foxnews.com\/foxnews.com\/content\/uploads\/2022\/04\/931\/523\/House-Chamber.jpg?ve=1&amp;tl=1, https:\/\/a57.foxnews.com\/static.foxnews.com\/foxnews.com\/content\/uploads\/2022\/04\/1862\/1046\/House-Chamber.jpg?ve=1&amp;tl=1 2x\" height=\"523\" width=\"931\"><source media=\"(min-width: 1280px)\" srcset=\"https:\/\/a57.foxnews.com\/static.foxnews.com\/foxnews.com\/content\/uploads\/2022\/04\/720\/405\/House-Chamber.jpg?ve=1&amp;tl=1, https:\/\/a57.foxnews.com\/static.foxnews.com\/foxnews.com\/content\/uploads\/2022\/04\/1440\/810\/House-Chamber.jpg?ve=1&amp;tl=1 2x\" height=\"405\" width=\"720\"><img loading=\"lazy\" decoding=\"async\" src=\"https:\/\/a57.foxnews.com\/static.foxnews.com\/foxnews.com\/content\/uploads\/2022\/04\/1200\/675\/House-Chamber.jpg?ve=1&amp;tl=1\" alt=\"C\u00e1mara de la C\u00e1mara de Representantes\" width=\"1200\" height=\"675\"\/><\/source><\/source><\/source><\/source><\/picture><\/div>\n<div class=\"info\">\n<div class=\"caption\">\n<p><span>La C\u00e1mara de la C\u00e1mara de Representantes se ve en el Capitolio de Washington, el 28 de febrero de 2022.<\/span> <span>(J. Scott Applewhite, archivo)<\/span><\/p>\n<\/div>\n<\/div>\n<\/div>\n<p>Fox News Digital le pregunt\u00f3 al portavoz del secretario general del general Antonio Guterres, Stephane Dujarric, si Guterres podr\u00eda esperar que las organizaciones con juntas independientes impongan cambios como los abordados en su memorando. \u00abNo tenemos una visi\u00f3n tan pesimista. El Secretario General y los Jefes de los Fondos y Programas de la ONU actuar\u00e1n en \u00e1reas bajo su autoridad mientras, por supuesto, mantienen informados a los \u00f3rganos de gobierno\u00bb, dijo Dujarric.<\/p>\n<p>Antes de que venciera la fecha l\u00edmite para las respuestas, Guterres entreg\u00f3 una sesi\u00f3n informativa del 12 de mayo admitiendo que la propuesta del presupuesto 2026 \u00abya se entreg\u00f3 a ACABQ hace alg\u00fan tiempo y ser\u00e1 imposible cambiarla en el momento presente\u00bb. Si bien Guterres dijo que presentar\u00eda propuestas revisadas en septiembre a tiempo para las aprobaciones de presupuesto, explic\u00f3 que \u00abse presentar\u00e1n cambios que requieren un an\u00e1lisis m\u00e1s detallado en la propuesta\u00bb para el presupuesto 2027.<\/p>\n<p>La fuente de Fox News Digital dice que la admisi\u00f3n es una prueba de que \u00abtodo este intento es una mentira para apaciguar a los estadounidenses para que no se vuelvan lo suficientemente duros y corten nada en este momento\u00bb. <\/p>\n<div class=\"image-ct inline\">\n<div class=\"m\"><picture><source media=\"(max-width: 767px)\" srcset=\"https:\/\/a57.foxnews.com\/static.foxnews.com\/foxnews.com\/content\/uploads\/2023\/11\/343\/192\/un-secretary-general-antonio-guterres.jpg?ve=1&amp;tl=1, https:\/\/a57.foxnews.com\/static.foxnews.com\/foxnews.com\/content\/uploads\/2023\/11\/686\/384\/un-secretary-general-antonio-guterres.jpg?ve=1&amp;tl=1 2x\" height=\"192\" width=\"343\"><source media=\"(min-width: 768px) and (max-width: 1023px)\" srcset=\"https:\/\/a57.foxnews.com\/static.foxnews.com\/foxnews.com\/content\/uploads\/2023\/11\/672\/378\/un-secretary-general-antonio-guterres.jpg?ve=1&amp;tl=1, https:\/\/a57.foxnews.com\/static.foxnews.com\/foxnews.com\/content\/uploads\/2023\/11\/1344\/756\/un-secretary-general-antonio-guterres.jpg?ve=1&amp;tl=1 2x\" height=\"378\" width=\"672\"><source media=\"(min-width: 1024px) and (max-width: 1279px)\" srcset=\"https:\/\/a57.foxnews.com\/static.foxnews.com\/foxnews.com\/content\/uploads\/2023\/11\/931\/523\/un-secretary-general-antonio-guterres.jpg?ve=1&amp;tl=1, https:\/\/a57.foxnews.com\/static.foxnews.com\/foxnews.com\/content\/uploads\/2023\/11\/1862\/1046\/un-secretary-general-antonio-guterres.jpg?ve=1&amp;tl=1 2x\" height=\"523\" width=\"931\"><source media=\"(min-width: 1280px)\" srcset=\"https:\/\/a57.foxnews.com\/static.foxnews.com\/foxnews.com\/content\/uploads\/2023\/11\/720\/405\/un-secretary-general-antonio-guterres.jpg?ve=1&amp;tl=1, https:\/\/a57.foxnews.com\/static.foxnews.com\/foxnews.com\/content\/uploads\/2023\/11\/1440\/810\/un-secretary-general-antonio-guterres.jpg?ve=1&amp;tl=1 2x\" height=\"405\" width=\"720\"><img loading=\"lazy\" decoding=\"async\" src=\"https:\/\/a57.foxnews.com\/static.foxnews.com\/foxnews.com\/content\/uploads\/2023\/11\/1200\/675\/un-secretary-general-antonio-guterres.jpg?ve=1&amp;tl=1\" alt=\"Secretario General de las Naciones Unidas Antonio Guterres\" width=\"1200\" height=\"675\"\/><\/source><\/source><\/source><\/source><\/picture><\/div>\n<div class=\"info\">\n<div class=\"caption\">\n<p><span>El secretario general de las Naciones Unidas, Ant\u00f3nio Guterres, habla en el evento ReutersNext Newsmaker en la ciudad de Nueva York, Nueva York, EE. UU.<\/span> <span>(Reuters\/Brendan McDermid)<\/span><\/p>\n<\/div>\n<\/div>\n<\/div>\n<p>El 13 de mayo, Guterres dirigi\u00f3 una carta a todo el personal de la ONU sobre la necesidad de un \u00abpensamiento audaz y transformador\u00bb y extensas reformas para sacar a la ONU de su crisis de liquidez. Mientras expresaba la gratitud por la \u00abdedicaci\u00f3n extraordinaria, la experiencia y la creatividad de los empleados\u00bb, advirti\u00f3 \u00abque\u00bb filtraciones \u00aby rumores pueden crear ansiedad innecesaria\u00bb, Guterres dijo que \u00abser\u00e1 inevitable que no podamos dejar que todos los puestos intactos no se tocen\u00bb.<\/p>\n<p>Despu\u00e9s de m\u00e1s de tres d\u00e9cadas de trabajo para la ONU, la fuente dice que \u00abhan visto que la ONU intenta cambiarse al menos cinco veces\u00bb. En cambio, dijeron que la ONU solo obtuvo \u00abuna huella m\u00e1s grande\u00bb. Explicaron que otros expertos \u00abest\u00e1n hartos de que la organizaci\u00f3n no est\u00e9 cambiando\u00bb.<\/p>\n<p><strong>Haga clic aqu\u00ed para obtener la aplicaci\u00f3n Fox News<\/strong><\/p>\n<p>\u00abTienes &#8230; un s\u00faper estado que b\u00e1sicamente se controla a s\u00ed mismo\u00bb, explic\u00f3 la fuente. \u00ab\u00bfY tambi\u00e9n debes confiar en ellos para reorganizarse?\u00bb Preguntaron.<\/p>\n<p>Se desconoce si la ONU podr\u00eda resistir el cambio prometido. El economista inform\u00f3 en mayo que, debido a la falta de pago de las tarifas, la ONU puede quedarse sin fondos para pagar a sus proveedores y empleados por la Asamblea General en septiembre.<\/p>\n<p> <!----> <\/p>\n<div class=\"article-meta\">\n<div class=\"author-bio\">\n<p>Beth Bailey es una reportera que cubre Afganist\u00e1n, Oriente Medio, Asia y Am\u00e9rica Central. Anteriormente fue analista de inteligencia civil del Departamento del Ej\u00e9rcito. Puedes seguir a Beth en Twitter @bwbailey85<\/p>\n<\/div>\n<\/div>\n<\/div>\n\n","protected":false},"excerpt":{"rendered":"<p>Mientras que las Naciones Unidas, a trav\u00e9s de su Fuerza de Tarea de la UN80, contin\u00faan un intento del p\u00fablico de reducir su presupuesto para administrar una disminuci\u00f3n en las contribuciones externas y en el reconocimiento de los mandatos superpuestos y los esfuerzos duplicados, una fuente diplom\u00e1tica de la ONU le dice a Fox News &hellip;<\/p>\n","protected":false},"author":1,"featured_media":27578,"comment_status":"open","ping_status":"open","sticky":false,"template":"","format":"standard","meta":{"fifu_image_url":"https:\/\/static.foxnews.com\/foxnews.com\/content\/uploads\/2023\/10\/UN-flag.jpg","fifu_image_alt":"","footnotes":""},"categories":[13],"tags":[],"class_list":["post-27576","post","type-post","status-publish","format-standard","has-post-thumbnail","","category-mundo"],"_links":{"self":[{"href":"https:\/\/noticiasveraces.com\/index.php?rest_route=\/wp\/v2\/posts\/27576","targetHints":{"allow":["GET"]}}],"collection":[{"href":"https:\/\/noticiasveraces.com\/index.php?rest_route=\/wp\/v2\/posts"}],"about":[{"href":"https:\/\/noticiasveraces.com\/index.php?rest_route=\/wp\/v2\/types\/post"}],"author":[{"embeddable":true,"href":"https:\/\/noticiasveraces.com\/index.php?rest_route=\/wp\/v2\/users\/1"}],"replies":[{"embeddable":true,"href":"https:\/\/noticiasveraces.com\/index.php?rest_route=%2Fwp%2Fv2%2Fcomments&post=27576"}],"version-history":[{"count":0,"href":"https:\/\/noticiasveraces.com\/index.php?rest_route=\/wp\/v2\/posts\/27576\/revisions"}],"wp:featuredmedia":[{"embeddable":true,"href":"https:\/\/noticiasveraces.com\/index.php?rest_route=\/wp\/v2\/media\/27578"}],"wp:attachment":[{"href":"https:\/\/noticiasveraces.com\/index.php?rest_route=%2Fwp%2Fv2%2Fmedia&parent=27576"}],"wp:term":[{"taxonomy":"category","embeddable":true,"href":"https:\/\/noticiasveraces.com\/index.php?rest_route=%2Fwp%2Fv2%2Fcategories&post=27576"},{"taxonomy":"post_tag","embeddable":true,"href":"https:\/\/noticiasveraces.com\/index.php?rest_route=%2Fwp%2Fv2%2Ftags&post=27576"}],"curies":[{"name":"wp","href":"https:\/\/api.w.org\/{rel}","templated":true}]}}