{"id":27566,"date":"2025-05-16T16:36:31","date_gmt":"2025-05-16T20:36:31","guid":{"rendered":"https:\/\/noticiasveraces.com\/?p=27566"},"modified":"2025-05-16T16:36:31","modified_gmt":"2025-05-16T20:36:31","slug":"los-liberales-alemanes-eligen-a-christian-durr-como-lider-dw-16-05-2025","status":"publish","type":"post","link":"https:\/\/noticiasveraces.com\/?p=27566","title":{"rendered":"Los liberales alemanes eligen a Christian D\u00fcrr como l\u00edder \u2013 DW \u2013 16\/05\/2025"},"content":{"rendered":"<p> \n<\/p>\n<div>\n<p>El liberal Partido Democr\u00e1tico Libre (FDP) alem\u00e1n eligi\u00f3 este viernes (16.05.2025) a Christian D\u00fcrr como nuevo l\u00edder tras la salida de la formaci\u00f3n liberal de la C\u00e1mara Baja del Parlamento o &#8216;Bundestag&#8217;, despu\u00e9s de las elecciones generales del 23 de febrero, en las que no logr\u00f3 superar la barrera de representaci\u00f3n del 5\u00a0%. D\u00fcrr, que precisamente era el jefe del grupo parlamentario del partido, consigui\u00f3 el 82\u00a0% del apoyo de los 500 delegados convocados en el congreso federal del partido celebrado en Berl\u00edn, inform\u00f3 el propio FDP en un comunicado.<\/p>\n<p>\u00abLos Dem\u00f3cratas Libres existen en Alemania. Y seguir\u00e1n existiendo\u00bb, dijo D\u00fcrr al ser elegido nuevo l\u00edder de una formaci\u00f3n. \u00abS\u00ed, hemos perdido unas elecciones federales. Pero la consecuencia de esto no es dividir el poder del liberalismo, sino fortalecerlo\u00bb, a\u00f1adi\u00f3 en referencia al descalabro electoral.<\/p>\n<h2>Lindner se despide atacando al gobierno<\/h2>\n<p>Con la elecci\u00f3n de D\u00fcrr, el FDP dejar\u00e1 as\u00ed de estar liderado por Christian Lindner, ex ministro de Finanzas en el Gobierno alem\u00e1n que encabez\u00f3 el canciller Olaf Scholz hasta 2024 y un pol\u00edtico que ha estado los \u00faltimos doce a\u00f1os al frente del FDP, partido que todav\u00eda cuenta con representaci\u00f3n en los gobiernos de los estados federados alemanes de Renania-Palatinado y Sajonia-Anhalt, adem\u00e1s de estar presente en varios de los 16 parlamentos regionales de Alemania.<\/p>\n<p>Lindner fue destituido como ministro de finanzas en noviembre, lo que llev\u00f3 al FDP a retirarse de la coalici\u00f3n del excanciller Olaf Scholz y acab\u00f3 provocando unas elecciones anticipadas que supusieron el cambio de gobierno, con\u00a0una nueva gran coalici\u00f3n entre la CDU del nuevo canciller, Friedrich Merz, y el SPD.<\/p>\n<p>Lindner afirm\u00f3 hoy que \u00abla mayor\u00eda de los votantes vot\u00f3 por menos Estado y m\u00e1s libertad\u2026 lo que ahora se est\u00e1 obteniendo es m\u00e1s Estado y m\u00e1s deuda\u00bb.\u00a0\u00abSi el gobierno de Merz no complementa esta nueva pol\u00edtica fiscal con reformas, esta decisi\u00f3n sobre el cambio de rumbo se volver\u00e1 en contra como un bumer\u00e1n primero en t\u00e9rminos econ\u00f3micos y luego en las urnas en 2029\u00bb, augur\u00f3.<\/p>\n<p>LGC (EFE, DPA)<\/p>\n<figure class=\"placeholder-image master_landscape big\"><img data-format=\"MASTER_LANDSCAPE\" data-id=\"71723918\" data-url=\"https:\/\/static.dw.com\/image\/71723918_${formatId}.jpg\" data-aspect-ratio=\"16\/9\" alt=\"Christian Lindner, con Christian D\u00fcrr aplaudiendo detr\u00e1s (a la izquierda), en la sede del FDP la noche electoral del pasado 23 de febrero. \" style=\"padding-bottom: 56.25%; height: 0; max-height: 0;\"\/><figcaption class=\"img-caption\">Christian Lindner, durante la noche del descalabro electoral para su partido.<small class=\"copyright\">Im\u00e1genes: Bernd Von Jutrczenka\/DPA\/Picture Alliance<\/small><\/figcaption><\/figure>\n<\/div>\n\n","protected":false},"excerpt":{"rendered":"<p>El liberal Partido Democr\u00e1tico Libre (FDP) alem\u00e1n eligi\u00f3 este viernes (16.05.2025) a Christian D\u00fcrr como nuevo l\u00edder tras la salida de la formaci\u00f3n liberal de la C\u00e1mara Baja del Parlamento o &#8216;Bundestag&#8217;, despu\u00e9s de las elecciones generales del 23 de febrero, en las que no logr\u00f3 superar la barrera de representaci\u00f3n del 5\u00a0%. D\u00fcrr, que &hellip;<\/p>\n","protected":false},"author":1,"featured_media":27567,"comment_status":"open","ping_status":"open","sticky":false,"template":"","format":"standard","meta":{"fifu_image_url":"https:\/\/static.dw.com\/image\/71912701_6.jpg","fifu_image_alt":"","footnotes":""},"categories":[13],"tags":[],"class_list":["post-27566","post","type-post","status-publish","format-standard","has-post-thumbnail","","category-mundo"],"_links":{"self":[{"href":"https:\/\/noticiasveraces.com\/index.php?rest_route=\/wp\/v2\/posts\/27566","targetHints":{"allow":["GET"]}}],"collection":[{"href":"https:\/\/noticiasveraces.com\/index.php?rest_route=\/wp\/v2\/posts"}],"about":[{"href":"https:\/\/noticiasveraces.com\/index.php?rest_route=\/wp\/v2\/types\/post"}],"author":[{"embeddable":true,"href":"https:\/\/noticiasveraces.com\/index.php?rest_route=\/wp\/v2\/users\/1"}],"replies":[{"embeddable":true,"href":"https:\/\/noticiasveraces.com\/index.php?rest_route=%2Fwp%2Fv2%2Fcomments&post=27566"}],"version-history":[{"count":0,"href":"https:\/\/noticiasveraces.com\/index.php?rest_route=\/wp\/v2\/posts\/27566\/revisions"}],"wp:featuredmedia":[{"embeddable":true,"href":"https:\/\/noticiasveraces.com\/index.php?rest_route=\/wp\/v2\/media\/27567"}],"wp:attachment":[{"href":"https:\/\/noticiasveraces.com\/index.php?rest_route=%2Fwp%2Fv2%2Fmedia&parent=27566"}],"wp:term":[{"taxonomy":"category","embeddable":true,"href":"https:\/\/noticiasveraces.com\/index.php?rest_route=%2Fwp%2Fv2%2Fcategories&post=27566"},{"taxonomy":"post_tag","embeddable":true,"href":"https:\/\/noticiasveraces.com\/index.php?rest_route=%2Fwp%2Fv2%2Ftags&post=27566"}],"curies":[{"name":"wp","href":"https:\/\/api.w.org\/{rel}","templated":true}]}}