{"id":27551,"date":"2025-05-16T15:35:31","date_gmt":"2025-05-16T19:35:31","guid":{"rendered":"https:\/\/noticiasveraces.com\/?p=27551"},"modified":"2025-05-16T15:35:31","modified_gmt":"2025-05-16T19:35:31","slug":"fiscal-de-la-cpi-en-el-caso-de-arresto-de-netanyahu-de-lado-sobre-presunta-acusacion-de-asalto-sexual","status":"publish","type":"post","link":"https:\/\/noticiasveraces.com\/?p=27551","title":{"rendered":"Fiscal de la CPI en el caso de arresto de Netanyahu de lado sobre presunta acusaci\u00f3n de asalto sexual"},"content":{"rendered":"<p> \n<\/p>\n<div>\n<p class=\"speakable\">Jerusal\u00e9n: el fiscal plagado del esc\u00e1ndalo para el Tribunal Penal Internacional (ICC) se ha visto obligado a renunciar, a la espera del resultado de una investigaci\u00f3n sobre acusaciones de conducta sexual inapropiada, anunci\u00f3 el tribunal el viernes. Khan ha negado categ\u00f3ricamente las acusaciones en su contra. <\/p>\n<p class=\"speakable\">Fox News Digital envi\u00f3 consultas de prensa detalladas a la CPI y el fiscal Karim Khan, preguntando el jueves si el Tribunal Mundial planeaba expulsarlo y si renunciar\u00eda.<\/p>\n<p>Associated Press inform\u00f3 que el tribunal dijo en un comunicado que Khan el viernes \u00abcomunic\u00f3 su decisi\u00f3n de tomar licencia hasta el final\u00bb de una investigaci\u00f3n externa que llevar\u00e1 a cabo la Oficina de Servicios de Supervisi\u00f3n Interna, el organismo de control interno de la ONU.  <\/p>\n<p>Ese mismo informe dijo que los grupos de derechos de las mujeres dieron la bienvenida a la medida, que lo hab\u00eda pedido que renunciara despu\u00e9s de que surgieron las acusaciones el a\u00f1o pasado, pero Khan inicialmente se resisti\u00f3 a irse.<\/p>\n<p><strong>ICC solicita \u00f3rdenes de arresto para Netanyahu, l\u00edderes de Hamas sobre &#8216;cr\u00edmenes de guerra&#8217;<\/strong><strong> <\/strong><\/p>\n<div class=\"image-ct inline\">\n<div class=\"m\"><picture><source media=\"(max-width: 767px)\" srcset=\"https:\/\/a57.foxnews.com\/static.foxnews.com\/foxnews.com\/content\/uploads\/2024\/05\/343\/192\/GettyImages-1986003927-scaled.jpg?ve=1&amp;tl=1, https:\/\/a57.foxnews.com\/static.foxnews.com\/foxnews.com\/content\/uploads\/2024\/05\/686\/384\/GettyImages-1986003927-scaled.jpg?ve=1&amp;tl=1 2x\" height=\"192\" width=\"343\"><source media=\"(min-width: 768px) and (max-width: 1023px)\" srcset=\"https:\/\/a57.foxnews.com\/static.foxnews.com\/foxnews.com\/content\/uploads\/2024\/05\/672\/378\/GettyImages-1986003927-scaled.jpg?ve=1&amp;tl=1, https:\/\/a57.foxnews.com\/static.foxnews.com\/foxnews.com\/content\/uploads\/2024\/05\/1344\/756\/GettyImages-1986003927-scaled.jpg?ve=1&amp;tl=1 2x\" height=\"378\" width=\"672\"><source media=\"(min-width: 1024px) and (max-width: 1279px)\" srcset=\"https:\/\/a57.foxnews.com\/static.foxnews.com\/foxnews.com\/content\/uploads\/2024\/05\/931\/523\/GettyImages-1986003927-scaled.jpg?ve=1&amp;tl=1, https:\/\/a57.foxnews.com\/static.foxnews.com\/foxnews.com\/content\/uploads\/2024\/05\/1862\/1046\/GettyImages-1986003927-scaled.jpg?ve=1&amp;tl=1 2x\" height=\"523\" width=\"931\"><source media=\"(min-width: 1280px)\" srcset=\"https:\/\/a57.foxnews.com\/static.foxnews.com\/foxnews.com\/content\/uploads\/2024\/05\/720\/405\/GettyImages-1986003927-scaled.jpg?ve=1&amp;tl=1, https:\/\/a57.foxnews.com\/static.foxnews.com\/foxnews.com\/content\/uploads\/2024\/05\/1440\/810\/GettyImages-1986003927-scaled.jpg?ve=1&amp;tl=1 2x\" height=\"405\" width=\"720\"><img loading=\"lazy\" decoding=\"async\" src=\"https:\/\/a57.foxnews.com\/static.foxnews.com\/foxnews.com\/content\/uploads\/2024\/05\/1200\/675\/GettyImages-1986003927-scaled.jpg?ve=1&amp;tl=1\" alt=\"Tribunal penal internacional\" width=\"1200\" height=\"675\"\/><\/source><\/source><\/source><\/source><\/picture><\/div>\n<div class=\"info\">\n<div class=\"caption\">\n<p><span>El fiscal internacional del Tribunal Penal Karim Khan posa durante una entrevista con AFP en el Cour d&#8217;Honneur del Palais Royal en Par\u00eds el 7 de febrero de 2024. <\/span> <span>(Dimitar Dilkoff\/AFP a trav\u00e9s de Getty Images)<\/span><\/p>\n<\/div>\n<\/div>\n<\/div>\n<p>El a\u00f1o pasado, una investigaci\u00f3n de Associated Press encontr\u00f3 que dos empleados de la corte en quienes la presunta v\u00edctima confidi\u00f3 presentaron la acusaci\u00f3n en mayo. Eso fue unas semanas antes de que Khan buscara \u00f3rdenes de arresto contra el primer ministro israel\u00ed Benyamin Netanyahu, su ex ministro de defensa, Yoav Gallant, y tres l\u00edderes de Hamas por cargos de cr\u00edmenes de guerra.<\/p>\n<p>Israel ha estado librando una guerra existencial contra el movimiento terrorista designado por Estados Unidos, Hamas, ya que invadi\u00f3 el estado jud\u00edo el 7 de octubre de 2023 y sacrific\u00f3 a m\u00e1s de 1.200 personas, incluidos los ciudadanos estadounidenses.<\/p>\n<p>Eugene Kontorovich, experto legal y miembro senior del Centro Margaret Thatcher de la Fundaci\u00f3n Heritage para la Libertad, dijo Fox News Digital: \u00abEliminar a Khan no es suficiente. Todo el tribunal completo, incluida su equipo de fiscal\u00eda y jueces, permiti\u00f3 su difamaci\u00f3n de sangre. El esc\u00e1ndalo se\u00f1ala los defectos inherentes de la instituci\u00f3n, una falta total de responsabilidad\u00bb.<\/p>\n<div class=\"image-ct inline\">\n<div class=\"m\"><picture><source media=\"(max-width: 767px)\" srcset=\"https:\/\/a57.foxnews.com\/static.foxnews.com\/foxnews.com\/content\/uploads\/2025\/02\/343\/192\/gaza.jpg?ve=1&amp;tl=1, https:\/\/a57.foxnews.com\/static.foxnews.com\/foxnews.com\/content\/uploads\/2025\/02\/686\/384\/gaza.jpg?ve=1&amp;tl=1 2x\" height=\"192\" width=\"343\"><source media=\"(min-width: 768px) and (max-width: 1023px)\" srcset=\"https:\/\/a57.foxnews.com\/static.foxnews.com\/foxnews.com\/content\/uploads\/2025\/02\/672\/378\/gaza.jpg?ve=1&amp;tl=1, https:\/\/a57.foxnews.com\/static.foxnews.com\/foxnews.com\/content\/uploads\/2025\/02\/1344\/756\/gaza.jpg?ve=1&amp;tl=1 2x\" height=\"378\" width=\"672\"><source media=\"(min-width: 1024px) and (max-width: 1279px)\" srcset=\"https:\/\/a57.foxnews.com\/static.foxnews.com\/foxnews.com\/content\/uploads\/2025\/02\/931\/523\/gaza.jpg?ve=1&amp;tl=1, https:\/\/a57.foxnews.com\/static.foxnews.com\/foxnews.com\/content\/uploads\/2025\/02\/1862\/1046\/gaza.jpg?ve=1&amp;tl=1 2x\" height=\"523\" width=\"931\"><source media=\"(min-width: 1280px)\" srcset=\"https:\/\/a57.foxnews.com\/static.foxnews.com\/foxnews.com\/content\/uploads\/2025\/02\/720\/405\/gaza.jpg?ve=1&amp;tl=1, https:\/\/a57.foxnews.com\/static.foxnews.com\/foxnews.com\/content\/uploads\/2025\/02\/1440\/810\/gaza.jpg?ve=1&amp;tl=1 2x\" height=\"405\" width=\"720\"><img loading=\"lazy\" decoding=\"async\" src=\"https:\/\/a57.foxnews.com\/static.foxnews.com\/foxnews.com\/content\/uploads\/2025\/02\/1200\/675\/gaza.jpg?ve=1&amp;tl=1\" alt=\"gaza\" width=\"1200\" height=\"675\"\/><\/source><\/source><\/source><\/source><\/picture><\/div>\n<div class=\"info\">\n<div class=\"caption\">\n<p><span>Gaza City, Gaza el 02 de febrero de 2025. <\/span> <span>(Ali Jadallah\/Anadolu a trav\u00e9s de Getty Images)<\/span><\/p>\n<\/div>\n<\/div>\n<\/div>\n<p>Associated Press inform\u00f3 que dos compa\u00f1eros de trabajo en los que la mujer confi\u00f3 la sede de la CPI en la Haya inform\u00f3 la supuesta mala conducta de Khan en mayo al organismo de vigilancia independiente de la corte, que dice que entrevist\u00f3 a la mujer y termin\u00f3 su investigaci\u00f3n despu\u00e9s de cinco d\u00edas cuando ella opt\u00f3 por la presentaci\u00f3n de una queja formal. El propio Khan no fue interrogado en ese momento.<\/p>\n<p>Si bien el perro guardi\u00e1n del tribunal no pudo determinar las irregularidades, no obstante, inst\u00f3 a Khan en un memorando a minimizar el contacto con la mujer para proteger los derechos de todos los involucrados y salvaguardar la integridad del tribunal.<\/p>\n<p>Khan ha estado enfrentando una presi\u00f3n creciente en m\u00faltiples frentes. El presidente de los Estados Unidos, Donald Trump, present\u00f3 sanciones contra Khan en febrero en relaci\u00f3n con sus \u00f3rdenes de arresto de Israel. Las sanciones est\u00e1n obstaculizando el trabajo en una amplia gama de investigaciones en el tribunal.<\/p>\n<p><strong>ICC rechaza las apelaciones israel\u00edes, emite \u00f3rdenes de arresto por Benjamin Netanyahu, Yoav Gallant<\/strong><\/p>\n<div class=\"image-ct inline\">\n<div class=\"m\"><picture><source media=\"(max-width: 767px)\" srcset=\"https:\/\/a57.foxnews.com\/static.foxnews.com\/foxnews.com\/content\/uploads\/2024\/10\/343\/192\/israeli-pm-and-dn-gallant-in-the-kirya-hq-during-the-strike-in-iran.jpg?ve=1&amp;tl=1, https:\/\/a57.foxnews.com\/static.foxnews.com\/foxnews.com\/content\/uploads\/2024\/10\/686\/384\/israeli-pm-and-dn-gallant-in-the-kirya-hq-during-the-strike-in-iran.jpg?ve=1&amp;tl=1 2x\" height=\"192\" width=\"343\"><source media=\"(min-width: 768px) and (max-width: 1023px)\" srcset=\"https:\/\/a57.foxnews.com\/static.foxnews.com\/foxnews.com\/content\/uploads\/2024\/10\/672\/378\/israeli-pm-and-dn-gallant-in-the-kirya-hq-during-the-strike-in-iran.jpg?ve=1&amp;tl=1, https:\/\/a57.foxnews.com\/static.foxnews.com\/foxnews.com\/content\/uploads\/2024\/10\/1344\/756\/israeli-pm-and-dn-gallant-in-the-kirya-hq-during-the-strike-in-iran.jpg?ve=1&amp;tl=1 2x\" height=\"378\" width=\"672\"><source media=\"(min-width: 1024px) and (max-width: 1279px)\" srcset=\"https:\/\/a57.foxnews.com\/static.foxnews.com\/foxnews.com\/content\/uploads\/2024\/10\/931\/523\/israeli-pm-and-dn-gallant-in-the-kirya-hq-during-the-strike-in-iran.jpg?ve=1&amp;tl=1, https:\/\/a57.foxnews.com\/static.foxnews.com\/foxnews.com\/content\/uploads\/2024\/10\/1862\/1046\/israeli-pm-and-dn-gallant-in-the-kirya-hq-during-the-strike-in-iran.jpg?ve=1&amp;tl=1 2x\" height=\"523\" width=\"931\"><source media=\"(min-width: 1280px)\" srcset=\"https:\/\/a57.foxnews.com\/static.foxnews.com\/foxnews.com\/content\/uploads\/2024\/10\/720\/405\/israeli-pm-and-dn-gallant-in-the-kirya-hq-during-the-strike-in-iran.jpg?ve=1&amp;tl=1, https:\/\/a57.foxnews.com\/static.foxnews.com\/foxnews.com\/content\/uploads\/2024\/10\/1440\/810\/israeli-pm-and-dn-gallant-in-the-kirya-hq-during-the-strike-in-iran.jpg?ve=1&amp;tl=1 2x\" height=\"405\" width=\"720\"><img loading=\"lazy\" decoding=\"async\" src=\"https:\/\/a57.foxnews.com\/static.foxnews.com\/foxnews.com\/content\/uploads\/2024\/10\/1200\/675\/israeli-pm-and-dn-gallant-in-the-kirya-hq-during-the-strike-in-iran.jpg?ve=1&amp;tl=1\" alt=\"PM israel\u00ed y DN Gallant en la sede de Kirya durante la huelga en Ir\u00e1n\" width=\"1200\" height=\"675\"\/><\/source><\/source><\/source><\/source><\/picture><\/div>\n<div class=\"info\">\n<div class=\"caption\">\n<p><span>El primer ministro israel\u00ed y el ex ministro de defensa Yoav Gallant en la sede de Kirya durante la huelga en Ir\u00e1n<\/span> <span>(Avi Ohayon\/ GPO)<\/span><\/p>\n<\/div>\n<\/div>\n<\/div>\n<p>El Wall Street Journal inform\u00f3 que la decisi\u00f3n de Khan de enjuiciar a Netanyahu y el ex ministro de Defensa del pa\u00eds plante\u00f3 \u00abpreguntas sobre si Khan ten\u00eda como objetivo protegerse de las acusaciones de asalto sexual. El d\u00eda antes de anunciar la solicitud de orden, Khan cancel\u00f3 abruptamente un viaje a Israel y Gaza que anteriormente hab\u00eda dicho que era importante tomar su decisi\u00f3n\u00bb. <\/p>\n<p>El Wall Street Journal inform\u00f3 que el relato gr\u00e1fico del empleado de la CPI de Khan supuestamente viol\u00f3 a la mujer y la molesta sexualmente.<\/p>\n<p>Los abogados de Khan de la firma, los abogados de Carter-Ruck, dijeron a Fox News Digital el viernes que \u00abnuestro cliente desea aclarar, sin embargo, que es categ\u00f3ricamente falso que se haya involucrado en una conducta sexual inapropiada de cualquier tipo\u00bb.<\/p>\n<p>Los abogados de Khan continuaron: \u00abNuestro cliente est\u00e1 cooperando de manera completa y transparente con la investigaci\u00f3n realizada por la Oficina de Servicios de Supervisi\u00f3n Interna de la ONU en relaci\u00f3n con las acusaciones que se han planteado contra \u00e9l\u00bb.<\/p>\n<p>Con respecto a la informaci\u00f3n de que Khan explot\u00f3 a la CPI para salvar su propia piel al acusar a los l\u00edderes israel\u00edes, los abogados de Carter-Ruck dijeron: \u00abLa decisi\u00f3n de anunciar que los arrestos garantizan a las personas como el Sr. Netanyahu, el Sr. Gallant y los l\u00edderes de Hamas, nuestro cliente tambi\u00e9n desea aclarar que el hecho de que la CPI se juzgue por las aplicaciones de los Warrants para esas obras de los Warrants subrayan las pruebas que se basaron en la evidencia en la que se basaron en el Met Met la Rigorica Rigoros.<i>. <\/i>Las sugerencias de que las solicitudes del fiscal estaban vinculadas o precipitadas por acusaciones de mala conducta no relacionadas son totalmente falsas \u00ab.<\/p>\n<p><strong>House aprueba un proyecto de ley que sancionar\u00eda a la corte penal internacional por tratar de arrestar a Netanyahu<\/strong><\/p>\n<div class=\"image-ct inline\">\n<div class=\"m\"><picture><source media=\"(max-width: 767px)\" srcset=\"https:\/\/a57.foxnews.com\/static.foxnews.com\/foxnews.com\/content\/uploads\/2025\/02\/343\/192\/hamas-fighters.png?ve=1&amp;tl=1, https:\/\/a57.foxnews.com\/static.foxnews.com\/foxnews.com\/content\/uploads\/2025\/02\/686\/384\/hamas-fighters.png?ve=1&amp;tl=1 2x\" height=\"192\" width=\"343\"><source media=\"(min-width: 768px) and (max-width: 1023px)\" srcset=\"https:\/\/a57.foxnews.com\/static.foxnews.com\/foxnews.com\/content\/uploads\/2025\/02\/672\/378\/hamas-fighters.png?ve=1&amp;tl=1, https:\/\/a57.foxnews.com\/static.foxnews.com\/foxnews.com\/content\/uploads\/2025\/02\/1344\/756\/hamas-fighters.png?ve=1&amp;tl=1 2x\" height=\"378\" width=\"672\"><source media=\"(min-width: 1024px) and (max-width: 1279px)\" srcset=\"https:\/\/a57.foxnews.com\/static.foxnews.com\/foxnews.com\/content\/uploads\/2025\/02\/931\/523\/hamas-fighters.png?ve=1&amp;tl=1, https:\/\/a57.foxnews.com\/static.foxnews.com\/foxnews.com\/content\/uploads\/2025\/02\/1862\/1046\/hamas-fighters.png?ve=1&amp;tl=1 2x\" height=\"523\" width=\"931\"><source media=\"(min-width: 1280px)\" srcset=\"https:\/\/a57.foxnews.com\/static.foxnews.com\/foxnews.com\/content\/uploads\/2025\/02\/720\/405\/hamas-fighters.png?ve=1&amp;tl=1, https:\/\/a57.foxnews.com\/static.foxnews.com\/foxnews.com\/content\/uploads\/2025\/02\/1440\/810\/hamas-fighters.png?ve=1&amp;tl=1 2x\" height=\"405\" width=\"720\"><img loading=\"lazy\" decoding=\"async\" src=\"https:\/\/a57.foxnews.com\/static.foxnews.com\/foxnews.com\/content\/uploads\/2025\/02\/1200\/675\/hamas-fighters.png?ve=1&amp;tl=1\" alt=\"luchadores de Hamas\" width=\"1200\" height=\"675\"\/><\/source><\/source><\/source><\/source><\/picture><\/div>\n<div class=\"info\">\n<div class=\"caption\">\n<p><span>Los combatientes de Hamas est\u00e1n en formaci\u00f3n mientras los palestinos se re\u00fanen en una calle para ver la entrega de tres rehenes israel\u00edes de un equipo de la Cruz Roja en Deir El-Balah, Central Gaza, el 8 de febrero de 2025<\/span> <span>(Majdi Fathi\/Nurphoto a trav\u00e9s de Getty Images)<\/span><\/p>\n<\/div>\n<\/div>\n<\/div>\n<p>Kontorovich dijo sobre el caso de la CPI contra los l\u00edderes israel\u00edes: \u00abEsto socava fundamentalmente la integridad del caso y, en un sistema judicial normal, conducir\u00eda no solo a estos cargos, sino que arrojan dudas sobre todos sus casos anteriores\u00bb.<\/p>\n<p>Continu\u00f3 que \u00abdado que la CPI solo ha logrado asegurar las condenas finales contra seis personas por cr\u00edmenes de atrocidad en su cuarto de siglo de existencia, un esc\u00e1ndalo masivo de mala conducta fiscal\u00eda deber\u00eda ser motivo para cerrar la instituci\u00f3n, no solo eliminar al fiscal\u00bb.<\/p>\n<p>Cuando se le pregunt\u00f3 si la CPI planea rescindir las \u00f3rdenes de arresto contra los l\u00edderes israel\u00edes, Fadi El-Abdallah, el portavoz de la CPI, le dijo a Fox News Digital que \u00abcomo hay una solicitud pendiente, no puedo ofrecer comentarios o especulaciones sobre su resultado\u00bb.<\/p>\n<p>El-Abdallah refiri\u00f3 a Fox News Digital al equipo de medios de Khan sobre preguntas relacionadas con su presunta conducta sexual inapropiada y acusaciones de que da\u00f1\u00f3 la integridad de la Corte Mundial.<\/p>\n<div class=\"image-ct inline\">\n<div class=\"m\"><picture><source media=\"(max-width: 767px)\" srcset=\"https:\/\/a57.foxnews.com\/static.foxnews.com\/foxnews.com\/content\/uploads\/2024\/05\/343\/192\/GettyImages-2150425252-scaled.jpg?ve=1&amp;tl=1, https:\/\/a57.foxnews.com\/static.foxnews.com\/foxnews.com\/content\/uploads\/2024\/05\/686\/384\/GettyImages-2150425252-scaled.jpg?ve=1&amp;tl=1 2x\" height=\"192\" width=\"343\"><source media=\"(min-width: 768px) and (max-width: 1023px)\" srcset=\"https:\/\/a57.foxnews.com\/static.foxnews.com\/foxnews.com\/content\/uploads\/2024\/05\/672\/378\/GettyImages-2150425252-scaled.jpg?ve=1&amp;tl=1, https:\/\/a57.foxnews.com\/static.foxnews.com\/foxnews.com\/content\/uploads\/2024\/05\/1344\/756\/GettyImages-2150425252-scaled.jpg?ve=1&amp;tl=1 2x\" height=\"378\" width=\"672\"><source media=\"(min-width: 1024px) and (max-width: 1279px)\" srcset=\"https:\/\/a57.foxnews.com\/static.foxnews.com\/foxnews.com\/content\/uploads\/2024\/05\/931\/523\/GettyImages-2150425252-scaled.jpg?ve=1&amp;tl=1, https:\/\/a57.foxnews.com\/static.foxnews.com\/foxnews.com\/content\/uploads\/2024\/05\/1862\/1046\/GettyImages-2150425252-scaled.jpg?ve=1&amp;tl=1 2x\" height=\"523\" width=\"931\"><source media=\"(min-width: 1280px)\" srcset=\"https:\/\/a57.foxnews.com\/static.foxnews.com\/foxnews.com\/content\/uploads\/2024\/05\/720\/405\/GettyImages-2150425252-scaled.jpg?ve=1&amp;tl=1, https:\/\/a57.foxnews.com\/static.foxnews.com\/foxnews.com\/content\/uploads\/2024\/05\/1440\/810\/GettyImages-2150425252-scaled.jpg?ve=1&amp;tl=1 2x\" height=\"405\" width=\"720\"><img loading=\"lazy\" decoding=\"async\" src=\"https:\/\/a57.foxnews.com\/static.foxnews.com\/foxnews.com\/content\/uploads\/2024\/05\/1200\/675\/GettyImages-2150425252-scaled.jpg?ve=1&amp;tl=1\" alt=\"Hague Holanda Sede\" width=\"1200\" height=\"675\"\/><\/source><\/source><\/source><\/source><\/picture><\/div>\n<div class=\"info\">\n<div class=\"caption\">\n<p><span>Una visi\u00f3n general del edificio del Tribunal Penal Internacional (ICC) en La Haya, Pa\u00edses Bajos, el 30 de abril de 2024. <\/span> <span>(Selman Aksunger\/Anadolu a trav\u00e9s de Getty Images)<\/span><\/p>\n<\/div>\n<\/div>\n<\/div>\n<p>Israel le pidi\u00f3 a la CPI que retirara las \u00f3rdenes de arresto a principios de mayo. <\/p>\n<p>Fox News Digital inform\u00f3 previamente que el fiscal jefe brit\u00e1nico, Khan, public\u00f3 un ensayo acad\u00e9mico en 2013 que sugiri\u00f3 que su propio esfuerzo actual para arrestar a Netanyahu ser\u00eda una parodia de justicia porque el tribunal no puede proporcionar el debido proceso a los acusados. <\/p>\n<p><strong>Haga clic aqu\u00ed para obtener la aplicaci\u00f3n Fox News<\/strong><strong> <\/strong><\/p>\n<p>\u00abNo se equivoquen: el problema es m\u00e1s grande que Khan. Lo est\u00e1n arrojando debajo del autob\u00fas para proteger la instituci\u00f3n y salvar su campa\u00f1a contra Israel. Pero la podredumbre funciona profundamente. Esto nunca se trat\u00f3 de justicia, siempre se trat\u00f3 de una agenda pol\u00edtica\u00bb, dijo Hillel Neuer, abogado y director ejecutivo de la ONU, dijo Fox News Digital.<\/p>\n<p>Un portavoz de las Naciones Unidas dijo a Fox News Digital que no comenta sobre la CPI porque es un organismo judicial independiente.<\/p>\n<p><i>La prensa Association<\/i> contribuido a este informe.<\/p>\n<p> <!----> <\/p>\n<div class=\"article-meta\">\n<div class=\"author-bio\">\n<p>Benjamin Weinthal informa sobre Israel, Ir\u00e1n, Siria, Turqu\u00eda y Europa. Puede seguir a Benjamin en Twitter @benweinthal y enviarle un correo electr\u00f3nico a benjamin.weinthal@fox.com<\/p>\n<\/div>\n<\/div>\n<\/div>\n\n","protected":false},"excerpt":{"rendered":"<p>Jerusal\u00e9n: el fiscal plagado del esc\u00e1ndalo para el Tribunal Penal Internacional (ICC) se ha visto obligado a renunciar, a la espera del resultado de una investigaci\u00f3n sobre acusaciones de conducta sexual inapropiada, anunci\u00f3 el tribunal el viernes. Khan ha negado categ\u00f3ricamente las acusaciones en su contra. Fox News Digital envi\u00f3 consultas de prensa detalladas a &hellip;<\/p>\n","protected":false},"author":1,"featured_media":27553,"comment_status":"open","ping_status":"open","sticky":false,"template":"","format":"standard","meta":{"fifu_image_url":"https:\/\/static.foxnews.com\/foxnews.com\/content\/uploads\/2024\/05\/netanyahu-karim-khan.jpg","fifu_image_alt":"","footnotes":""},"categories":[13],"tags":[],"class_list":["post-27551","post","type-post","status-publish","format-standard","has-post-thumbnail","","category-mundo"],"_links":{"self":[{"href":"https:\/\/noticiasveraces.com\/index.php?rest_route=\/wp\/v2\/posts\/27551","targetHints":{"allow":["GET"]}}],"collection":[{"href":"https:\/\/noticiasveraces.com\/index.php?rest_route=\/wp\/v2\/posts"}],"about":[{"href":"https:\/\/noticiasveraces.com\/index.php?rest_route=\/wp\/v2\/types\/post"}],"author":[{"embeddable":true,"href":"https:\/\/noticiasveraces.com\/index.php?rest_route=\/wp\/v2\/users\/1"}],"replies":[{"embeddable":true,"href":"https:\/\/noticiasveraces.com\/index.php?rest_route=%2Fwp%2Fv2%2Fcomments&post=27551"}],"version-history":[{"count":0,"href":"https:\/\/noticiasveraces.com\/index.php?rest_route=\/wp\/v2\/posts\/27551\/revisions"}],"wp:featuredmedia":[{"embeddable":true,"href":"https:\/\/noticiasveraces.com\/index.php?rest_route=\/wp\/v2\/media\/27553"}],"wp:attachment":[{"href":"https:\/\/noticiasveraces.com\/index.php?rest_route=%2Fwp%2Fv2%2Fmedia&parent=27551"}],"wp:term":[{"taxonomy":"category","embeddable":true,"href":"https:\/\/noticiasveraces.com\/index.php?rest_route=%2Fwp%2Fv2%2Fcategories&post=27551"},{"taxonomy":"post_tag","embeddable":true,"href":"https:\/\/noticiasveraces.com\/index.php?rest_route=%2Fwp%2Fv2%2Ftags&post=27551"}],"curies":[{"name":"wp","href":"https:\/\/api.w.org\/{rel}","templated":true}]}}