{"id":27540,"date":"2025-05-16T13:31:31","date_gmt":"2025-05-16T17:31:31","guid":{"rendered":"https:\/\/noticiasveraces.com\/?p=27540"},"modified":"2025-05-16T13:31:31","modified_gmt":"2025-05-16T17:31:31","slug":"el-embajador-de-la-onu-israeli-golpea-al-jefe-humanitario-sobre-la-acusacion-del-genocidio-de-gaza","status":"publish","type":"post","link":"https:\/\/noticiasveraces.com\/?p=27540","title":{"rendered":"El embajador de la ONU israel\u00ed golpea al jefe humanitario sobre la acusaci\u00f3n del genocidio de Gaza"},"content":{"rendered":"<p> \n<\/p>\n<div>\n<p class=\"speakable\"><strong>EXCLUSIVO &#8211; <\/strong>El embajador israel\u00ed de la ONU, Danny Danon, conden\u00f3 a un funcionario de las Naciones Unidas por los comentarios de que dijo \u00abdestroz\u00f3 cualquier noci\u00f3n de neutralidad\u00bb.<\/p>\n<p class=\"speakable\">El martes, el subsecretario General de Asuntos Humanitarios de la ONU y el coordinador de alivio de emergencia, Tom Fletcher, acus\u00f3 a Israel de cometer genocidio en sus comentarios ante el Consejo de Seguridad de la ONU.<\/p>\n<p>\u00abIsrael est\u00e1 imponiendo las condiciones inhumanas deliberadamente y sin verg\u00fcenza a los civiles en el territorio palestino ocupado\u00bb, dijo Fletcher al Consejo de Seguridad el martes. Continu\u00f3 diciendo que la mayor parte de Gaza \u00abest\u00e1 dentro de las zonas israel\u00edes-militarizadas o bajo \u00f3rdenes de desplazamiento\u00bb.<\/p>\n<div class=\"image-ct inline\">\n<div class=\"m\"><picture><source media=\"(max-width: 767px)\" srcset=\"https:\/\/a57.foxnews.com\/static.foxnews.com\/foxnews.com\/content\/uploads\/2025\/05\/343\/192\/gaza-1.jpg?ve=1&amp;tl=1, https:\/\/a57.foxnews.com\/static.foxnews.com\/foxnews.com\/content\/uploads\/2025\/05\/686\/384\/gaza-1.jpg?ve=1&amp;tl=1 2x\" height=\"192\" width=\"343\"><source media=\"(min-width: 768px) and (max-width: 1023px)\" srcset=\"https:\/\/a57.foxnews.com\/static.foxnews.com\/foxnews.com\/content\/uploads\/2025\/05\/672\/378\/gaza-1.jpg?ve=1&amp;tl=1, https:\/\/a57.foxnews.com\/static.foxnews.com\/foxnews.com\/content\/uploads\/2025\/05\/1344\/756\/gaza-1.jpg?ve=1&amp;tl=1 2x\" height=\"378\" width=\"672\"><source media=\"(min-width: 1024px) and (max-width: 1279px)\" srcset=\"https:\/\/a57.foxnews.com\/static.foxnews.com\/foxnews.com\/content\/uploads\/2025\/05\/931\/523\/gaza-1.jpg?ve=1&amp;tl=1, https:\/\/a57.foxnews.com\/static.foxnews.com\/foxnews.com\/content\/uploads\/2025\/05\/1862\/1046\/gaza-1.jpg?ve=1&amp;tl=1 2x\" height=\"523\" width=\"931\"><source media=\"(min-width: 1280px)\" srcset=\"https:\/\/a57.foxnews.com\/static.foxnews.com\/foxnews.com\/content\/uploads\/2025\/05\/720\/405\/gaza-1.jpg?ve=1&amp;tl=1, https:\/\/a57.foxnews.com\/static.foxnews.com\/foxnews.com\/content\/uploads\/2025\/05\/1440\/810\/gaza-1.jpg?ve=1&amp;tl=1 2x\" height=\"405\" width=\"720\"><img loading=\"lazy\" decoding=\"async\" src=\"https:\/\/a57.foxnews.com\/static.foxnews.com\/foxnews.com\/content\/uploads\/2025\/05\/1200\/675\/gaza-1.jpg?ve=1&amp;tl=1\" alt=\"Una vista de Gaza el 16 de mayo de 2025\" width=\"1200\" height=\"675\"\/><\/source><\/source><\/source><\/source><\/picture><\/div>\n<div class=\"info\">\n<div class=\"caption\">\n<p><span>Los palestinos se abren camino con pertenencias mientras huyen de sus hogares despu\u00e9s de los ataques a\u00e9reos israel\u00edes, en la Franja del Norte de Gaza el 16 de mayo de 2025.<\/span> <span>(Reuters\/Mahmoud Issa)<\/span><\/p>\n<\/div>\n<\/div>\n<\/div>\n<p><strong>El ministro de Relaciones Exteriores israel\u00ed da a la ONU, lo llama &#8216;Cuerpo podrido, Anti-Israel y Antisemita&#8217;<\/strong><\/p>\n<p>Fletcher, quien dirige la Oficina de las Naciones Unidas para la Coordinaci\u00f3n de los Asuntos Humanitarios (OCHA), tambi\u00e9n describi\u00f3 c\u00f3mo los Gazans est\u00e1n luchando debido a la falta de suministros, ya que los camiones de ayuda no se han permitido ingresar a la Franja de Gaza durante 10 semanas. Seg\u00fan Fletcher, los hospitales est\u00e1n \u00ababrumados\u00bb, y las personas enfrentan hambruna y hambre. <\/p>\n<p>\u00abEntonces, para aquellos asesinados y aquellos cuyas voces son silenciadas: \u00bfqu\u00e9 m\u00e1s evidencia necesita ahora? \u00bfActuar\u00e1, decisivamente, para prevenir el genocidio y garantizar el respeto por la ley humanitaria internacional? O dir\u00e1 que\u00bb hicimos todo lo que pudimos? \u00ab, Dijo Fletcher.<\/p>\n<p><strong>Lea la carta &#8211; <\/strong><strong>Usuarios de la aplicaci\u00f3n, haga clic aqu\u00ed:<\/strong><\/p>\n<p><strong>El Departamento de Justicia de Trump dice que la agencia de la ONU puede ser demandada por octubre. 7 ataques, revertir la posici\u00f3n de la era de Biden<\/strong><\/p>\n<p>Si bien gran parte de los comentarios de Fletcher se centraron en Gaza, tambi\u00e9n conden\u00f3 la \u00abviolencia espantosa\u00bb que aument\u00f3 en Cisjordania. Al d\u00eda siguiente, el 14 de mayo, una mujer israel\u00ed embarazada fue asesinada en un ataque de tiro mientras se dirig\u00eda al hospital para dar a luz. Tzeela Gez perdi\u00f3 la vida, pero los m\u00e9dicos pudieron salvar a su beb\u00e9, quien, seg\u00fan Associated Press, est\u00e1 \u00aben condiciones graves pero estables\u00bb.<\/p>\n<div class=\"image-ct inline\">\n<div class=\"m\"><picture><source media=\"(max-width: 767px)\" srcset=\"https:\/\/a57.foxnews.com\/static.foxnews.com\/foxnews.com\/content\/uploads\/2025\/05\/343\/192\/danon-fletcher.jpg?ve=1&amp;tl=1, https:\/\/a57.foxnews.com\/static.foxnews.com\/foxnews.com\/content\/uploads\/2025\/05\/686\/384\/danon-fletcher.jpg?ve=1&amp;tl=1 2x\" height=\"192\" width=\"343\"><source media=\"(min-width: 768px) and (max-width: 1023px)\" srcset=\"https:\/\/a57.foxnews.com\/static.foxnews.com\/foxnews.com\/content\/uploads\/2025\/05\/672\/378\/danon-fletcher.jpg?ve=1&amp;tl=1, https:\/\/a57.foxnews.com\/static.foxnews.com\/foxnews.com\/content\/uploads\/2025\/05\/1344\/756\/danon-fletcher.jpg?ve=1&amp;tl=1 2x\" height=\"378\" width=\"672\"><source media=\"(min-width: 1024px) and (max-width: 1279px)\" srcset=\"https:\/\/a57.foxnews.com\/static.foxnews.com\/foxnews.com\/content\/uploads\/2025\/05\/931\/523\/danon-fletcher.jpg?ve=1&amp;tl=1, https:\/\/a57.foxnews.com\/static.foxnews.com\/foxnews.com\/content\/uploads\/2025\/05\/1862\/1046\/danon-fletcher.jpg?ve=1&amp;tl=1 2x\" height=\"523\" width=\"931\"><source media=\"(min-width: 1280px)\" srcset=\"https:\/\/a57.foxnews.com\/static.foxnews.com\/foxnews.com\/content\/uploads\/2025\/05\/720\/405\/danon-fletcher.jpg?ve=1&amp;tl=1, https:\/\/a57.foxnews.com\/static.foxnews.com\/foxnews.com\/content\/uploads\/2025\/05\/1440\/810\/danon-fletcher.jpg?ve=1&amp;tl=1 2x\" height=\"405\" width=\"720\"><img loading=\"lazy\" decoding=\"async\" src=\"https:\/\/a57.foxnews.com\/static.foxnews.com\/foxnews.com\/content\/uploads\/2025\/05\/1200\/675\/danon-fletcher.jpg?ve=1&amp;tl=1\" alt=\"El embajador israel\u00ed de la ONU, Danny Danon (izquierda) y el subsecretario general de la ONU para los asuntos humanitarios y el coordinador de alivio de emergencia, Tom Fletcher (derecha)\" width=\"1200\" height=\"675\"\/><\/source><\/source><\/source><\/source><\/picture><\/div>\n<div class=\"info\">\n<div class=\"caption\">\n<p><span>El embajador israel\u00ed de la ONU, Danny Danon, a la izquierda, emiti\u00f3 una carta mordaz en respuesta al subsecretario general de la ONU para asuntos humanitarios y los comentarios del coordinador de alivio de emergencia Tom Fletcher ante el Consejo de Seguridad.<\/span> <span>(Getty Images)<\/span><\/p>\n<\/div>\n<\/div>\n<\/div>\n<p><strong>Aplicaci\u00f3n de efectivo de la ONU para Gazans explotados por Hamas mientras el grupo terrorista roba el dinero de la ayuda destinada a los civiles<\/strong><\/p>\n<p>En su respuesta, Danon dijo que los comentarios de Fletcher \u00absorprendieron y perturbaron\u00bb, acusando al funcionario de la ONU de hacer una declaraci\u00f3n \u00abcompletamente inapropiada y profundamente irresponsable\u00bb que \u00abdestroz\u00f3 cualquier noci\u00f3n de neutralidad\u00bb.<\/p>\n<p>\u00abTen\u00eda la audacia, en su capacidad como alto funcionario de la ONU, para estar ante el Consejo de Seguridad e invocar el cargo de genocidio sin evidencia, mandato o moderaci\u00f3n\u00bb, escribi\u00f3 Danon en su respuesta. \u00abComo representante de alto nivel de las Naciones Unidas, est\u00e1 obligado a abstenerse de prejuzgar asuntos internacionales complejos. Sin embargo, esto es precisamente lo que hizo ante el consejo. No inform\u00f3 al consejo; entreg\u00f3 un serm\u00f3n pol\u00edtico\u00bb.<\/p>\n<p>En respuesta a una solicitud de comentarios digitales de Fox News, el portavoz de OCHA, Eri Kaneko, dijo que \u00abcomo el Sr. Fletcher dej\u00f3 en claro en sus comentarios del Consejo de Seguridad, es para los organismos legales considerar si se est\u00e1 produciendo un genocidio, el punto del Sr. Fletcher es que el mundo debe tomar medidas decisivas para evitar el genocidio y garantizar el respeto de la ley humanitaria internacional\u00bb.<\/p>\n<div class=\"image-ct inline\">\n<div class=\"m\"><picture><source media=\"(max-width: 767px)\" srcset=\"https:\/\/a57.foxnews.com\/static.foxnews.com\/foxnews.com\/content\/uploads\/2024\/08\/343\/192\/PHOTO-2024-08-27-15-56-07.jpg?ve=1&amp;tl=1, https:\/\/a57.foxnews.com\/static.foxnews.com\/foxnews.com\/content\/uploads\/2024\/08\/686\/384\/PHOTO-2024-08-27-15-56-07.jpg?ve=1&amp;tl=1 2x\" height=\"192\" width=\"343\"><source media=\"(min-width: 768px) and (max-width: 1023px)\" srcset=\"https:\/\/a57.foxnews.com\/static.foxnews.com\/foxnews.com\/content\/uploads\/2024\/08\/672\/378\/PHOTO-2024-08-27-15-56-07.jpg?ve=1&amp;tl=1, https:\/\/a57.foxnews.com\/static.foxnews.com\/foxnews.com\/content\/uploads\/2024\/08\/1344\/756\/PHOTO-2024-08-27-15-56-07.jpg?ve=1&amp;tl=1 2x\" height=\"378\" width=\"672\"><source media=\"(min-width: 1024px) and (max-width: 1279px)\" srcset=\"https:\/\/a57.foxnews.com\/static.foxnews.com\/foxnews.com\/content\/uploads\/2024\/08\/931\/523\/PHOTO-2024-08-27-15-56-07.jpg?ve=1&amp;tl=1, https:\/\/a57.foxnews.com\/static.foxnews.com\/foxnews.com\/content\/uploads\/2024\/08\/1862\/1046\/PHOTO-2024-08-27-15-56-07.jpg?ve=1&amp;tl=1 2x\" height=\"523\" width=\"931\"><source media=\"(min-width: 1280px)\" srcset=\"https:\/\/a57.foxnews.com\/static.foxnews.com\/foxnews.com\/content\/uploads\/2024\/08\/720\/405\/PHOTO-2024-08-27-15-56-07.jpg?ve=1&amp;tl=1, https:\/\/a57.foxnews.com\/static.foxnews.com\/foxnews.com\/content\/uploads\/2024\/08\/1440\/810\/PHOTO-2024-08-27-15-56-07.jpg?ve=1&amp;tl=1 2x\" height=\"405\" width=\"720\"><img loading=\"lazy\" decoding=\"async\" src=\"https:\/\/a57.foxnews.com\/static.foxnews.com\/foxnews.com\/content\/uploads\/2024\/08\/1200\/675\/PHOTO-2024-08-27-15-56-07.jpg?ve=1&amp;tl=1\" alt=\"Asamblea de las Naciones Unidas\" width=\"1200\" height=\"675\"\/><\/source><\/source><\/source><\/source><\/picture><\/div>\n<div class=\"info\">\n<div class=\"caption\">\n<p><span>Miembro permanente israel\u00ed de las Naciones Unidas, Danny Danon, habla durante una sesi\u00f3n del Consejo de Seguridad en la sede de la ciudad de Nueva York.<\/span> <span>(Misi\u00f3n de las Naciones Unidas de Israel)<\/span><\/p>\n<\/div>\n<\/div>\n<\/div>\n<p>Cuando se le pregunt\u00f3 si Fletcher estaba acusando a Israel de matar y da\u00f1ar deliberadamente a los civiles, Kaneko dijo que las palabras del funcionario hablan por s\u00ed mismos, ya que \u00abno se ha ahorrado un solo civil en Gaza &#8211; maestros, artistas, comerciantes, trabajadores humanitarios, rehenes -\u00ab.<\/p>\n<p><strong><u>Haga clic aqu\u00ed para obtener la aplicaci\u00f3n Fox News<\/u><\/strong><\/p>\n<p>Danon cuestion\u00f3 bajo cuya autoridad Fletcher emiti\u00f3 la acusaci\u00f3n y dijo que el uso del funcionario de la ONU de la palabra \u00abgenocidio\u00bb era una \u00abprofanaci\u00f3n y subversi\u00f3n de un t\u00e9rmino con fuerza y \u200b\u200bpeso \u00fanicos\u00bb. Continu\u00f3 diciendo que lo que hizo que los comentarios de Fletcher \u00abmucho peor\u00bb fueran el hecho de que Israel se hab\u00eda comprometido con usted y su oficina de buena fe en los niveles m\u00e1s altos \u00ab.<\/p>\n<p>El embajador israel\u00ed concluy\u00f3 su carta al cambiar las preguntas sobre Fletcher, dici\u00e9ndole al jefe de OCHA que se pregunte si hab\u00eda hecho lo suficiente para evitar el 7 de octubre, acelerar la liberaci\u00f3n de los rehenes y responsabilizar a Hamas.<\/p>\n<p>Kaneko le dijo a Fox News Digital que \u00abel Sr. Fletcher ha hablado repetidamente y p\u00fablicamente en contra de lo que \u00e9l llama los horrendos ataques liderados por Hamas y pidi\u00f3 el lanzamiento de los rehenes. El Sr. Fletcher se vio profundamente conmovido por su visita en febrero al Kibbutz de Nir Oz, donde una de cada cuatro personas fue asesinada o tomada por el re\u00e1ntago\u00bb.<\/p>\n<p> <!----> <\/p>\n<div class=\"article-meta\">\n<div class=\"author-bio\">\n<p>Rachel Wolf es una escritora de noticias de Fox News Digital y Fox Business.<\/p>\n<\/div>\n<\/div>\n<\/div>\n\n","protected":false},"excerpt":{"rendered":"<p>EXCLUSIVO &#8211; El embajador israel\u00ed de la ONU, Danny Danon, conden\u00f3 a un funcionario de las Naciones Unidas por los comentarios de que dijo \u00abdestroz\u00f3 cualquier noci\u00f3n de neutralidad\u00bb. El martes, el subsecretario General de Asuntos Humanitarios de la ONU y el coordinador de alivio de emergencia, Tom Fletcher, acus\u00f3 a Israel de cometer genocidio &hellip;<\/p>\n","protected":false},"author":1,"featured_media":27542,"comment_status":"open","ping_status":"open","sticky":false,"template":"","format":"standard","meta":{"fifu_image_url":"https:\/\/static.foxnews.com\/foxnews.com\/content\/uploads\/2025\/05\/danon-fletcher.jpg","fifu_image_alt":"","footnotes":""},"categories":[13],"tags":[],"class_list":["post-27540","post","type-post","status-publish","format-standard","has-post-thumbnail","","category-mundo"],"_links":{"self":[{"href":"https:\/\/noticiasveraces.com\/index.php?rest_route=\/wp\/v2\/posts\/27540","targetHints":{"allow":["GET"]}}],"collection":[{"href":"https:\/\/noticiasveraces.com\/index.php?rest_route=\/wp\/v2\/posts"}],"about":[{"href":"https:\/\/noticiasveraces.com\/index.php?rest_route=\/wp\/v2\/types\/post"}],"author":[{"embeddable":true,"href":"https:\/\/noticiasveraces.com\/index.php?rest_route=\/wp\/v2\/users\/1"}],"replies":[{"embeddable":true,"href":"https:\/\/noticiasveraces.com\/index.php?rest_route=%2Fwp%2Fv2%2Fcomments&post=27540"}],"version-history":[{"count":0,"href":"https:\/\/noticiasveraces.com\/index.php?rest_route=\/wp\/v2\/posts\/27540\/revisions"}],"wp:featuredmedia":[{"embeddable":true,"href":"https:\/\/noticiasveraces.com\/index.php?rest_route=\/wp\/v2\/media\/27542"}],"wp:attachment":[{"href":"https:\/\/noticiasveraces.com\/index.php?rest_route=%2Fwp%2Fv2%2Fmedia&parent=27540"}],"wp:term":[{"taxonomy":"category","embeddable":true,"href":"https:\/\/noticiasveraces.com\/index.php?rest_route=%2Fwp%2Fv2%2Fcategories&post=27540"},{"taxonomy":"post_tag","embeddable":true,"href":"https:\/\/noticiasveraces.com\/index.php?rest_route=%2Fwp%2Fv2%2Ftags&post=27540"}],"curies":[{"name":"wp","href":"https:\/\/api.w.org\/{rel}","templated":true}]}}