{"id":27535,"date":"2025-05-16T11:56:26","date_gmt":"2025-05-16T15:56:26","guid":{"rendered":"https:\/\/noticiasveraces.com\/?p=27535"},"modified":"2025-05-16T11:56:26","modified_gmt":"2025-05-16T15:56:26","slug":"video-molestia-de-matheus-uribe-con-marino-y-parra-en-nacional-desmienten-mal-ambiente-interno-futbol-colombiano-liga-betplay","status":"publish","type":"post","link":"https:\/\/noticiasveraces.com\/?p=27535","title":{"rendered":"Video: molestia de Matheus Uribe con Marino y Parra en Nacional, desmienten mal ambiente interno | Futbol Colombiano | Liga Betplay"},"content":{"rendered":"<p> \n<\/p>\n<div id=\"cuerpoArticulo\">\n<p class=\"texto intro\" id=\"pnull-m194-193-195\">Atl\u00e9tico Nacional est\u00e1 exactamente donde quer\u00eda a esta altura: clasificado a los octavos de final de la Copa Libertadores, listo en los cuadrangulares y con la mayor parte de la plantilla sana y habilitada para el momento de las definiciones. <\/p>\n<p class=\"texto contenido-parrafo-articulo\" id=\"pnull-m206-2-207\">Despu\u00e9s de un bache, especialmente en el torneo internacional, las cosas han vuelto a su cauce y es momento de celebrar.<\/p>\n<p class=\"texto contenido-parrafo-articulo\" id=\"pnull-m413-3-414\">Y en esa fiesta, justamente, un rumor ha hecho carrera tras la victoria contra Bah\u00eda (1-0): \u00bfhubo malestar interno a la hora de las celebraciones?<\/p>\n<p><b>&#8216;Gran ambiente laboral&#8217;<\/b><br \/>\u200b<br \/>La victoria en casa fue el anuncio de lo que pas\u00f3 este jueves, la certificaci\u00f3n de la clasificaci\u00f3n del verde a los octavos de final de la Libertadores, la gran prioridad de la temporada. <\/p>\n<p>Y ante su afici\u00f3n lo gritaron los jugadores, quienes tra\u00edan una gran tensi\u00f3n despu\u00e9s de dos derrotas en territorio brasile\u00f1o. Ah\u00ed vino la pol\u00e9mica: cuando Matheus Uribe estaba celebrando, Kevin Parra y Marino Hinestroza se le acercaron y le tocaron el pelo, lo que, seg\u00fan los que conocen al m\u00e1s veterano, no le hace mucha gracia. As\u00ed fue el momento: <\/p>\n<p class=\"texto contenido-parrafo-articulo\" id=\"pnull-m296-4-297\"><b>\u00bfHay &#8216;destructores&#8217; de Atl\u00e9tico Nacional?<br \/>\u200b<\/b><br \/>\u200bLa ola de cr\u00edticas se hizo sentir de inmediato en las redes sociales, algunos sospechando que hab\u00eda un mal ambiente en los jugadores pues los festejos, a la distancia, se vieron algo agresivos. <\/p>\n<p>Sobre el mismo video, el protagonista, Matheus Uribe, respondi\u00f3 con una acusaci\u00f3n: \u00abYa sabe Kevin Parra y Marino Hinestroza, el pr\u00f3ximo gol los voy a coger de ese pelo hasta que me canse. PD: Ya los destructores del verde disque tenemos problemas internos jajaja. No saben qu\u00e9 m\u00e1s inventar\u201c, afirm\u00f3.<br \/>\u200b<br \/>\u00bfDestructores de verde? Seg\u00fan \u00e9l, hay quienes esperan que al club no le vaya bien y buscan enemistades para crear mal ambiente.<\/p>\n<div class=\"fotografia caja-articulo\" id=\"pnull-m310-5-311\">\n<div class=\"imagen-cuerpo-bk\">\n<figure itemscope=\"\" itemtype=\"https:\/\/schema.org\/ImageObject\" itemprop=\"image\" class=\"foto-galeria-articulo imagen-articulo foto-texto-articulo-galeria\" id=\"m315-314-316\"><img decoding=\"async\" src=\"data:image\/png;base64,iVBORw0KGgoAAAANSUhEUgAAAAEAAAABCAQAAAC1HAwCAAAAC0lEQVR42mP8\/x0AAvsB+DlKarAAAAAASUVORK5CYII=\" style=\" display: inline;\" alt=\"Mensaje de Uribe en Nacional\" data-original=\"\/files\/article_content\/uploads\/2025\/05\/16\/682756952d147.jpeg\"\/><meta itemprop=\"width\" content=\"600\"\/><meta itemprop=\"height\" content=\"450\"\/> <meta itemprop=\"url\" content=\"https:\/\/www.futbolred.com\/files\/article_content\/uploads\/2025\/05\/16\/682756952d147.jpeg\"\/><\/figure>\n<\/div>\n<div class=\"figcaption-cuerpo-bk credito-image-bk\"><figcaption class=\"foto-info\">\n<div class=\"titulo-foto-bk\">\n<p class=\"titulo pie-de-foto\" id=\"m322-1-323\">Mensaje de Uribe en Nacional<\/p>\n<\/div>\n<p class=\"credito\">\n                            <span class=\"linea pre_credito\">Foto:<\/span><\/p>\n<p>                        <span class=\"autor\" id=\"m328-2-329\">Tomado de Instagram @matheus_uribe<\/span><\/p>\n<\/figcaption><\/div>\n<\/p><\/div>\n<p class=\"texto contenido-parrafo-articulo\" id=\"pnull-m356-6-357\">Hinestroza y Parra contestaron tambi\u00e9n en sus redes sociales, aludiendo a que todo fue parte de una broma y que, en efecto, \u00abno saben qu\u00e9 inventar\u00bb.<br \/>\u200b<br \/>Marino, de hecho, public\u00f3 en sus redes sociales un mensaje tomando todo como diversi\u00f3n: \u00abexcelente ambiente laboral\u201d, dijo. <\/p>\n<div class=\"fotografia caja-articulo\" id=\"pnull-m367-7-368\">\n<div class=\"imagen-cuerpo-bk\">\n<figure itemscope=\"\" itemtype=\"https:\/\/schema.org\/ImageObject\" itemprop=\"image\" class=\"foto-galeria-articulo imagen-articulo foto-texto-articulo-galeria\" id=\"m372-371-373\"><img decoding=\"async\" src=\"data:image\/png;base64,iVBORw0KGgoAAAANSUhEUgAAAAEAAAABCAQAAAC1HAwCAAAAC0lEQVR42mP8\/x0AAvsB+DlKarAAAAAASUVORK5CYII=\" style=\" display: inline;\" alt=\"Mensaje de Marino Hinestroza\" data-original=\"\/files\/article_content\/uploads\/2025\/05\/16\/68275776d7a83.jpeg\"\/><meta itemprop=\"width\" content=\"600\"\/><meta itemprop=\"height\" content=\"450\"\/> <meta itemprop=\"url\" content=\"https:\/\/www.futbolred.com\/files\/article_content\/uploads\/2025\/05\/16\/68275776d7a83.jpeg\"\/><\/figure>\n<\/div>\n<div class=\"figcaption-cuerpo-bk credito-image-bk\"><figcaption class=\"foto-info\">\n<div class=\"titulo-foto-bk\">\n<p class=\"titulo pie-de-foto\" id=\"m379-1-380\">Mensaje de Marino Hinestroza<\/p>\n<\/div>\n<p class=\"credito\">\n                            <span class=\"linea pre_credito\">Foto:<\/span><\/p>\n<p>                        <span class=\"autor\" id=\"m385-2-386\">Tomado de Instagram @marii_anglo<\/span><\/p>\n<\/figcaption><\/div>\n<\/p><\/div>\n<\/p><\/div>\n\n","protected":false},"excerpt":{"rendered":"<p>Atl\u00e9tico Nacional est\u00e1 exactamente donde quer\u00eda a esta altura: clasificado a los octavos de final de la Copa Libertadores, listo en los cuadrangulares y con la mayor parte de la plantilla sana y habilitada para el momento de las definiciones. Despu\u00e9s de un bache, especialmente en el torneo internacional, las cosas han vuelto a su &hellip;<\/p>\n","protected":false},"author":1,"featured_media":27536,"comment_status":"open","ping_status":"open","sticky":false,"template":"","format":"standard","meta":{"fifu_image_url":"https:\/\/www.futbolred.com\/files\/og_thumbnail\/uploads\/2025\/05\/16\/68274e79799c1.jpeg","fifu_image_alt":"","footnotes":""},"categories":[6],"tags":[],"class_list":["post-27535","post","type-post","status-publish","format-standard","has-post-thumbnail","","category-deportes"],"_links":{"self":[{"href":"https:\/\/noticiasveraces.com\/index.php?rest_route=\/wp\/v2\/posts\/27535","targetHints":{"allow":["GET"]}}],"collection":[{"href":"https:\/\/noticiasveraces.com\/index.php?rest_route=\/wp\/v2\/posts"}],"about":[{"href":"https:\/\/noticiasveraces.com\/index.php?rest_route=\/wp\/v2\/types\/post"}],"author":[{"embeddable":true,"href":"https:\/\/noticiasveraces.com\/index.php?rest_route=\/wp\/v2\/users\/1"}],"replies":[{"embeddable":true,"href":"https:\/\/noticiasveraces.com\/index.php?rest_route=%2Fwp%2Fv2%2Fcomments&post=27535"}],"version-history":[{"count":0,"href":"https:\/\/noticiasveraces.com\/index.php?rest_route=\/wp\/v2\/posts\/27535\/revisions"}],"wp:featuredmedia":[{"embeddable":true,"href":"https:\/\/noticiasveraces.com\/index.php?rest_route=\/wp\/v2\/media\/27536"}],"wp:attachment":[{"href":"https:\/\/noticiasveraces.com\/index.php?rest_route=%2Fwp%2Fv2%2Fmedia&parent=27535"}],"wp:term":[{"taxonomy":"category","embeddable":true,"href":"https:\/\/noticiasveraces.com\/index.php?rest_route=%2Fwp%2Fv2%2Fcategories&post=27535"},{"taxonomy":"post_tag","embeddable":true,"href":"https:\/\/noticiasveraces.com\/index.php?rest_route=%2Fwp%2Fv2%2Ftags&post=27535"}],"curies":[{"name":"wp","href":"https:\/\/api.w.org\/{rel}","templated":true}]}}