{"id":27531,"date":"2025-05-16T11:27:55","date_gmt":"2025-05-16T15:27:55","guid":{"rendered":"https:\/\/noticiasveraces.com\/?p=27531"},"modified":"2025-05-16T11:27:55","modified_gmt":"2025-05-16T15:27:55","slug":"leon-xiv-nombra-a-peruano-como-su-secretario-privado-dw-16-05-2025","status":"publish","type":"post","link":"https:\/\/noticiasveraces.com\/?p=27531","title":{"rendered":"Le\u00f3n XIV nombra a peruano como su secretario privado \u2013 DW \u2013 16\/05\/2025"},"content":{"rendered":"<p> \n<\/p>\n<div>\n<p>El papa Le\u00f3n XIV ha nombrado al sacerdote peruano Edgard Iv\u00e1n Rimaycuna Inga como su secretario privado. As\u00ed lo anunci\u00f3 el viernes InfoVaticana, una fuente bien informada del Vaticano. Rimaycuna y el entonces obispo Robert Prevost se conocen de su \u00e9poca en la di\u00f3cesis peruana de Chiclayo.<\/p>\n<p>Seg\u00fan el Vaticano,\u00a0Le\u00f3n XIV quiere volver a la tradici\u00f3n de tener un secretario privado permanente, que su predecesor Francisco hab\u00eda interrumpido. El argentino cambiaba de secretario cada tres o cuatro a\u00f1os; a menudo, varios sacerdotes se encargaban de su correspondencia y de sus citas.<\/p>\n<p>El \u00faltimo secretario privado permanente de un papa fue el arzobispo alem\u00e1n Georg G\u00e4nswein, quien sirvi\u00f3 bajo Benedicto XVI, Papa Em\u00e9rito hasta su muerte el 31 de diciembre de 2022. El cargo de Secretario Privado Papal no est\u00e1 previsto en el organigrama del Vaticano. Se trata simplemente una divisi\u00f3n de facto del trabajo. Sin embargo, el secretario privado de un papa\u00a0suele tener un poder informal considerable.<\/p>\n<h2>Primera aparici\u00f3n p\u00fablica<\/h2>\n<p>Rimaycuna, de 36 a\u00f1os, hizo este mi\u00e9rcoles su primera aparici\u00f3n p\u00fablica como secretario personal del pont\u00edfice Le\u00f3n XIV durante la audiencia a las Iglesias orientales con motivo de su Jubileo en el Aula Pablo VI del Vaticano.<\/p>\n<p>Rimaycuna ha estado al lado de Robert Prevost durante mucho tiempo en Chiclayo, en Per\u00fa, donde fue obispo y luego se rencontraron en el Vaticano, cuando fue nombrado por Francisco en 2023 prefecto para el Dicasterio de los obispos.<\/p>\n<p>En 2006, Rimaycuna, entonces aspirante a sacerdote, ingres\u00f3 al Seminario Mayor Santo Toribio de Mogrovejo, en Chiclayo, y conoci\u00f3 a Prevost, a quien todos llamaban entonces \u201cPadre Roberto\u201d y quien se convirti\u00f3 en su padre espiritual y quiso que trabajara con \u00e9l cuando fue ordenado obispo, en la Catedral de Santa Mar\u00eda de Chiclayo. <\/p>\n<p>Ya se le hab\u00eda visto durante las primeras visitas del papa Le\u00f3n XIV fuera de los muros del Vaticano, pero no estuvo en la audiencia del lunes a los periodistas, por lo que la del mi\u00e9rcoles\u00a0fue su primera aparici\u00f3n oficial al llegar junto a \u00e9l a la audiencia, colocar bien el micr\u00f3fono, pasarle los folios del discurso y sentarse a su lado.<\/p>\n<p>(kna, efe\/el)<\/p>\n<\/div>\n\n","protected":false},"excerpt":{"rendered":"<p>El papa Le\u00f3n XIV ha nombrado al sacerdote peruano Edgard Iv\u00e1n Rimaycuna Inga como su secretario privado. As\u00ed lo anunci\u00f3 el viernes InfoVaticana, una fuente bien informada del Vaticano. Rimaycuna y el entonces obispo Robert Prevost se conocen de su \u00e9poca en la di\u00f3cesis peruana de Chiclayo. Seg\u00fan el Vaticano,\u00a0Le\u00f3n XIV quiere volver a la &hellip;<\/p>\n","protected":false},"author":1,"featured_media":27532,"comment_status":"open","ping_status":"open","sticky":false,"template":"","format":"standard","meta":{"fifu_image_url":"https:\/\/static.dw.com\/image\/72538094_6.jpg","fifu_image_alt":"","footnotes":""},"categories":[13],"tags":[],"class_list":["post-27531","post","type-post","status-publish","format-standard","has-post-thumbnail","","category-mundo"],"_links":{"self":[{"href":"https:\/\/noticiasveraces.com\/index.php?rest_route=\/wp\/v2\/posts\/27531","targetHints":{"allow":["GET"]}}],"collection":[{"href":"https:\/\/noticiasveraces.com\/index.php?rest_route=\/wp\/v2\/posts"}],"about":[{"href":"https:\/\/noticiasveraces.com\/index.php?rest_route=\/wp\/v2\/types\/post"}],"author":[{"embeddable":true,"href":"https:\/\/noticiasveraces.com\/index.php?rest_route=\/wp\/v2\/users\/1"}],"replies":[{"embeddable":true,"href":"https:\/\/noticiasveraces.com\/index.php?rest_route=%2Fwp%2Fv2%2Fcomments&post=27531"}],"version-history":[{"count":0,"href":"https:\/\/noticiasveraces.com\/index.php?rest_route=\/wp\/v2\/posts\/27531\/revisions"}],"wp:featuredmedia":[{"embeddable":true,"href":"https:\/\/noticiasveraces.com\/index.php?rest_route=\/wp\/v2\/media\/27532"}],"wp:attachment":[{"href":"https:\/\/noticiasveraces.com\/index.php?rest_route=%2Fwp%2Fv2%2Fmedia&parent=27531"}],"wp:term":[{"taxonomy":"category","embeddable":true,"href":"https:\/\/noticiasveraces.com\/index.php?rest_route=%2Fwp%2Fv2%2Fcategories&post=27531"},{"taxonomy":"post_tag","embeddable":true,"href":"https:\/\/noticiasveraces.com\/index.php?rest_route=%2Fwp%2Fv2%2Ftags&post=27531"}],"curies":[{"name":"wp","href":"https:\/\/api.w.org\/{rel}","templated":true}]}}