{"id":27497,"date":"2025-05-16T07:21:35","date_gmt":"2025-05-16T11:21:35","guid":{"rendered":"https:\/\/noticiasveraces.com\/?p=27497"},"modified":"2025-05-16T07:21:35","modified_gmt":"2025-05-16T11:21:35","slug":"empieza-el-encuentro-rusia-ucrania-en-estambul-dw-16-05-2025","status":"publish","type":"post","link":"https:\/\/noticiasveraces.com\/?p=27497","title":{"rendered":"Empieza el encuentro Rusia-Ucrania en Estambul \u2013 DW \u2013 16\/05\/2025"},"content":{"rendered":"<p> \n<\/p>\n<div>\n<p>Las delegaciones de Rusia y Ucrania se re\u00fanen el viernes, 16 de mayo, en Estambul, bajo mediaci\u00f3n turca. Previamente a esa reuni\u00f3n en el Palacio Dolmabahce de Estambul, tuvo un encuentro tripartito entre Ucrania, Estados Unidos y Turqu\u00eda, seg\u00fan informa la agencia de noticias oficialista Anadolu, citando fuentes del Ministerio de Exteriores turco.<\/p>\n<p>El jefe de la diplomacia estadounidense, Marco Rubio, en Estambul desde el viernes, urgi\u00f3 el viernes a poner fin a \u00abla masacre\u00bb en Ucrania, antes de las conversaciones entre delegaciones de Mosc\u00fa y Kiev, indic\u00f3 la portavoz del departamento de Estado.<\/p>\n<p>En una reuni\u00f3n conjunta en Estambul con sus hom\u00f3logos ucraniano y turco, \u00abdebatieron la importancia de buscar un final pac\u00edfico a la guerra entre Rusia y Ucrania\u00bb, y Rubio \u00abreiter\u00f3 la postura de Estados Unidos de que es necesario poner fin a la masacre\u00bb, declar\u00f3 Tammy Bruce.<\/p>\n<h2>Tambi\u00e9n reuni\u00f3n con la parte rusa<\/h2>\n<p>Por su parte, el negociador jefe ruso en las negociaciones con Ucrania, Vlad\u00edmir Medinski, se encontr\u00f3 con Michael Anton, alto funcionario del Departamento de Estado de EEUU. \u00abMedinski se reuni\u00f3 con un representante de Estados Unidos antes de las negociaciones directas ruso-ucranianas\u00bb, se\u00f1al\u00f3 una fuente oficial a la agencia Interfax.<\/p>\n<figure class=\"placeholder-image master_landscape big\"><img data-format=\"MASTER_LANDSCAPE\" data-id=\"72564892\" data-url=\"https:\/\/static.dw.com\/image\/72564892_${formatId}.jpg\" data-aspect-ratio=\"16\/9\" alt=\"Periodistas micr\u00f3fono en mano informando.\" style=\"padding-bottom: 56.25%; height: 0; max-height: 0;\"\/><figcaption class=\"img-caption\">Periodistas informando ante el palacio Dolmabah\u00e7e, en Estambul.<small class=\"copyright\">Imagen: Associated Press\/Picture Alliance<\/small><\/figcaption><\/figure>\n<p>Tambi\u00e9n el ministro de Exteriores turco, Hakan Fidan, est\u00e1 en Estambul hoy, pero no est\u00e1 claro si \u00e9l mismo actuar\u00e1 de intermediario entre las partes enfrentadas.<\/p>\n<p>Fidan se reuni\u00f3 anoche con el jefe de la delegaci\u00f3n rusa, el asesor de Putin en temas culturales, Vlad\u00edmir Medinski, quien afirm\u00f3 que Rusia \u00abest\u00e1 lista para trabajar\u00bb.<\/p>\n<h2>Kremlin ve necesario encuentro Putin-Trump<\/h2>\n<p>Por su parte, el Kremlin consider\u00f3 hoy \u00abextremadamente importante\u00bb una cumbre entre Vlad\u00edmir Putin y Donald Trump, para el arreglo pac\u00edfico en Ucrania.<\/p>\n<p>\u00abEsos contactos ser\u00edan extremadamente importantes en el contexto del arreglo ucraniano. Es dif\u00edcil sobrestimar su significado\u00bb, dijo Dmitri Peskov, portavoz presidencial, durante su rueda de prensa telef\u00f3nica diaria. <\/p>\n<h2>Kiev insiste en alto el fuego<\/h2>\n<p>El ministro de Defensa de Ucrania y jefe de la delegaci\u00f3n ucraniana en las negociaciones previstas con los rusos, Rustem Um\u00e9rov, insisti\u00f3 antes de que empezaran los\u00a0contactos en que Ucrania quiere un alto el fuego inmediato de 30 d\u00edas, y reafirm\u00f3 la disponibilidad de Kiev a un encuentro en persona entre los presidentes Volod\u00edmir Zelenski y Vlad\u00edmir Putin.<\/p>\n<p>\u201cLa paz s\u00f3lo es posible si Rusia demuestra estar preparada para acciones concretas, entre ellas un alto el fuego de al menos 30 d\u00edas y medidas humanitarias como el retorno de todos los ni\u00f1os ucranianos deportados por la fuerza e intercambios de prisioneros bajo la f\u00f3rmula \u2018todos por todos\u2019\u201d, escribi\u00f3 Um\u00e9rov en Facebook desde Estambul.<\/p>\n<p><span data-slot-id=\"Article_InContent-1\" class=\"rich-text-ad\"\/><\/p>\n<h2>Tensi\u00f3n en la jornada previa<\/h2>\n<p>La jornada de ayer estuvo marcada por el cruce de insultos y reproches entre Mosc\u00fa y Kiev, y por la confirmaci\u00f3n de que los presidentes de Ucrania, Volodimir Zelenski; Rusia, Vlad\u00edmir Putin; y Estados Unidos, Donald Trump; no participar\u00edan en estos contactos.<\/p>\n<p>Por su parte, Zelenski vol\u00f3 esta ma\u00f1ana a Albania para asistir a la sexta cumbre de la Comunidad Pol\u00edtica Europea en Tirana, en la que tambi\u00e9n estar\u00e1 el presidente turco, Recep Tayyip Erdogan, con el que se entrevist\u00f3 ayer durante tres horas en Ankara.<\/p>\n<p>MS (EFE\/AFP)<\/p>\n<\/p>\n<\/div>\n\n","protected":false},"excerpt":{"rendered":"<p>Las delegaciones de Rusia y Ucrania se re\u00fanen el viernes, 16 de mayo, en Estambul, bajo mediaci\u00f3n turca. Previamente a esa reuni\u00f3n en el Palacio Dolmabahce de Estambul, tuvo un encuentro tripartito entre Ucrania, Estados Unidos y Turqu\u00eda, seg\u00fan informa la agencia de noticias oficialista Anadolu, citando fuentes del Ministerio de Exteriores turco. El jefe &hellip;<\/p>\n","protected":false},"author":1,"featured_media":27498,"comment_status":"open","ping_status":"open","sticky":false,"template":"","format":"standard","meta":{"fifu_image_url":"https:\/\/static.dw.com\/image\/72564957_6.jpg","fifu_image_alt":"","footnotes":""},"categories":[13],"tags":[],"class_list":["post-27497","post","type-post","status-publish","format-standard","has-post-thumbnail","","category-mundo"],"_links":{"self":[{"href":"https:\/\/noticiasveraces.com\/index.php?rest_route=\/wp\/v2\/posts\/27497","targetHints":{"allow":["GET"]}}],"collection":[{"href":"https:\/\/noticiasveraces.com\/index.php?rest_route=\/wp\/v2\/posts"}],"about":[{"href":"https:\/\/noticiasveraces.com\/index.php?rest_route=\/wp\/v2\/types\/post"}],"author":[{"embeddable":true,"href":"https:\/\/noticiasveraces.com\/index.php?rest_route=\/wp\/v2\/users\/1"}],"replies":[{"embeddable":true,"href":"https:\/\/noticiasveraces.com\/index.php?rest_route=%2Fwp%2Fv2%2Fcomments&post=27497"}],"version-history":[{"count":0,"href":"https:\/\/noticiasveraces.com\/index.php?rest_route=\/wp\/v2\/posts\/27497\/revisions"}],"wp:featuredmedia":[{"embeddable":true,"href":"https:\/\/noticiasveraces.com\/index.php?rest_route=\/wp\/v2\/media\/27498"}],"wp:attachment":[{"href":"https:\/\/noticiasveraces.com\/index.php?rest_route=%2Fwp%2Fv2%2Fmedia&parent=27497"}],"wp:term":[{"taxonomy":"category","embeddable":true,"href":"https:\/\/noticiasveraces.com\/index.php?rest_route=%2Fwp%2Fv2%2Fcategories&post=27497"},{"taxonomy":"post_tag","embeddable":true,"href":"https:\/\/noticiasveraces.com\/index.php?rest_route=%2Fwp%2Fv2%2Ftags&post=27497"}],"curies":[{"name":"wp","href":"https:\/\/api.w.org\/{rel}","templated":true}]}}