{"id":27494,"date":"2025-05-16T06:20:18","date_gmt":"2025-05-16T10:20:18","guid":{"rendered":"https:\/\/noticiasveraces.com\/?p=27494"},"modified":"2025-05-16T06:20:18","modified_gmt":"2025-05-16T10:20:18","slug":"trump-quiere-reunirse-con-putin-lo-antes-posible-para-discutir-la-guerra-de-ucrania","status":"publish","type":"post","link":"https:\/\/noticiasveraces.com\/?p=27494","title":{"rendered":"Trump quiere reunirse con Putin &#8216;lo antes posible&#8217; para discutir la guerra de Ucrania"},"content":{"rendered":"<p> \n<\/p>\n<div>\n<p class=\"speakable\">El presidente Donald Trump dijo el viernes a los periodistas que quiere conocer al presidente ruso Vladimir Putin para discutir la guerra en Ucrania \u00abtan pronto como podamos establecerla\u00bb. <\/p>\n<p class=\"speakable\">El presidente, que habl\u00f3 desde Abu Dhabi durante la \u00faltima parada de su gira de cuatro d\u00edas en el Medio Oriente, dijo: \u00abCreo que es hora de que lo hagamos\u00bb. <\/p>\n<p>Trump hab\u00eda dicho anteriormente que una reuni\u00f3n entre \u00e9l y Putin era crucial para romper el punto muerto. <\/p>\n<p>Putin rechaz\u00f3 una oferta esta semana del l\u00edder ucraniano Volodymyr Zelenskyy para reunirse cara a cara para conversaciones de paz en Estambul. Trump dijo que no cre\u00eda que Putin apareciera si no asistiera a las conversaciones \u00e9l mismo.<\/p>\n<p><strong><u>Rubio duda de que \u00abcualquier cosa productiva\u00bb suceder\u00e1 en Ucrania, la paz habla de Trump, Putin<\/u><\/strong><\/p>\n<div class=\"image-ct inline\">\n<div class=\"m\"><picture><source media=\"(max-width: 767px)\" srcset=\"https:\/\/a57.foxnews.com\/static.foxnews.com\/foxnews.com\/content\/uploads\/2025\/05\/343\/192\/trump-middle-east.png?ve=1&amp;tl=1, https:\/\/a57.foxnews.com\/static.foxnews.com\/foxnews.com\/content\/uploads\/2025\/05\/686\/384\/trump-middle-east.png?ve=1&amp;tl=1 2x\" height=\"192\" width=\"343\"><source media=\"(min-width: 768px) and (max-width: 1023px)\" srcset=\"https:\/\/a57.foxnews.com\/static.foxnews.com\/foxnews.com\/content\/uploads\/2025\/05\/672\/378\/trump-middle-east.png?ve=1&amp;tl=1, https:\/\/a57.foxnews.com\/static.foxnews.com\/foxnews.com\/content\/uploads\/2025\/05\/1344\/756\/trump-middle-east.png?ve=1&amp;tl=1 2x\" height=\"378\" width=\"672\"><source media=\"(min-width: 1024px) and (max-width: 1279px)\" srcset=\"https:\/\/a57.foxnews.com\/static.foxnews.com\/foxnews.com\/content\/uploads\/2025\/05\/931\/523\/trump-middle-east.png?ve=1&amp;tl=1, https:\/\/a57.foxnews.com\/static.foxnews.com\/foxnews.com\/content\/uploads\/2025\/05\/1862\/1046\/trump-middle-east.png?ve=1&amp;tl=1 2x\" height=\"523\" width=\"931\"><source media=\"(min-width: 1280px)\" srcset=\"https:\/\/a57.foxnews.com\/static.foxnews.com\/foxnews.com\/content\/uploads\/2025\/05\/720\/405\/trump-middle-east.png?ve=1&amp;tl=1, https:\/\/a57.foxnews.com\/static.foxnews.com\/foxnews.com\/content\/uploads\/2025\/05\/1440\/810\/trump-middle-east.png?ve=1&amp;tl=1 2x\" height=\"405\" width=\"720\"><img loading=\"lazy\" decoding=\"async\" src=\"https:\/\/a57.foxnews.com\/static.foxnews.com\/foxnews.com\/content\/uploads\/2025\/05\/1200\/675\/trump-middle-east.png?ve=1&amp;tl=1\" alt=\"Presidente de los Estados Unidos Donald Trump\" width=\"1200\" height=\"675\"\/><\/source><\/source><\/source><\/source><\/picture><\/div>\n<div class=\"info\">\n<div class=\"caption\">\n<p><span>El presidente Donald Trump dijo a los periodistas en Abu Dhabi el viernes que quiere conocer al presidente ruso Vladimir Putin para discutir la guerra en Ucrania \u00abtan pronto como podamos establecerla\u00bb.<\/span> <span>(Brendan Smialowski\/AFP a trav\u00e9s de Getty Images)<\/span><\/p>\n<\/div>\n<\/div>\n<\/div>\n<p>\u00abDije, ya sabes, todos dijeron que Putin iba, Zelensky iba y dije que si no me voy, garantizo que Putin no va. Y no se fue\u00bb, dijo Trump a los periodistas el viernes. <\/p>\n<p>Cuando se le pidi\u00f3 una l\u00ednea de tiempo, Trump dijo: \u00abTan pronto como podamos configurarlo\u00bb. <\/p>\n<p>En lugar de Zelenskyy y Putin, se espera que una delegaci\u00f3n ucraniana dirigida por el ministro de Defensa Rustem Umerov se re\u00fana con un equipo ruso de bajo nivel encabezado por el asistente presidencial Vladimir Medinsky. <\/p>\n<div class=\"image-ct inline\">\n<div class=\"m\"><picture><source media=\"(max-width: 767px)\" srcset=\"https:\/\/a57.foxnews.com\/static.foxnews.com\/foxnews.com\/content\/uploads\/2025\/05\/343\/192\/rubio.png?ve=1&amp;tl=1, https:\/\/a57.foxnews.com\/static.foxnews.com\/foxnews.com\/content\/uploads\/2025\/05\/686\/384\/rubio.png?ve=1&amp;tl=1 2x\" height=\"192\" width=\"343\"><source media=\"(min-width: 768px) and (max-width: 1023px)\" srcset=\"https:\/\/a57.foxnews.com\/static.foxnews.com\/foxnews.com\/content\/uploads\/2025\/05\/672\/378\/rubio.png?ve=1&amp;tl=1, https:\/\/a57.foxnews.com\/static.foxnews.com\/foxnews.com\/content\/uploads\/2025\/05\/1344\/756\/rubio.png?ve=1&amp;tl=1 2x\" height=\"378\" width=\"672\"><source media=\"(min-width: 1024px) and (max-width: 1279px)\" srcset=\"https:\/\/a57.foxnews.com\/static.foxnews.com\/foxnews.com\/content\/uploads\/2025\/05\/931\/523\/rubio.png?ve=1&amp;tl=1, https:\/\/a57.foxnews.com\/static.foxnews.com\/foxnews.com\/content\/uploads\/2025\/05\/1862\/1046\/rubio.png?ve=1&amp;tl=1 2x\" height=\"523\" width=\"931\"><source media=\"(min-width: 1280px)\" srcset=\"https:\/\/a57.foxnews.com\/static.foxnews.com\/foxnews.com\/content\/uploads\/2025\/05\/720\/405\/rubio.png?ve=1&amp;tl=1, https:\/\/a57.foxnews.com\/static.foxnews.com\/foxnews.com\/content\/uploads\/2025\/05\/1440\/810\/rubio.png?ve=1&amp;tl=1 2x\" height=\"405\" width=\"720\"><img loading=\"lazy\" decoding=\"async\" src=\"https:\/\/a57.foxnews.com\/static.foxnews.com\/foxnews.com\/content\/uploads\/2025\/05\/1200\/675\/rubio.png?ve=1&amp;tl=1\" alt=\"Secretario de Estado de los Estados Unidos Marco Rubio \" width=\"1200\" height=\"675\"\/><\/source><\/source><\/source><\/source><\/picture><\/div>\n<div class=\"info\">\n<div class=\"caption\">\n<p><span>El secretario de Estado, Marco Rubio, habla con los medios de comunicaci\u00f3n despu\u00e9s de una reuni\u00f3n informal de ministros extranjeros de la OTAN en Antalya, el 15 de mayo de 2025, antes de las posibles conversaciones de paz entre Ucrania y Rusia en Turqu\u00eda.<\/span> <span>(UCK Bektas\/Pool\/AFP Vitty Images)<\/span><\/p>\n<\/div>\n<\/div>\n<\/div>\n<p>Los funcionarios y los observadores esperan que estas conversaciones generen poco progreso inmediato en detener la guerra de m\u00e1s de tres a\u00f1os entre Rusia y Ucrania. <\/p>\n<p><strong>Rubio toma el tono sombr\u00edo en el acuerdo de paz de Rusia-Ukraine: \u00abCerrar pero no lo suficientemente cerca\u00bb<\/strong><\/p>\n<p>Las dos partes est\u00e1n muy separadas en sus condiciones para terminar la guerra. Ucrania ha aceptado una propuesta estadounidense y europea para un alto el fuego completo de 30 d\u00edas, pero Putin la ha rechazado efectivamente al imponer condiciones de largo alcance.<\/p>\n<p>Mientras tanto, el gobierno ucraniano y los analistas militares occidentales alegan que las fuerzas rusas est\u00e1n preparando una nueva ofensiva militar.<\/p>\n<div class=\"image-ct inline\">\n<div class=\"m\"><picture><source media=\"(max-width: 767px)\" srcset=\"https:\/\/a57.foxnews.com\/static.foxnews.com\/foxnews.com\/content\/uploads\/2025\/05\/343\/192\/zelenskyy.png?ve=1&amp;tl=1, https:\/\/a57.foxnews.com\/static.foxnews.com\/foxnews.com\/content\/uploads\/2025\/05\/686\/384\/zelenskyy.png?ve=1&amp;tl=1 2x\" height=\"192\" width=\"343\"><source media=\"(min-width: 768px) and (max-width: 1023px)\" srcset=\"https:\/\/a57.foxnews.com\/static.foxnews.com\/foxnews.com\/content\/uploads\/2025\/05\/672\/378\/zelenskyy.png?ve=1&amp;tl=1, https:\/\/a57.foxnews.com\/static.foxnews.com\/foxnews.com\/content\/uploads\/2025\/05\/1344\/756\/zelenskyy.png?ve=1&amp;tl=1 2x\" height=\"378\" width=\"672\"><source media=\"(min-width: 1024px) and (max-width: 1279px)\" srcset=\"https:\/\/a57.foxnews.com\/static.foxnews.com\/foxnews.com\/content\/uploads\/2025\/05\/931\/523\/zelenskyy.png?ve=1&amp;tl=1, https:\/\/a57.foxnews.com\/static.foxnews.com\/foxnews.com\/content\/uploads\/2025\/05\/1862\/1046\/zelenskyy.png?ve=1&amp;tl=1 2x\" height=\"523\" width=\"931\"><source media=\"(min-width: 1280px)\" srcset=\"https:\/\/a57.foxnews.com\/static.foxnews.com\/foxnews.com\/content\/uploads\/2025\/05\/720\/405\/zelenskyy.png?ve=1&amp;tl=1, https:\/\/a57.foxnews.com\/static.foxnews.com\/foxnews.com\/content\/uploads\/2025\/05\/1440\/810\/zelenskyy.png?ve=1&amp;tl=1 2x\" height=\"405\" width=\"720\"><img loading=\"lazy\" decoding=\"async\" src=\"https:\/\/a57.foxnews.com\/static.foxnews.com\/foxnews.com\/content\/uploads\/2025\/05\/1200\/675\/zelenskyy.png?ve=1&amp;tl=1\" alt=\"Volodymyr Zelenskyy\" width=\"1200\" height=\"675\"\/><\/source><\/source><\/source><\/source><\/picture><\/div>\n<div class=\"info\">\n<div class=\"caption\">\n<p><span>El presidente de Ucrania Volodymyr Zelenskyy celebra una conferencia de prensa en Kiev, Ucrania, el 13 de mayo de 2025. <\/span> <span>(Ucrinform\/Nurphoto a trav\u00e9s de Getty Images)<\/span><\/p>\n<\/div>\n<\/div>\n<\/div>\n<p>Despu\u00e9s de que Putin rechaz\u00f3 el desaf\u00edo de Zelenskyy de sentarse con \u00e9l en la capital turca el jueves, el presidente ucraniano acus\u00f3 a Mosc\u00fa de no hacer un esfuerzo serio para poner fin a la guerra enviando un equipo de negociaci\u00f3n de bajo nivel que describi\u00f3 como \u00abun accesorio de teatro\u00bb.<\/p>\n<p><strong>Putin env\u00eda a Ministro de Relaciones Exteriores a Arabia Saudita para hablar con funcionarios de Trump<\/strong><\/p>\n<p>Aun as\u00ed, Zelenskyy dijo que estaba enviando un equipo encabezado por su ministro de defensa a la reuni\u00f3n del viernes en Estambul. Eso le mostrar\u00eda a Trump que Ucrania est\u00e1 decidido a seguir adelante con los esfuerzos de paz a pesar de la arrastre rusa, dijo Zelenskyy, en medio de una intensa maniobra diplom\u00e1tica de Kiev y Mosc\u00fa.<\/p>\n<p>La delegaci\u00f3n rusa tambi\u00e9n incluye otros tres altos funcionarios, dijo el Kremlin. Putin tambi\u00e9n nombr\u00f3 a cuatro funcionarios de nivel inferior como \u00abexpertos\u00bb para las conversaciones.<\/p>\n<div class=\"image-ct inline\">\n<div class=\"m\"><picture><source media=\"(max-width: 767px)\" srcset=\"https:\/\/a57.foxnews.com\/static.foxnews.com\/foxnews.com\/content\/uploads\/2025\/05\/343\/192\/putin.png?ve=1&amp;tl=1, https:\/\/a57.foxnews.com\/static.foxnews.com\/foxnews.com\/content\/uploads\/2025\/05\/686\/384\/putin.png?ve=1&amp;tl=1 2x\" height=\"192\" width=\"343\"><source media=\"(min-width: 768px) and (max-width: 1023px)\" srcset=\"https:\/\/a57.foxnews.com\/static.foxnews.com\/foxnews.com\/content\/uploads\/2025\/05\/672\/378\/putin.png?ve=1&amp;tl=1, https:\/\/a57.foxnews.com\/static.foxnews.com\/foxnews.com\/content\/uploads\/2025\/05\/1344\/756\/putin.png?ve=1&amp;tl=1 2x\" height=\"378\" width=\"672\"><source media=\"(min-width: 1024px) and (max-width: 1279px)\" srcset=\"https:\/\/a57.foxnews.com\/static.foxnews.com\/foxnews.com\/content\/uploads\/2025\/05\/931\/523\/putin.png?ve=1&amp;tl=1, https:\/\/a57.foxnews.com\/static.foxnews.com\/foxnews.com\/content\/uploads\/2025\/05\/1862\/1046\/putin.png?ve=1&amp;tl=1 2x\" height=\"523\" width=\"931\"><source media=\"(min-width: 1280px)\" srcset=\"https:\/\/a57.foxnews.com\/static.foxnews.com\/foxnews.com\/content\/uploads\/2025\/05\/720\/405\/putin.png?ve=1&amp;tl=1, https:\/\/a57.foxnews.com\/static.foxnews.com\/foxnews.com\/content\/uploads\/2025\/05\/1440\/810\/putin.png?ve=1&amp;tl=1 2x\" height=\"405\" width=\"720\"><img loading=\"lazy\" decoding=\"async\" src=\"https:\/\/a57.foxnews.com\/static.foxnews.com\/foxnews.com\/content\/uploads\/2025\/05\/1200\/675\/putin.png?ve=1&amp;tl=1\" alt=\"Presidente ruso Vladimir Putin\" width=\"1200\" height=\"675\"\/><\/source><\/source><\/source><\/source><\/picture><\/div>\n<div class=\"info\">\n<div class=\"caption\">\n<p><span>El presidente ruso, Vladimir Putin, se encuentra con la delegaci\u00f3n rusa y algunos funcionarios por delante de las conversaciones de Estambul, el 14 de mayo de 2025 en Mosc\u00fa, Rusia. <\/span> <span>(Oficina de Kremlin Press \/ Handout \/ Anadolu a trav\u00e9s de Getty Images)<\/span><\/p>\n<\/div>\n<\/div>\n<\/div>\n<p>Antes de las conversaciones del viernes, tambi\u00e9n tuvo lugar una reuni\u00f3n a tres v\u00edas entre Turqu\u00eda, Estados Unidos y Ucrania, seg\u00fan funcionarios del Ministerio de Relaciones Exteriores turcas. El lado estadounidense incluy\u00f3 al Secretario de Estado de Marco Rubio, as\u00ed como al teniente general retirado Keith Kellogg.<\/p>\n<p>Rubio dijo el jueves que no previ\u00f3 ning\u00fan gran avance en Estambul.<\/p>\n<p><strong>Haga clic aqu\u00ed para obtener la aplicaci\u00f3n Fox News<\/strong><\/p>\n<p>\u00abNo tenemos altas expectativas de lo que suceder\u00e1 ma\u00f1ana. Y, francamente, en este punto, creo que est\u00e1 muy claro que la \u00fanica forma en que vamos a tener un avance aqu\u00ed es entre el presidente Trump y el presidente Putin\u00bb, dijo Rubio a los periodistas el jueves en Antalya, Turqu\u00eda.<\/p>\n<p><i>Associated Press contribuy\u00f3 a este informe.<\/i><\/p>\n<div class=\"article-meta\">\n<div class=\"author-bio\">\n<p>Bradford Betz es un reportero de Fox News Digital Breaking que cubre el crimen, los problemas pol\u00edticos y mucho m\u00e1s. <\/p>\n<\/div>\n<\/div>\n<\/div>\n\n","protected":false},"excerpt":{"rendered":"<p>El presidente Donald Trump dijo el viernes a los periodistas que quiere conocer al presidente ruso Vladimir Putin para discutir la guerra en Ucrania \u00abtan pronto como podamos establecerla\u00bb. El presidente, que habl\u00f3 desde Abu Dhabi durante la \u00faltima parada de su gira de cuatro d\u00edas en el Medio Oriente, dijo: \u00abCreo que es hora &hellip;<\/p>\n","protected":false},"author":1,"featured_media":27496,"comment_status":"open","ping_status":"open","sticky":false,"template":"","format":"standard","meta":{"fifu_image_url":"https:\/\/static.foxnews.com\/foxnews.com\/content\/uploads\/2025\/05\/trump-middle-east.png","fifu_image_alt":"","footnotes":""},"categories":[13],"tags":[],"class_list":["post-27494","post","type-post","status-publish","format-standard","has-post-thumbnail","","category-mundo"],"_links":{"self":[{"href":"https:\/\/noticiasveraces.com\/index.php?rest_route=\/wp\/v2\/posts\/27494","targetHints":{"allow":["GET"]}}],"collection":[{"href":"https:\/\/noticiasveraces.com\/index.php?rest_route=\/wp\/v2\/posts"}],"about":[{"href":"https:\/\/noticiasveraces.com\/index.php?rest_route=\/wp\/v2\/types\/post"}],"author":[{"embeddable":true,"href":"https:\/\/noticiasveraces.com\/index.php?rest_route=\/wp\/v2\/users\/1"}],"replies":[{"embeddable":true,"href":"https:\/\/noticiasveraces.com\/index.php?rest_route=%2Fwp%2Fv2%2Fcomments&post=27494"}],"version-history":[{"count":0,"href":"https:\/\/noticiasveraces.com\/index.php?rest_route=\/wp\/v2\/posts\/27494\/revisions"}],"wp:featuredmedia":[{"embeddable":true,"href":"https:\/\/noticiasveraces.com\/index.php?rest_route=\/wp\/v2\/media\/27496"}],"wp:attachment":[{"href":"https:\/\/noticiasveraces.com\/index.php?rest_route=%2Fwp%2Fv2%2Fmedia&parent=27494"}],"wp:term":[{"taxonomy":"category","embeddable":true,"href":"https:\/\/noticiasveraces.com\/index.php?rest_route=%2Fwp%2Fv2%2Fcategories&post=27494"},{"taxonomy":"post_tag","embeddable":true,"href":"https:\/\/noticiasveraces.com\/index.php?rest_route=%2Fwp%2Fv2%2Ftags&post=27494"}],"curies":[{"name":"wp","href":"https:\/\/api.w.org\/{rel}","templated":true}]}}