{"id":27492,"date":"2025-05-16T05:55:18","date_gmt":"2025-05-16T09:55:18","guid":{"rendered":"https:\/\/noticiasveraces.com\/?p=27492"},"modified":"2025-05-16T05:55:18","modified_gmt":"2025-05-16T09:55:18","slug":"la-inspiradora-historia-de-david-suarez","status":"publish","type":"post","link":"https:\/\/noticiasveraces.com\/?p=27492","title":{"rendered":"la inspiradora historia de David Su\u00e1rez"},"content":{"rendered":"<p> \n<\/p>\n<div>\n<p data-mrf-recirculation=\"Links P\u00e1rrafos\" class=\"ue-c-article__ ue-c-article--first-letter-highlighted\">Desde que ten\u00eda apenas 3 a\u00f1os, el bal\u00f3n ha sido su compa\u00f1ero inseparable. Su pasi\u00f3n lo llev\u00f3 a formar parte de canteras de prestigio como <strong>Las Palmas, Girona, Levante, Rayo Majadahonda y Deportivo de la Coru\u00f1a. <\/strong><\/p>\n<p data-mrf-recirculation=\"Links P\u00e1rrafos\" class=\"ue-c-article__\">Con 18 a\u00f1os, entrenaba ya con el primer equipo del Rayo Majadahonda, entonces en Segunda Divisi\u00f3n. Quer\u00edan qued\u00e1rselo y buscarle una cesi\u00f3n para seguir fogue\u00e1ndolo. Sin embargo, el primer equipo del Rayo descendi\u00f3 esa temporada y, con el descenso, lleg\u00f3 una reestructuraci\u00f3n interna. Cambi\u00f3 la directiva y los planes que hab\u00edan trazado para \u00e9l se esfumaron.<\/p>\n<p data-mrf-recirculation=\"Links P\u00e1rrafos\" class=\"ue-c-article__\"><strong>\u201cFue entonces cuando me llaman del Arenteiro. Era el m\u00e1s joven del equipo y mi primera temporada como central, adem\u00e1s acab\u00e1bamos de ser pap\u00e1s. Recuerdo esta etapa con much\u00edsimo cari\u00f1o, adem\u00e1s mi mujer es gallega\u201d,<\/strong> dados.<\/p>\n<p data-mrf-recirculation=\"Links P\u00e1rrafos\" class=\"ue-c-article__\">Al terminar la temporada, recibi\u00f3 la llamada del filial del Deportivo de La Coru\u00f1a donde en varias ocasiones lleg\u00f3 a entrenar con el primer equipo: \u201cSi hay algo que me marc\u00f3 profundamente adem\u00e1s del club, fue la afici\u00f3n. Galicia me dio mucho, y el D\u00e9por fue una parte fundamental de todo eso\u00bb.\u00a0Al terminar su etapa en A Coru\u00f1a, recibi\u00f3 una llamada de la UD Melilla donde estuvo dos temporadas logrando en la primera un ascenso a Primera RFEF.<\/p>\n<p data-mrf-recirculation=\"Links P\u00e1rrafos\" class=\"ue-c-article__\">El sue\u00f1o era mantenerse en Primera RFEF\u2026 pero no todo sali\u00f3 como esperaba. \u201cA pesar de darlo todo, el equipo descendi\u00f3. Melilla es una ciudad con una mezcla de culturas que te enriquece desde el primer d\u00eda. Me sent\u00ed muy bien recibido, tanto dentro como fuera del campo\u00bb. <strong>Cuando termin\u00f3 su etapa en Melilla, llegaron varias propuestas de clubes de Primera RFEF. Entre ellas, la renovaci\u00f3n de su actual club donde incluso ser\u00eda capit\u00e1n la pr\u00f3xima temporada.<\/strong><\/p>\n<p data-mrf-recirculation=\"Links P\u00e1rrafos\" class=\"ue-c-article__\">\u201cUn buen d\u00eda me llamaron desde Bulgaria\u2026 y todo cambi\u00f3. Lo coment\u00e9 con la familia y sentimos que era el momento de salir, de apostar por algo nuevo, diferente, desafiante. Era una gran oportunidad para adentrarse en el mercado Europeo. Recuerdo que me llam\u00f3 el entrenador y habl\u00f3 con mi mujer para que me convenciese. No hizo mucha falta convencerme porque lo tuvimos claro desde el primer momento. Hoy estoy cumpliendo el sue\u00f1o de ser futbolista profesional y esta vez es en la Primera Divisi\u00f3n de Bulgaria\u00bb, a\u00f1ade.<\/p>\n<p data-mrf-recirculation=\"Links P\u00e1rrafos\" class=\"ue-c-article__\">\u201cTom\u00e9 la decisi\u00f3n de venir a jugar a la liga b\u00falgara porque sent\u00ed en ese momento que era una oportunidad muy importante para mi crecimiento, tanto en lo futbol\u00edstico como en lo personal. Al final tengo 24 a\u00f1os y cre\u00ed que era un buen momento para dar el paso. Es una liga competitiva, con un buen nivel, y me atrajo el desaf\u00edo de adaptarme a una nueva cultura, una nueva forma de juego y demostrar lo que puedo aportar.<\/p>\n<p data-mrf-recirculation=\"Links P\u00e1rrafos\" class=\"ue-c-article__\">Tambi\u00e9n valoro mucho el paso que significa en mi carrera: salir de mi zona de confort, exigirme y seguir evolucionando como jugador y como persona. La Efbet Liga es una competencia muy f\u00edsica, intensa, donde se exige al m\u00e1ximo en cada partido, y eso me motiv\u00f3 mucho.<\/p>\n<p data-mrf-recirculation=\"Links P\u00e1rrafos\" class=\"ue-c-article__\">Sent\u00ed que era el lugar ideal para seguir creciendo en cuanto al f\u00fatbol, poder adentrarme en el f\u00fatbol europeo, adaptarme a un nuevo estilo de juego y sumar experiencia internacional.\u201d<\/p>\n<p data-mrf-recirculation=\"Links P\u00e1rrafos\" class=\"ue-c-article__\">\u201cLo m\u00e1s dif\u00edcil entre algunas cosas ha sido el idioma. Nosotros vivimos en Vratsa, un pueblito que est\u00e1 a 120 km de Sof\u00eda y aqu\u00ed la gente no habla mucho ingl\u00e9s. Reconozco que no ha sido f\u00e1cil la adaptaci\u00f3n al principio. Nuestro hijo a los 6 meses de llegar ya estaba hablando b\u00falgaro porque en el colegio le dan todo en b\u00falgaro. Los ni\u00f1os son como esponjas\u201d.<\/p>\n<p data-mrf-recirculation=\"Links P\u00e1rrafos\" class=\"ue-c-article__\">Hoy, es titular indiscutible, es el jugador espa\u00f1ol con m\u00e1s minutos de la liga de la Primera Divisi\u00f3n de Bulgaria. Sin entender el idioma al llegar, se gan\u00f3 el respeto del vestuario con actitud y juego. Es considerado el jugador m\u00e1s destacado de su equipo , uno de los j\u00f3venes con mayor proyecci\u00f3n de toda la categor\u00eda y se est\u00e1n jugando el descenso.<\/p>\n<p data-mrf-recirculation=\"Links P\u00e1rrafos\" class=\"ue-c-article__\">\u201cCuando uno arranca la temporada con otras expectativas y de pronto se ve peleando por no descender, el golpe emocional es fuerte, m\u00e1s todav\u00eda cuando has dado el paso de cambiar de pa\u00eds y de mover a tu familia. La frustraci\u00f3n, la presi\u00f3n y la incertidumbre se mezclan. Los retos sacan lo mejor de quienes no se rinden f\u00e1cil o eso dicen, as\u00ed que aqu\u00ed estamos, intent\u00e1ndolo\u201d.<\/p>\n<p data-mrf-recirculation=\"Links P\u00e1rrafos\" class=\"ue-c-article__\"><strong>\u201cMientras haya partidos por jugar, hay esperanza\u201d<\/strong><\/p>\n<p data-mrf-recirculation=\"Links P\u00e1rrafos\" class=\"ue-c-article__\">\u201cDe cara a la pr\u00f3xima temporada no s\u00e9 donde estar\u00e9 ni lo que pasar\u00e1. Actualmente mi mente est\u00e1 enfocada en salvar al equipo, es mi prioridad. Lo que tenga que ser ser\u00e1. Tengo la suerte de que mi familia me sigue a todos lados y eso es una realidad. Una motivaci\u00f3n extra. Esas cosas se las dejo siempre mi agente. Soy de vivir el d\u00eda a d\u00eda. Lo que si que tengo claro es que me siento con m\u00e1s madurez, m\u00e1s hambre y con m\u00e1s ganas que nunca. Como digo yo, cada temporada que pasa es una nueva oportunidad y est\u00e9 aqu\u00ed o no, pienso aprovecharla\u201d.<\/p>\n<p data-mrf-recirculation=\"Links P\u00e1rrafos\" class=\"ue-c-article__\">\u201cYo siempre digo que no se trata solo de talento, sino de car\u00e1cter. De levantarse cada d\u00eda con la misma convicci\u00f3n, incluso cuando el camino se vuelve cuesta arriba. No es casualidad que est\u00e9 aqu\u00ed. Todo sucede por alguna raz\u00f3n\u201d.\u00a0Lo que empez\u00f3 con sacrificios y decisiones dif\u00edciles, hoy es una historia de constancia y fe en uno mismo.<\/p>\n<\/div>\n\n","protected":false},"excerpt":{"rendered":"<p>Desde que ten\u00eda apenas 3 a\u00f1os, el bal\u00f3n ha sido su compa\u00f1ero inseparable. Su pasi\u00f3n lo llev\u00f3 a formar parte de canteras de prestigio como Las Palmas, Girona, Levante, Rayo Majadahonda y Deportivo de la Coru\u00f1a. Con 18 a\u00f1os, entrenaba ya con el primer equipo del Rayo Majadahonda, entonces en Segunda Divisi\u00f3n. Quer\u00edan qued\u00e1rselo y &hellip;<\/p>\n","protected":false},"author":1,"featured_media":27493,"comment_status":"open","ping_status":"open","sticky":false,"template":"","format":"standard","meta":{"fifu_image_url":"https:\/\/e00-xlk-ue-marca.uecdn.es\/files\/phantom_desktop_1200w\/uploads\/2025\/05\/16\/6826f414e4101.jpeg","fifu_image_alt":"","footnotes":""},"categories":[6],"tags":[],"class_list":["post-27492","post","type-post","status-publish","format-standard","has-post-thumbnail","","category-deportes"],"_links":{"self":[{"href":"https:\/\/noticiasveraces.com\/index.php?rest_route=\/wp\/v2\/posts\/27492","targetHints":{"allow":["GET"]}}],"collection":[{"href":"https:\/\/noticiasveraces.com\/index.php?rest_route=\/wp\/v2\/posts"}],"about":[{"href":"https:\/\/noticiasveraces.com\/index.php?rest_route=\/wp\/v2\/types\/post"}],"author":[{"embeddable":true,"href":"https:\/\/noticiasveraces.com\/index.php?rest_route=\/wp\/v2\/users\/1"}],"replies":[{"embeddable":true,"href":"https:\/\/noticiasveraces.com\/index.php?rest_route=%2Fwp%2Fv2%2Fcomments&post=27492"}],"version-history":[{"count":0,"href":"https:\/\/noticiasveraces.com\/index.php?rest_route=\/wp\/v2\/posts\/27492\/revisions"}],"wp:featuredmedia":[{"embeddable":true,"href":"https:\/\/noticiasveraces.com\/index.php?rest_route=\/wp\/v2\/media\/27493"}],"wp:attachment":[{"href":"https:\/\/noticiasveraces.com\/index.php?rest_route=%2Fwp%2Fv2%2Fmedia&parent=27492"}],"wp:term":[{"taxonomy":"category","embeddable":true,"href":"https:\/\/noticiasveraces.com\/index.php?rest_route=%2Fwp%2Fv2%2Fcategories&post=27492"},{"taxonomy":"post_tag","embeddable":true,"href":"https:\/\/noticiasveraces.com\/index.php?rest_route=%2Fwp%2Fv2%2Ftags&post=27492"}],"curies":[{"name":"wp","href":"https:\/\/api.w.org\/{rel}","templated":true}]}}