{"id":27478,"date":"2025-05-16T03:06:48","date_gmt":"2025-05-16T07:06:48","guid":{"rendered":"https:\/\/noticiasveraces.com\/?p=27478"},"modified":"2025-05-16T03:06:48","modified_gmt":"2025-05-16T07:06:48","slug":"lara-gil-las-personas-gordas-no-tenemos-que-cambiar-tiene-que-cambiar-la-sociedad-sociedad","status":"publish","type":"post","link":"https:\/\/noticiasveraces.com\/?p=27478","title":{"rendered":"Lara Gil: \u201cLas personas gordas no tenemos que cambiar, tiene que cambiar la sociedad\u201d | Sociedad"},"content":{"rendered":"<p> \n<\/p>\n<div data-dtm-region=\"articulo_cuerpo\">\n<p class=\"\">En 2007, Lara Gil (Madrid, 37 a\u00f1os) se someti\u00f3 a una reducci\u00f3n de est\u00f3mago. Ten\u00eda entonces 19 a\u00f1os y, detr\u00e1s, un largo historial de dietas para adelgazar sin \u00e9xito que le llevaron a creer que el quir\u00f3fano era la \u00fanica salida. Alentada por los especialistas m\u00e9dicos que visit\u00f3, confiaba en que as\u00ed se acabar\u00edan todos sus problemas, \u201cque podr\u00eda, por fin, empezar a vivir\u201d. Hoy, esta antrop\u00f3loga \u2015cocreadora del podcast <i>Nadie hablar\u00e1 de nosotras\u2015<\/i> publica <i>Manual para romper un cuerpo<\/i> (Aguilar), una investigaci\u00f3n y un testimonio en primera persona de las consecuencias f\u00edsicas y psicol\u00f3gicas de la cirug\u00eda bari\u00e1trica, una intervenci\u00f3n que se ha popularizado en las \u00faltimas dos d\u00e9cadas \u2015en Espa\u00f1a, es una de las operaciones que m\u00e1s lista de espera tiene\u2015 para reducir dr\u00e1sticamente el peso del paciente. <\/p>\n<p class=\"\">En el caso de Gil, se le realiz\u00f3 la t\u00e9cnica de <i>Derivaci\u00f3n<\/i>con la que se consigue \u201cun est\u00f3mago m\u00e1s peque\u00f1o y se disfuncionaliza entre el 40% y 50% del intestino delgado\u201d, seg\u00fan la Sociedad Espa\u00f1ola de Cirug\u00eda de la Obesidad. Escribiendo este libro, la autora descubri\u00f3 que su est\u00f3mago tiene una capacidad de 50 mililitros, \u201ccomo un bote peque\u00f1o de pasta de dientes que cabe en una mano\u201d. <\/p>\n<p class=\"\"><b>Pregunta. <\/b>\u00bfC\u00f3mo reaccion\u00f3? <\/p>\n<p class=\"\"><b>Respuesta.<\/b> Me qued\u00e9 paralizada, tard\u00e9 d\u00edas en comprender c\u00f3mo es posible vivir as\u00ed, c\u00f3mo se sostiene un cuerpo si no tiene la capacidad de alimentarse y de nutrirse a trav\u00e9s de un est\u00f3mago tan peque\u00f1o. <\/p>\n<p class=\"\"><b>PAG. <\/b>En el libro describe c\u00f3mo se vive as\u00ed. <\/p>\n<p class=\"\"><b>R. <\/b>Yo vivo con procesos de enfermedad cronificados que han ido aumentando con el tiempo. Anemia, p\u00e9rdida de pelo, deterioro de dientes y huesos, desnutrici\u00f3n, v\u00f3mitos&#8230; Tengo intolerancia a muchos alimentos, me sientan mal, no tengo ganas de comer, pero tengo mucha hambre. No como apenas, pero no estoy delgada. <\/p>\n<p class=\"\"><b>PAG. <\/b>\u00bfSon consecuencias directas de la cirug\u00eda bari\u00e1trica? <\/p>\n<p class=\"\"><b>R.<\/b> Descubr\u00ed varios grupos en Facebook de miles de pacientes de cirug\u00eda bari\u00e1trica que describ\u00edan estos mismos s\u00edntomas. Cuando pregunto a los m\u00e9dicos por qu\u00e9 me pasa todo esto me dicen que es por la operaci\u00f3n, pero no me dan m\u00e1s explicaciones. Por eso decid\u00ed buscarlas yo. <\/p>\n<p class=\"\"><b>PAG: <\/b>Y, \u00bfqu\u00e9 ha descubierto? <\/p>\n<p class=\"\"><b>R. <\/b>Muchas cosas, pero entre ellas que hay un gran pacto de silencio en torno a esta cirug\u00eda, pr\u00e1cticamente la \u00fanica en el mundo en la que se mutila un \u00f3rgano sano con el supuesto prop\u00f3sito de mejorar la vida del paciente. Los especialistas dan poca o confusa informaci\u00f3n sobre la operaci\u00f3n en s\u00ed y las consecuencias, la sociedad perpet\u00faa el mensaje de que es mejor vivir enferma que siendo gorda y las personas que nos sometemos a ella callamos por culpa o verg\u00fcenza tras a\u00f1os de se\u00f1alamientos y de dietas que no sirven para nada. <\/p>\n<p class=\"\"><b>PAG.<\/b> \u00bfCree que no funcionan? <\/p>\n<p class=\"\"><b>R. <\/b>Est\u00e1 demostrado que no, entre el 80% y 95% de la gente que hace dieta vuelve a coger peso tras dejarla, se llama el efecto rebote. Eso pasa tras dietas, cirug\u00edas bari\u00e1tricas y los pinchazos que est\u00e1n ahora tan de moda. Si eres gordo y quieres estar delgado, deber\u00e1s estar toda la vida a dieta. <\/p>\n<p class=\"\"><b>PAG. <\/b>\u00bfA qu\u00e9 edad hizo su primera dieta? <\/p>\n<p class=\"\"><b>R.<\/b> A los 12 a\u00f1os, tras una revisi\u00f3n m\u00e9dica. Aunque recuerdo que en mi casa siempre se control\u00f3 mucho lo que yo com\u00eda, hab\u00eda miedo a que yo engordara, que fuera gorda. He hecho tantas dietas a lo largo de mi vida que he perdido la cuenta. <\/p>\n<figure class=\"a_m a_m-h \"><span class=\"_db a_m_w _pr lb_btn\"><img alt=\"Lara Gil en el mercado de Nueva Numancia, en Madrid. \" decoding=\"auto\" class=\"_re lazyload a_m-h\" height=\"332\" srcset=\"https:\/\/imagenes.elpais.com\/resizer\/v2\/ZVRTIXTWZ5BIFI2FMOZ7VHG4BM.JPG?auth=225856be1b6de7276bf97d389489de935201bc849a161b47865530f4854f5b6a&amp;width=414 414w,https:\/\/imagenes.elpais.com\/resizer\/v2\/ZVRTIXTWZ5BIFI2FMOZ7VHG4BM.JPG?auth=225856be1b6de7276bf97d389489de935201bc849a161b47865530f4854f5b6a&amp;width=828 640w,https:\/\/imagenes.elpais.com\/resizer\/v2\/ZVRTIXTWZ5BIFI2FMOZ7VHG4BM.JPG?auth=225856be1b6de7276bf97d389489de935201bc849a161b47865530f4854f5b6a&amp;width=980 1000w,https:\/\/imagenes.elpais.com\/resizer\/v2\/ZVRTIXTWZ5BIFI2FMOZ7VHG4BM.JPG?auth=225856be1b6de7276bf97d389489de935201bc849a161b47865530f4854f5b6a&amp;width=1960 1960w\" width=\"414\" sizes=\"auto, (min-width:1199px) 1155px,(min-width:1001px) calc(100vw - 44px),(min-width:768px) 767px, 100vw\" src=\"https:\/\/imagenes.elpais.com\/resizer\/v2\/ZVRTIXTWZ5BIFI2FMOZ7VHG4BM.JPG?auth=225856be1b6de7276bf97d389489de935201bc849a161b47865530f4854f5b6a&amp;width=414\" loading=\"lazy\"\/><svg aria-hidden=\"true\" class=\"icon_multimedia_ampliar | _pa a_m_i a_m_i-a _dn\" viewbox=\"0 0 40 40\"><use xlink:href=\"#svg-ampliar\"\/><\/svg><\/span><figcaption class=\"a_m_p\" aria-hidden=\"true\"><span>Lara Gil en el mercado de Nueva Numancia, en Madrid. <\/span><span class=\"a_m_m\">Andrea Comas<\/span><\/figcaption><\/figure>\n<p class=\"\"><b>PAG. <\/b>Hay una persona que ha sido testigo de todo el proceso. <\/p>\n<p class=\"\"><b>R.<\/b> Mi madre pidi\u00f3 un pr\u00e9stamo para que yo me operase porque crey\u00f3 que as\u00ed me estaba cuidando, quer\u00eda que dejara de sufrir. Nadie le habl\u00f3 de la gordofobia que estaba sufriendo, de c\u00f3mo afectaba a mi salud mental. Las madres no tienen herramientas para acompa\u00f1ar a sus hijos porque el propio sistema no las tiene. <\/p>\n<p class=\"\"><b>PAG.<\/b> En el libro tambi\u00e9n habla de consecuencias psicol\u00f3gicas. <\/p>\n<p class=\"\"><b>R.<\/b> La dieta suele estar motivada por una negaci\u00f3n de tu cuerpo, alguien te dice que est\u00e1 mal y que tienes que cambiarlo. Pero el cuerpo no se puede cambiar porque no se puede controlar, lo que genera frustraci\u00f3n y problemas de salud mental, de autoestima, dismorfia, trastornos de la conducta alimentaria&#8230; <\/p>\n<p class=\"\"><b>PAG. <\/b>Que tambi\u00e9n requieren tratamiento&#8230; <\/p>\n<p class=\"\"><b>R.<\/b> Cuando las personas gordas vamos al m\u00e9dico, sea por cualquier motivo, lo \u00fanico que ven es nuestra gordura. Somos solo kilos que deben reducirse por encima de todo. La consulta es un lugar de violencia verbal, de infradiagn\u00f3sticos y de negligencias m\u00e9dicas. <\/p>\n<p class=\"\"><b>PAG. <\/b>\u00bfC\u00f3mo es la relaci\u00f3n con su cuerpo? <\/p>\n<p class=\"\"><b>R.<\/b> Antes entend\u00eda mi cuerpo como si no fuera m\u00edo, como si mi yo delgado estuviera encerrado en una c\u00e1rcel y tuviera que liberarlo. Gracias al activismo he comprendido que el problema no es ser gorda, el problema es la gordofobia. Ahora me gusta mi cuerpo, ya no lo oculto. <\/p>\n<p class=\"\"><b>PAG.<\/b> \u00bfLe da miedo haberse expuesto tanto? <\/p>\n<p class=\"\"><b>R.<\/b> Asumo que tendr\u00e1 consecuencias porque he decidido contar una informaci\u00f3n muy importante que he descubierto, que no va a gustar a ciertos sectores e industrias. Pero tambi\u00e9n tengo la certeza de que va a ayudar a mucha gente a entender lo que les pasa, a tomar decisiones por s\u00ed mismas. Las personas gordas no tenemos que cambiar, tiene que cambiar la sociedad. <\/p>\n<\/div>\n\n","protected":false},"excerpt":{"rendered":"<p>En 2007, Lara Gil (Madrid, 37 a\u00f1os) se someti\u00f3 a una reducci\u00f3n de est\u00f3mago. Ten\u00eda entonces 19 a\u00f1os y, detr\u00e1s, un largo historial de dietas para adelgazar sin \u00e9xito que le llevaron a creer que el quir\u00f3fano era la \u00fanica salida. Alentada por los especialistas m\u00e9dicos que visit\u00f3, confiaba en que as\u00ed se acabar\u00edan todos &hellip;<\/p>\n","protected":false},"author":1,"featured_media":27479,"comment_status":"open","ping_status":"open","sticky":false,"template":"","format":"standard","meta":{"fifu_image_url":"https:\/\/imagenes.elpais.com\/resizer\/v2\/75V2X3CLZVFFFNIZB7BGBAIZDY.JPG?auth=2d7dd56fc3996f2575656b63eb51d78d6a00df5ad814f77e1315de610b2fad97&width=1200","fifu_image_alt":"","footnotes":""},"categories":[11],"tags":[],"class_list":["post-27478","post","type-post","status-publish","format-standard","has-post-thumbnail","","category-viaje"],"_links":{"self":[{"href":"https:\/\/noticiasveraces.com\/index.php?rest_route=\/wp\/v2\/posts\/27478","targetHints":{"allow":["GET"]}}],"collection":[{"href":"https:\/\/noticiasveraces.com\/index.php?rest_route=\/wp\/v2\/posts"}],"about":[{"href":"https:\/\/noticiasveraces.com\/index.php?rest_route=\/wp\/v2\/types\/post"}],"author":[{"embeddable":true,"href":"https:\/\/noticiasveraces.com\/index.php?rest_route=\/wp\/v2\/users\/1"}],"replies":[{"embeddable":true,"href":"https:\/\/noticiasveraces.com\/index.php?rest_route=%2Fwp%2Fv2%2Fcomments&post=27478"}],"version-history":[{"count":0,"href":"https:\/\/noticiasveraces.com\/index.php?rest_route=\/wp\/v2\/posts\/27478\/revisions"}],"wp:featuredmedia":[{"embeddable":true,"href":"https:\/\/noticiasveraces.com\/index.php?rest_route=\/wp\/v2\/media\/27479"}],"wp:attachment":[{"href":"https:\/\/noticiasveraces.com\/index.php?rest_route=%2Fwp%2Fv2%2Fmedia&parent=27478"}],"wp:term":[{"taxonomy":"category","embeddable":true,"href":"https:\/\/noticiasveraces.com\/index.php?rest_route=%2Fwp%2Fv2%2Fcategories&post=27478"},{"taxonomy":"post_tag","embeddable":true,"href":"https:\/\/noticiasveraces.com\/index.php?rest_route=%2Fwp%2Fv2%2Ftags&post=27478"}],"curies":[{"name":"wp","href":"https:\/\/api.w.org\/{rel}","templated":true}]}}