{"id":27472,"date":"2025-05-16T01:07:50","date_gmt":"2025-05-16T05:07:50","guid":{"rendered":"https:\/\/noticiasveraces.com\/?p=27472"},"modified":"2025-05-16T01:07:50","modified_gmt":"2025-05-16T05:07:50","slug":"investigan-presunta-amenaza-a-trump-por-exjefe-del-fbi-dw-16-05-2025","status":"publish","type":"post","link":"https:\/\/noticiasveraces.com\/?p=27472","title":{"rendered":"Investigan presunta amenaza a Trump por exjefe del FBI \u2013 DW \u2013 16\/05\/2025"},"content":{"rendered":"<p> \n<\/p>\n<div>\n<p>Autoridades y agencias de seguridad de Estados Unidos investigan una presunta amenaza de muerte contra el presidente Donald Trump por parte del exdirector de la polic\u00eda federal (FBI) James Comey, dijo este jueves (15.05.2025) la secretaria de Seguridad Interior.<\/p>\n<p>El anuncio de la secretaria Kristi Noem sigue a la publicaci\u00f3n de Comey en Instagram de una imagen que mostraba el n\u00famero \u00ab86 47\u00bb escrito con conchas de mar.<\/p>\n<p>Presuntamente, \u00ab86\u00bb se usa en jerga con el significado de \u00abmatar\u00bb y \u00ab47\u00bb aludir\u00eda al n\u00famero de presidente de Estados Unidos de Trump.<\/p>\n<p>\u00abEl exdirector del FBI James Comey inst\u00f3 al asesinato de @POTUS Trump\u00bb, escribi\u00f3 Noem en X, usando el acr\u00f3nimo de President of the United States. <\/p>\n<h2>Comey borr\u00f3 el mensaje<\/h2>\n<p>El \u00abDepartamento de Seguridad Interior y el Servicio Secreto investigan esta amenaza y responder\u00e1n apropiadamente\u00bb, agreg\u00f3.<\/p>\n<p>Comey escribi\u00f3 despu\u00e9s en Instagram que se trataba de una \u00abfotograf\u00eda de algunas conchas que vi hoy en una caminata por la playa, que yo asum\u00ed eran un mensaje pol\u00edtico\u00bb.<\/p>\n<p>\u00abNo pens\u00e9 que algunas personas asociar\u00edan esos n\u00fameros con violencia. Nunca se me ocurri\u00f3, pero me opongo a la violencia de cualquier tipo y por eso lo borr\u00e9\u00bb, explic\u00f3.<\/p>\n<p>Trump sufri\u00f3 un intento de asesinato en un mitin electoral en julio, que le caus\u00f3 una herida en la oreja. A lo largo de su carrera ha enfrentado otras amenazas.<\/p>\n<p>mg (afp, El Nuevo Herald)<\/p>\n<\/p>\n<\/div>\n\n","protected":false},"excerpt":{"rendered":"<p>Autoridades y agencias de seguridad de Estados Unidos investigan una presunta amenaza de muerte contra el presidente Donald Trump por parte del exdirector de la polic\u00eda federal (FBI) James Comey, dijo este jueves (15.05.2025) la secretaria de Seguridad Interior. El anuncio de la secretaria Kristi Noem sigue a la publicaci\u00f3n de Comey en Instagram de &hellip;<\/p>\n","protected":false},"author":1,"featured_media":27473,"comment_status":"open","ping_status":"open","sticky":false,"template":"","format":"standard","meta":{"fifu_image_url":"https:\/\/static.dw.com\/image\/50218177_6.jpg","fifu_image_alt":"","footnotes":""},"categories":[13],"tags":[],"class_list":["post-27472","post","type-post","status-publish","format-standard","has-post-thumbnail","","category-mundo"],"_links":{"self":[{"href":"https:\/\/noticiasveraces.com\/index.php?rest_route=\/wp\/v2\/posts\/27472","targetHints":{"allow":["GET"]}}],"collection":[{"href":"https:\/\/noticiasveraces.com\/index.php?rest_route=\/wp\/v2\/posts"}],"about":[{"href":"https:\/\/noticiasveraces.com\/index.php?rest_route=\/wp\/v2\/types\/post"}],"author":[{"embeddable":true,"href":"https:\/\/noticiasveraces.com\/index.php?rest_route=\/wp\/v2\/users\/1"}],"replies":[{"embeddable":true,"href":"https:\/\/noticiasveraces.com\/index.php?rest_route=%2Fwp%2Fv2%2Fcomments&post=27472"}],"version-history":[{"count":0,"href":"https:\/\/noticiasveraces.com\/index.php?rest_route=\/wp\/v2\/posts\/27472\/revisions"}],"wp:featuredmedia":[{"embeddable":true,"href":"https:\/\/noticiasveraces.com\/index.php?rest_route=\/wp\/v2\/media\/27473"}],"wp:attachment":[{"href":"https:\/\/noticiasveraces.com\/index.php?rest_route=%2Fwp%2Fv2%2Fmedia&parent=27472"}],"wp:term":[{"taxonomy":"category","embeddable":true,"href":"https:\/\/noticiasveraces.com\/index.php?rest_route=%2Fwp%2Fv2%2Fcategories&post=27472"},{"taxonomy":"post_tag","embeddable":true,"href":"https:\/\/noticiasveraces.com\/index.php?rest_route=%2Fwp%2Fv2%2Ftags&post=27472"}],"curies":[{"name":"wp","href":"https:\/\/api.w.org\/{rel}","templated":true}]}}