{"id":27461,"date":"2025-05-16T00:06:42","date_gmt":"2025-05-16T04:06:42","guid":{"rendered":"https:\/\/noticiasveraces.com\/?p=27461"},"modified":"2025-05-16T00:06:42","modified_gmt":"2025-05-16T04:06:42","slug":"las-delegaciones-de-rusia-y-ucrania-se-reuniran-el-viernes-dw-15-05-2025","status":"publish","type":"post","link":"https:\/\/noticiasveraces.com\/?p=27461","title":{"rendered":"Las delegaciones de Rusia y Ucrania se reunir\u00e1n el viernes \u2013 DW \u2013 15\/05\/2025"},"content":{"rendered":"<p> \n<\/p>\n<div>\n<p>Las delegaciones designadas por Rusia y Ucrania para iniciar contactos directos entre ambos bandos que impulsen las negociaciones de paz se reunir\u00e1n ma\u00f1ana viernes en Estambul, seg\u00fan confirmaron el jueves (15.05.2025) fuentes oficiales de ambas partes a la televisi\u00f3n p\u00fablica ucraniana, Suspilne, y a la agencia estatal rusa TASS.<\/p>\n<p>Seg\u00fan declar\u00f3 a Suspilne una fuente de la oficina presidencial ucraniana, el jefe de la delegaci\u00f3n ucraniana, el ministro de Defensa Rustem Umerov, y el resto del equipo negociador llegar\u00e1n el jueves por la noche a Estambul procedentes de Ankara para reunirse el viernes con los emisarios del Kremlin. La delegaci\u00f3n rusa -designada ayer y formada por el asesor presidencial Vladimir Medinski y por un viceministro de Exteriores, uno de Defensa y un alto cargo del Estado Mayor- lleg\u00f3 el jueves por la ma\u00f1ana a Estambul para las negociaciones.<\/p>\n<h2>Estados Unidos no tiene \u00abgrandes expectativas\u00bb<\/h2>\n<p>El secretario de Estado estadounidense, Marco Rubio, dijo hoy no esperar mucho de este encuentro. \u00abVoy a ser franco, no creo que tenemos grandes expectativas sobre lo que suceder\u00e1 ma\u00f1ana\u00bb, declar\u00f3 Rubio a la prensa sobre las primeras negociaciones de paz directas entre Ucrania y Rusia en tres a\u00f1os.<\/p>\n<p>\u00abEspero equivocarme. Espero que har\u00e1n enormes progresos ma\u00f1ana\u00bb, agreg\u00f3. \u00abPero no creo, francamente, que tengamos un avance hasta que el presidente Trump se siente con el presidente Putin y determine cu\u00e1les son sus intenciones para el futuro\u00bb, dijo Rubio.<\/p>\n<p>LGC (EFE, AFP)<\/p>\n<\/div>\n\n","protected":false},"excerpt":{"rendered":"<p>Las delegaciones designadas por Rusia y Ucrania para iniciar contactos directos entre ambos bandos que impulsen las negociaciones de paz se reunir\u00e1n ma\u00f1ana viernes en Estambul, seg\u00fan confirmaron el jueves (15.05.2025) fuentes oficiales de ambas partes a la televisi\u00f3n p\u00fablica ucraniana, Suspilne, y a la agencia estatal rusa TASS. Seg\u00fan declar\u00f3 a Suspilne una fuente &hellip;<\/p>\n","protected":false},"author":1,"featured_media":27462,"comment_status":"open","ping_status":"open","sticky":false,"template":"","format":"standard","meta":{"fifu_image_url":"https:\/\/static.dw.com\/image\/72554956_6.jpg","fifu_image_alt":"","footnotes":""},"categories":[13],"tags":[],"class_list":["post-27461","post","type-post","status-publish","format-standard","has-post-thumbnail","","category-mundo"],"_links":{"self":[{"href":"https:\/\/noticiasveraces.com\/index.php?rest_route=\/wp\/v2\/posts\/27461","targetHints":{"allow":["GET"]}}],"collection":[{"href":"https:\/\/noticiasveraces.com\/index.php?rest_route=\/wp\/v2\/posts"}],"about":[{"href":"https:\/\/noticiasveraces.com\/index.php?rest_route=\/wp\/v2\/types\/post"}],"author":[{"embeddable":true,"href":"https:\/\/noticiasveraces.com\/index.php?rest_route=\/wp\/v2\/users\/1"}],"replies":[{"embeddable":true,"href":"https:\/\/noticiasveraces.com\/index.php?rest_route=%2Fwp%2Fv2%2Fcomments&post=27461"}],"version-history":[{"count":0,"href":"https:\/\/noticiasveraces.com\/index.php?rest_route=\/wp\/v2\/posts\/27461\/revisions"}],"wp:featuredmedia":[{"embeddable":true,"href":"https:\/\/noticiasveraces.com\/index.php?rest_route=\/wp\/v2\/media\/27462"}],"wp:attachment":[{"href":"https:\/\/noticiasveraces.com\/index.php?rest_route=%2Fwp%2Fv2%2Fmedia&parent=27461"}],"wp:term":[{"taxonomy":"category","embeddable":true,"href":"https:\/\/noticiasveraces.com\/index.php?rest_route=%2Fwp%2Fv2%2Fcategories&post=27461"},{"taxonomy":"post_tag","embeddable":true,"href":"https:\/\/noticiasveraces.com\/index.php?rest_route=%2Fwp%2Fv2%2Ftags&post=27461"}],"curies":[{"name":"wp","href":"https:\/\/api.w.org\/{rel}","templated":true}]}}