{"id":27440,"date":"2025-05-15T21:02:01","date_gmt":"2025-05-16T01:02:01","guid":{"rendered":"https:\/\/noticiasveraces.com\/?p=27440"},"modified":"2025-05-15T21:02:01","modified_gmt":"2025-05-16T01:02:01","slug":"vladimir-putin-destituye-a-jefe-de-fuerzas-terrestres-rusas-dw-16-05-2025","status":"publish","type":"post","link":"https:\/\/noticiasveraces.com\/?p=27440","title":{"rendered":"Vladimir Putin destituye a jefe de fuerzas terrestres rusas \u2013 DW \u2013 16\/05\/2025"},"content":{"rendered":"<p> \n<\/p>\n<div>\n<p>El presidente Vladimir Putin removi\u00f3 al comandante de las fuerzas terrestres del Ej\u00e9rcito ruso, Oleg Salyukov, seg\u00fan un decreto publicado este jueves (15.05.22025) por el Kremlin, antes de las negociaciones directas con los ucranianos en Estambul.<\/p>\n<p>Salyukov fue nombrado vicesecretario del Consejo de Seguridad ruso, importante \u00f3rgano consultivo, y \u00abqueda relevado de sus funciones actuales\u00bb, reza el decreto.<\/p>\n<p>La semana pasada, Salyukov dirigi\u00f3 el gran desfile militar del D\u00eda de la Victoria en la Plaza Roja, con motivo del 80 aniversario de la victoria de Rusia sobre la Alemania nazi.<\/p>\n<p>Salyukov se desempe\u00f1\u00f3 como el m\u00e1ximo general de las fuerzas terrestres de Rusia desde 2014. Supervis\u00f3 la intervenci\u00f3n militar rusa en la guerra en Siria y la ofensiva a gran escala lanzada contra Ucrania.<\/p>\n<p>Rusia, que supuestamente planeaba tomar Ucrania, un pa\u00eds con un ej\u00e9rcito mucho m\u00e1s peque\u00f1o, en tres d\u00edas, est\u00e1 sumida en un sangriento y extenuante conflicto de tres a\u00f1os con su vecino, que ha matado a decenas de miles de personas y devastado ciudades enteras.<\/p>\n<p>Ucrania y Rusia tienen previsto celebrar este jueves o viernes en Estambul sus primeras conversaciones de paz directas en m\u00e1s de tres a\u00f1os.<\/p>\n<p>Mg (AFP, The Mosc\u00fa Times)<\/p>\n<\/p>\n<\/div>\n\n","protected":false},"excerpt":{"rendered":"<p>El presidente Vladimir Putin removi\u00f3 al comandante de las fuerzas terrestres del Ej\u00e9rcito ruso, Oleg Salyukov, seg\u00fan un decreto publicado este jueves (15.05.22025) por el Kremlin, antes de las negociaciones directas con los ucranianos en Estambul. Salyukov fue nombrado vicesecretario del Consejo de Seguridad ruso, importante \u00f3rgano consultivo, y \u00abqueda relevado de sus funciones actuales\u00bb, &hellip;<\/p>\n","protected":false},"author":1,"featured_media":27441,"comment_status":"open","ping_status":"open","sticky":false,"template":"","format":"standard","meta":{"fifu_image_url":"https:\/\/static.dw.com\/image\/48669443_6.jpg","fifu_image_alt":"","footnotes":""},"categories":[13],"tags":[],"class_list":["post-27440","post","type-post","status-publish","format-standard","has-post-thumbnail","","category-mundo"],"_links":{"self":[{"href":"https:\/\/noticiasveraces.com\/index.php?rest_route=\/wp\/v2\/posts\/27440","targetHints":{"allow":["GET"]}}],"collection":[{"href":"https:\/\/noticiasveraces.com\/index.php?rest_route=\/wp\/v2\/posts"}],"about":[{"href":"https:\/\/noticiasveraces.com\/index.php?rest_route=\/wp\/v2\/types\/post"}],"author":[{"embeddable":true,"href":"https:\/\/noticiasveraces.com\/index.php?rest_route=\/wp\/v2\/users\/1"}],"replies":[{"embeddable":true,"href":"https:\/\/noticiasveraces.com\/index.php?rest_route=%2Fwp%2Fv2%2Fcomments&post=27440"}],"version-history":[{"count":0,"href":"https:\/\/noticiasveraces.com\/index.php?rest_route=\/wp\/v2\/posts\/27440\/revisions"}],"wp:featuredmedia":[{"embeddable":true,"href":"https:\/\/noticiasveraces.com\/index.php?rest_route=\/wp\/v2\/media\/27441"}],"wp:attachment":[{"href":"https:\/\/noticiasveraces.com\/index.php?rest_route=%2Fwp%2Fv2%2Fmedia&parent=27440"}],"wp:term":[{"taxonomy":"category","embeddable":true,"href":"https:\/\/noticiasveraces.com\/index.php?rest_route=%2Fwp%2Fv2%2Fcategories&post=27440"},{"taxonomy":"post_tag","embeddable":true,"href":"https:\/\/noticiasveraces.com\/index.php?rest_route=%2Fwp%2Fv2%2Ftags&post=27440"}],"curies":[{"name":"wp","href":"https:\/\/api.w.org\/{rel}","templated":true}]}}