{"id":27438,"date":"2025-05-15T20:00:12","date_gmt":"2025-05-16T00:00:12","guid":{"rendered":"https:\/\/noticiasveraces.com\/?p=27438"},"modified":"2025-05-15T20:00:12","modified_gmt":"2025-05-16T00:00:12","slug":"mueren-35-personas-en-brutal-enfrentamiento-en-chad-dw-16-05-2025","status":"publish","type":"post","link":"https:\/\/noticiasveraces.com\/?p=27438","title":{"rendered":"Mueren 35 personas en brutal enfrentamiento en Chad \u2013 DW \u2013 16\/05\/2025"},"content":{"rendered":"<p> \n<\/p>\n<div>\n<p>Un total de 35 personas murieron y seis resultaron heridas el mi\u00e9rcoles en Chad en un \u00abviolento enfrentamiento\u00bb ocurrido en la aldea de Mandakao, situada en la provincia de Logone Occidental (suroeste), inform\u00f3 este jueves (15.05.2025) el Gobierno.<\/p>\n<p>\u00abEste tr\u00e1gico enfrentamiento se sald\u00f3 con la muerte de treinta y cinco personas y seis heridos. Las Fuerzas de Defensa y Seguridad intervinieron con rapidez y lograron controlar la situaci\u00f3n\u00bb, afirm\u00f3 el portavoz del Ejecutivo, Gassim Sherif Mahamat.<\/p>\n<p>Mahamat no aclar\u00f3 la naturaleza de esa violencia, aunque la zona sufre a menudo choques entre agricultores y pastores.<\/p>\n<p>A tal efecto, una delegaci\u00f3n gubernamental se desplaz\u00f3 a Mandakao para evaluar \u00abla magnitud del drama y brindar el apoyo necesario a las personas afectadas\u00bb.<\/p>\n<p>El Gobierno expres\u00f3 sus \u00abm\u00e1s sinceras condolencias a las familias de las v\u00edctimas\u00bb, as\u00ed como su \u00abcompasi\u00f3n por los heridos\u00bb y les asegur\u00f3 su \u00abpleno apoyo\u00bb.<\/p>\n<p>Adem\u00e1s, el Ejecutivo conden\u00f3 \u00abcon la mayor firmeza estos actos de barbarie\u00bb y asegur\u00f3 que se est\u00e1n tomando todas las medidas necesarias para \u00abidentificar, rastrear y llevar ante la justicia a los autores y c\u00f3mplices\u00bb. <\/p>\n<h2>Otro enfrentamiento<\/h2>\n<p>As\u00ed, el Gobierno exigi\u00f3 \u00abla detenci\u00f3n y la rendici\u00f3n de cuentas de todos, en un esp\u00edritu de paz y unidad nacional\u00bb.<\/p>\n<p>En otro suceso distinto, al menos 19 personas murieron entre el mi\u00e9rcoles y el jueves en enfrentamientos entre agricultores y pastores en departamento de Lac Iro, en la provincia austral de Moyen-Chari, informaron a EFE este jueves la Polic\u00eda y residentes locales.<\/p>\n<p>Chad es uno de los mayores productores de ganado de \u00c1frica, pero el m\u00e9todo es tradicional, extensivo, caracterizado por la movilidad de los animales en busca de puntos de agua y pastos.<\/p>\n<p>Estos recursos disminuyen en cantidad y calidad debido a los efectos de la crisis clim\u00e1tica, entre otros factores.<\/p>\n<p>La fuerte presi\u00f3n sobre los recursos ha deteriorado las relaciones entre pastores musulmanes n\u00f3madas y agricultores nativos sedentarios, en su mayor\u00eda cristianos o animistas, con choques frecuentes en el sur del pa\u00eds y en otras zonas f\u00e9rtiles de su territorio.<\/p>\n<p>Los campesinos acusan a los pastores de saquear sus campos haciendo pastar a sus animales o, incluso, de asentarse en tierras que consideran suyas.<\/p>\n<p>MG (EFE, AFP)<\/p>\n<\/p>\n<\/div>\n\n","protected":false},"excerpt":{"rendered":"<p>Un total de 35 personas murieron y seis resultaron heridas el mi\u00e9rcoles en Chad en un \u00abviolento enfrentamiento\u00bb ocurrido en la aldea de Mandakao, situada en la provincia de Logone Occidental (suroeste), inform\u00f3 este jueves (15.05.2025) el Gobierno. \u00abEste tr\u00e1gico enfrentamiento se sald\u00f3 con la muerte de treinta y cinco personas y seis heridos. Las &hellip;<\/p>\n","protected":false},"author":1,"featured_media":27439,"comment_status":"open","ping_status":"open","sticky":false,"template":"","format":"standard","meta":{"fifu_image_url":"https:\/\/static.dw.com\/image\/70749415_6.jpg","fifu_image_alt":"","footnotes":""},"categories":[13],"tags":[],"class_list":["post-27438","post","type-post","status-publish","format-standard","has-post-thumbnail","","category-mundo"],"_links":{"self":[{"href":"https:\/\/noticiasveraces.com\/index.php?rest_route=\/wp\/v2\/posts\/27438","targetHints":{"allow":["GET"]}}],"collection":[{"href":"https:\/\/noticiasveraces.com\/index.php?rest_route=\/wp\/v2\/posts"}],"about":[{"href":"https:\/\/noticiasveraces.com\/index.php?rest_route=\/wp\/v2\/types\/post"}],"author":[{"embeddable":true,"href":"https:\/\/noticiasveraces.com\/index.php?rest_route=\/wp\/v2\/users\/1"}],"replies":[{"embeddable":true,"href":"https:\/\/noticiasveraces.com\/index.php?rest_route=%2Fwp%2Fv2%2Fcomments&post=27438"}],"version-history":[{"count":0,"href":"https:\/\/noticiasveraces.com\/index.php?rest_route=\/wp\/v2\/posts\/27438\/revisions"}],"wp:featuredmedia":[{"embeddable":true,"href":"https:\/\/noticiasveraces.com\/index.php?rest_route=\/wp\/v2\/media\/27439"}],"wp:attachment":[{"href":"https:\/\/noticiasveraces.com\/index.php?rest_route=%2Fwp%2Fv2%2Fmedia&parent=27438"}],"wp:term":[{"taxonomy":"category","embeddable":true,"href":"https:\/\/noticiasveraces.com\/index.php?rest_route=%2Fwp%2Fv2%2Fcategories&post=27438"},{"taxonomy":"post_tag","embeddable":true,"href":"https:\/\/noticiasveraces.com\/index.php?rest_route=%2Fwp%2Fv2%2Ftags&post=27438"}],"curies":[{"name":"wp","href":"https:\/\/api.w.org\/{rel}","templated":true}]}}