{"id":27434,"date":"2025-05-15T17:57:19","date_gmt":"2025-05-15T21:57:19","guid":{"rendered":"https:\/\/noticiasveraces.com\/?p=27434"},"modified":"2025-05-15T17:57:19","modified_gmt":"2025-05-15T21:57:19","slug":"el-parlamento-belga-derogo-el-abandono-de-la-energia-nuclear-dw-15-05-2025","status":"publish","type":"post","link":"https:\/\/noticiasveraces.com\/?p=27434","title":{"rendered":"El Parlamento belga derog\u00f3 el abandono de la energ\u00eda nuclear \u2013 DW \u2013 15\/05\/2025"},"content":{"rendered":"<p> \n<\/p>\n<div>\n<p>El Parlamento federal belga derog\u00f3 este jueves (15.05.2025) una ley que databa de 2003 y que determinaba la suspensi\u00f3n de la producci\u00f3n de energ\u00eda nuclear a fines de este a\u00f1o. La nueva normativa -aprobada por 102 votos a favor y ocho en contra, con 31 abstenciones- elimina toda referencia a la salida de la energ\u00eda nuclear en 2025, as\u00ed como a la prohibici\u00f3n de que el pa\u00eds desarrolle nueva infraestructura para producir electricidad a partir de la energ\u00eda at\u00f3mica.<\/p>\n<p>\u00abEl Parlamento Federal acaba de pasar la p\u00e1gina de dos d\u00e9cadas de bloqueos y vacilaciones para allanar el camino hacia un modelo energ\u00e9tico realista y resistente\u00bb, celebr\u00f3 el ministro belga de Energ\u00eda, Mathieu Bihet, que defendi\u00f3 el proyecto. Este liberal franc\u00f3fono asegur\u00f3, seg\u00fan recoge la prensa francesa, que B\u00e9lgica pretende \u00abrelanzar un sector innovador\u00bb capaz de reforzar su independencia energ\u00e9tica y sus esfuerzos de descarbonizaci\u00f3n.<\/p>\n<p>La decisi\u00f3n abre tambi\u00e9n la puerta a\u00a0extender la vida \u00fatil de otros reactores, m\u00e1s all\u00e1 de las plantas nucleares de Doel 4 y Tihange 3, cuya extensi\u00f3n por diez a\u00f1os -hasta 2035- ha sido objeto de un acuerdo en 2022\u00a0con el operador, el grupo franc\u00e9s Engie.\u00a0Los otros reactores del pa\u00eds, seg\u00fan Samuel Cogolati, copresidente del partido ambientalista Ecolo, sin embargo, \u00abya no cumplen con los est\u00e1ndares de seguridad\u00bb.<\/p>\n<h2>Para el operador el\u00e9ctrico \u00abla energ\u00eda nuclear ya no es parte de la estrategia\u00bb <\/h2>\n<p>Cuando asumi\u00f3 el cargo, hace tres meses y medio, el nuevo gobierno encabezado por el conservador flamenco Bart de Wever, adelant\u00f3 que contaba con \u00abuna cuota de energ\u00eda nuclear de 4 gigavatios (GW)\u00bb, la capacidad de cuatro reactores. La energ\u00eda nuclear representa alrededor del 42% de la electricidad producida en B\u00e9lgica y la coalici\u00f3n de De Wever quiere que mantenga este papel como pilar de la matriz energ\u00e9tica.<\/p>\n<p>\u00abEngie sigue siendo el propietario y operador de los reactores. Tendremos que abrir un di\u00e1logo con ellos para conocer sus intenciones\u00bb, apunt\u00f3 Bihet. Contactado por AFP, un vocero del grupo Engie apunt\u00f3 que \u00abla energ\u00eda nuclear ya no es parte de la estrategia\u00bb del grupo empresarial.<\/p>\n<p>LGC (AFP, Figaro)<\/p>\n<\/div>\n\n","protected":false},"excerpt":{"rendered":"<p>El Parlamento federal belga derog\u00f3 este jueves (15.05.2025) una ley que databa de 2003 y que determinaba la suspensi\u00f3n de la producci\u00f3n de energ\u00eda nuclear a fines de este a\u00f1o. La nueva normativa -aprobada por 102 votos a favor y ocho en contra, con 31 abstenciones- elimina toda referencia a la salida de la energ\u00eda &hellip;<\/p>\n","protected":false},"author":1,"featured_media":27435,"comment_status":"open","ping_status":"open","sticky":false,"template":"","format":"standard","meta":{"fifu_image_url":"https:\/\/static.dw.com\/image\/70497193_6.jpg","fifu_image_alt":"","footnotes":""},"categories":[13],"tags":[],"class_list":["post-27434","post","type-post","status-publish","format-standard","has-post-thumbnail","","category-mundo"],"_links":{"self":[{"href":"https:\/\/noticiasveraces.com\/index.php?rest_route=\/wp\/v2\/posts\/27434","targetHints":{"allow":["GET"]}}],"collection":[{"href":"https:\/\/noticiasveraces.com\/index.php?rest_route=\/wp\/v2\/posts"}],"about":[{"href":"https:\/\/noticiasveraces.com\/index.php?rest_route=\/wp\/v2\/types\/post"}],"author":[{"embeddable":true,"href":"https:\/\/noticiasveraces.com\/index.php?rest_route=\/wp\/v2\/users\/1"}],"replies":[{"embeddable":true,"href":"https:\/\/noticiasveraces.com\/index.php?rest_route=%2Fwp%2Fv2%2Fcomments&post=27434"}],"version-history":[{"count":0,"href":"https:\/\/noticiasveraces.com\/index.php?rest_route=\/wp\/v2\/posts\/27434\/revisions"}],"wp:featuredmedia":[{"embeddable":true,"href":"https:\/\/noticiasveraces.com\/index.php?rest_route=\/wp\/v2\/media\/27435"}],"wp:attachment":[{"href":"https:\/\/noticiasveraces.com\/index.php?rest_route=%2Fwp%2Fv2%2Fmedia&parent=27434"}],"wp:term":[{"taxonomy":"category","embeddable":true,"href":"https:\/\/noticiasveraces.com\/index.php?rest_route=%2Fwp%2Fv2%2Fcategories&post=27434"},{"taxonomy":"post_tag","embeddable":true,"href":"https:\/\/noticiasveraces.com\/index.php?rest_route=%2Fwp%2Fv2%2Ftags&post=27434"}],"curies":[{"name":"wp","href":"https:\/\/api.w.org\/{rel}","templated":true}]}}