{"id":27389,"date":"2025-05-15T11:51:49","date_gmt":"2025-05-15T15:51:49","guid":{"rendered":"https:\/\/noticiasveraces.com\/?p=27389"},"modified":"2025-05-15T11:51:49","modified_gmt":"2025-05-15T15:51:49","slug":"james-rodriguez-como-ha-cambiado-su-valor-de-mercado-desde-su-llegada-a-leon-curiosidades-de-futbol","status":"publish","type":"post","link":"https:\/\/noticiasveraces.com\/?p=27389","title":{"rendered":"James Rodr\u00edguez: \u00bfc\u00f3mo ha cambiado su valor de mercado desde su llegada a Le\u00f3n? | Curiosidades de f\u00fatbol"},"content":{"rendered":"<p> \n<\/p>\n<div id=\"cuerpoArticulo\">\n<p class=\"texto intro\" id=\"p245620-m597-596-598\">&#8211; <b>James Rodr\u00edguez tiene un precio de 2.5 millones de euros<\/b>valor que ha sabido mantener desde su llegada a Le\u00f3n, seg\u00fan <i>Mercado de transferencia<\/i>.<br \/>&#8211; James est\u00e1 de vacaciones luego de finalizar el primer semestre con Le\u00f3n en M\u00e9xico, una situaci\u00f3n que puede alarmar a los colombianos por su inactividad. Asimismo, hay ciertos rumores de cambio de aires.<\/p>\n<p class=\"texto contenido-parrafo-articulo\" id=\"p245620-m615-2-616\"><b>James Rodr\u00edguez ha terminado el primer semestre con el Club Le\u00f3n<\/b>luego de haber sido eliminado del Torneo Clausura 2025 de la Liga MX y, en estos momentos, se encuentra de vacaciones. Mientras hay incertidumbre sobre su futuro en M\u00e9xico, James se prepara para sumarse a la Selecci\u00f3n Colombia en junio. Pensando en un futuro, el valor del ex Real Madrid se ha mantenido durante el tiempo, y es que <b>su precio es de 2.5 millones de euros<\/b>seg\u00fan <i>Mercado de transferencia<\/i>dinero que cualquier club deber\u00eda pagar por \u00e9l, teniendo en cuenta su jerarqu\u00eda.<\/p>\n<div class=\"fotografia caja-articulo\" id=\"p245620-m621-3-622\">\n<div class=\"imagen-cuerpo-bk\">\n<figure itemscope=\"\" itemtype=\"https:\/\/schema.org\/ImageObject\" itemprop=\"image\" id=\"m626-625-627\" class=\"foto-galeria-articulo imagen-articulo foto-texto-articulo-galeria\"><img decoding=\"async\" alt=\"James Rodr\u00edguez en Club Le\u00f3n\" src=\"data:image\/png;base64,iVBORw0KGgoAAAANSUhEUgAAAAEAAAABCAQAAAC1HAwCAAAAC0lEQVR42mP8\/x0AAvsB+DlKarAAAAAASUVORK5CYII=\" style=\" display: inline;\" data-original=\"\/files\/article_content\/uploads\/2025\/04\/23\/6809772a7cb12.jpeg\"\/><meta itemprop=\"width\" content=\"600\"\/><meta itemprop=\"height\" content=\"450\"\/> <meta itemprop=\"url\" content=\"https:\/\/www.futbolred.com\/files\/article_content\/uploads\/2025\/04\/23\/6809772a7cb12.jpeg\"\/><\/figure>\n<\/div>\n<div class=\"figcaption-cuerpo-bk credito-image-bk\"><figcaption class=\"foto-info\">\n<div class=\"titulo-foto-bk\">\n<p id=\"m633-1-634\" class=\"titulo pie-de-foto\">El precio de James es de 2.5 millones de d\u00f3lares.<\/p>\n<\/div>\n<p class=\"credito\">\n                            <span class=\"linea pre_credito\">Foto:<\/span><\/p>\n<p>                        <span id=\"m639-2-640\" class=\"autor\">Efusi\u00f3n<\/span><\/p>\n<\/figcaption><\/div>\n<\/p><\/div>\n<p class=\"texto contenido-parrafo-articulo\" id=\"p245620-m647-4-648\">Desde su llegada a Le\u00f3n, <b>James Rodr\u00edguez ha mantenido este valor de mercado<\/b>al menos, hasta la fecha. Resulta que este es el mismo precio que ten\u00eda cuando a\u00fan jugaba para Rayo Vallecano en Espa\u00f1a, aunque durante su estad\u00eda en Brasil (Sao Paulo) y tras la Copa Am\u00e9rica 2024, lleg\u00f3 a tener un valor de mercado de 5 millones, es decir, el doble. Su precio m\u00e1s alto lo obtuvo cuando jugaba para Real Madrid, llegando a estar valorado en 80 millones.<\/p>\n<p>                                                            <span class=\"articulo-subtitulo subtitulo2 espacio-contenido\" id=\"p245620-m698-6-699\">\u00bfHasta cu\u00e1ndo tiene contrato James Rodr\u00edguez con Le\u00f3n?<br \/><\/span><\/p>\n<p class=\"texto contenido-parrafo-articulo\" id=\"p245620-m704-7-705\">James arrib\u00f3 a M\u00e9xico en enero de este 2025 y <b>firm\u00f3 un contrato por 1 a\u00f1o con Le\u00f3n, es decir, hasta diciembre de 2025<\/b>. Hasta el momento no se ha hablado de una posible renovaci\u00f3n, pero lo que s\u00ed es seguro es que el colombiano estar\u00e1 disponible para el entrenador Eduardo Berizzo, de cara al segundo semestre, donde deber\u00e1 afrontar distintas competencias con la \u2018Fiera\u2019 como el Torneo Apertura o la Leagues Cup.<\/p>\n<p>                                                    <span class=\"articulo-subtitulo subtitulo2 espacio-contenido\" id=\"p245620-m710-8-711\">\u00bfCu\u00e1ndo jugar\u00e1 James Rodr\u00edguez con la Selecci\u00f3n Colombia?<br \/><\/span><\/p>\n<p class=\"texto contenido-parrafo-articulo\" id=\"p245620-m716-9-717\"><b>La Selecci\u00f3n Colombia jugar\u00e1 por Eliminatorias Sudamericanas rumbo al Mundial 2026 el pr\u00f3ximo 6 de junio<\/b>cuando le toque enfrentar a Per\u00fa en Barranquilla. Luego, deber\u00e1 jugar ante Argentina en Buenos Aires, el 10 de junio, un partido bastante complicado para la \u2018Tricolor\u2019. En este sentido, James Rodr\u00edguez no podr\u00e1 sumarse a la pretemporada con Le\u00f3n, ya que est\u00e1 estipulada para el d\u00eda 9 de junio. De esta manera, llegar\u00eda unos d\u00edas despu\u00e9s a M\u00e9xico, cerca del 12 de junio.<\/p>\n<\/p><\/div>\n\n","protected":false},"excerpt":{"rendered":"<p>&#8211; James Rodr\u00edguez tiene un precio de 2.5 millones de eurosvalor que ha sabido mantener desde su llegada a Le\u00f3n, seg\u00fan Mercado de transferencia.&#8211; James est\u00e1 de vacaciones luego de finalizar el primer semestre con Le\u00f3n en M\u00e9xico, una situaci\u00f3n que puede alarmar a los colombianos por su inactividad. Asimismo, hay ciertos rumores de cambio &hellip;<\/p>\n","protected":false},"author":1,"featured_media":27390,"comment_status":"open","ping_status":"open","sticky":false,"template":"","format":"standard","meta":{"fifu_image_url":"https:\/\/www.futbolred.com\/files\/og_thumbnail\/uploads\/2025\/04\/21\/6805dc420b8db.jpeg","fifu_image_alt":"","footnotes":""},"categories":[6],"tags":[],"class_list":["post-27389","post","type-post","status-publish","format-standard","has-post-thumbnail","","category-deportes"],"_links":{"self":[{"href":"https:\/\/noticiasveraces.com\/index.php?rest_route=\/wp\/v2\/posts\/27389","targetHints":{"allow":["GET"]}}],"collection":[{"href":"https:\/\/noticiasveraces.com\/index.php?rest_route=\/wp\/v2\/posts"}],"about":[{"href":"https:\/\/noticiasveraces.com\/index.php?rest_route=\/wp\/v2\/types\/post"}],"author":[{"embeddable":true,"href":"https:\/\/noticiasveraces.com\/index.php?rest_route=\/wp\/v2\/users\/1"}],"replies":[{"embeddable":true,"href":"https:\/\/noticiasveraces.com\/index.php?rest_route=%2Fwp%2Fv2%2Fcomments&post=27389"}],"version-history":[{"count":0,"href":"https:\/\/noticiasveraces.com\/index.php?rest_route=\/wp\/v2\/posts\/27389\/revisions"}],"wp:featuredmedia":[{"embeddable":true,"href":"https:\/\/noticiasveraces.com\/index.php?rest_route=\/wp\/v2\/media\/27390"}],"wp:attachment":[{"href":"https:\/\/noticiasveraces.com\/index.php?rest_route=%2Fwp%2Fv2%2Fmedia&parent=27389"}],"wp:term":[{"taxonomy":"category","embeddable":true,"href":"https:\/\/noticiasveraces.com\/index.php?rest_route=%2Fwp%2Fv2%2Fcategories&post=27389"},{"taxonomy":"post_tag","embeddable":true,"href":"https:\/\/noticiasveraces.com\/index.php?rest_route=%2Fwp%2Fv2%2Ftags&post=27389"}],"curies":[{"name":"wp","href":"https:\/\/api.w.org\/{rel}","templated":true}]}}