{"id":27387,"date":"2025-05-15T11:50:12","date_gmt":"2025-05-15T15:50:12","guid":{"rendered":"https:\/\/noticiasveraces.com\/?p=27387"},"modified":"2025-05-15T11:50:12","modified_gmt":"2025-05-15T15:50:12","slug":"ucrania-encomienda-la-negociacion-a-su-ministro-de-defensa-dw-15-05-2025","status":"publish","type":"post","link":"https:\/\/noticiasveraces.com\/?p=27387","title":{"rendered":"Ucrania encomienda la negociaci\u00f3n a su ministro de Defensa \u2013 DW \u2013 15\/05\/2025"},"content":{"rendered":"<p> \n<\/p>\n<div>\n<p>Ucrania enviar\u00e1 a negociar este jueves (15.05.2025) con Rusia en Estambul a una delegaci\u00f3n encabezada por el ministro de Defensa, Rustem Umerov, de la que tambi\u00e9n formar\u00e1n parte representantes del Ej\u00e9rcito y los servicios de inteligencia, seg\u00fan anunci\u00f3 desde Ankara el presidente ucraniano, Volodimir Zelenski.<\/p>\n<p>\u00abHe decidido enviar a nuestra delegaci\u00f3n a Estambul\u201d, declar\u00f3 Zelenski en una rueda de prensa desde la capital turca tras reunirse con el presidente de Turqu\u00eda, Recep Tayyip Erdogan. Los miembros de la delegaci\u00f3n ucraniana \u00abtendr\u00e1n un mandato para un cese el fuego\u00bb y esta ser\u00e1 \u00abencabezada por el ministro de Defensa\u00bb, anunci\u00f3 Zelenski.<\/p>\n<p>El presidente ucraniano explic\u00f3 que la reuni\u00f3n podr\u00eda producirse o bien este mismo jueves o bien el viernes y que debe incluir a representantes de Turqu\u00eda y de Estados Unidos. Zelenski, que ya hab\u00eda protagonizado un cruce de acusaciones con Mosc\u00fa,\u00a0acus\u00f3 a Rusia de no tomarse en serio las negociaciones por haber rechazado el presidente ruso, Vladimir Putin, su invitaci\u00f3n a reunirse personalmente con \u00e9l y por haber designado ayer una delegaci\u00f3n en la que ning\u00fan integrante alcanza el rango de ministro.<\/p>\n<p>El jefe de la delegaci\u00f3n rusa, Vladimir Medinski, afirm\u00f3 hoy que Rusia est\u00e1 lista para \u00abposibles compromisos\u00bb y para hablar de ellas con los representantes de Kiev. \u00abEstamos listos para trabajar, para retomar las negociaciones de Estambul; estamos listos para hacer posibles compromisos y hablar de ellos\u00bb, declar\u00f3 Medinski a la televisi\u00f3n rusa. Y asegur\u00f3 que el objetivo de Mosc\u00fa era asegurar una paz duradera con Kiev, buscando bases comunes y abordando las causas del conflicto.<\/p>\n<p>LGC (EFE, AFP, RTR)<\/p>\n<figure class=\"placeholder-image master_landscape big\"><img data-format=\"MASTER_LANDSCAPE\" data-id=\"72556477\" data-url=\"https:\/\/static.dw.com\/image\/72556477_${formatId}.jpg\" data-aspect-ratio=\"16\/9\" alt=\"Una guardia de honor flanquea el paso de ambos mandatarios presentando armas.\" style=\"padding-bottom: 56.25%; height: 0; max-height: 0;\"\/><figcaption class=\"img-caption\">El presidente ucraniano, Volodimir Zelenski, recibido por su hom\u00f3logo turco, Recep Tayyip Erdogan, en Ankara. <small class=\"copyright\">Imagen: DHA<\/small><\/figcaption><\/figure>\n<\/div>\n\n","protected":false},"excerpt":{"rendered":"<p>Ucrania enviar\u00e1 a negociar este jueves (15.05.2025) con Rusia en Estambul a una delegaci\u00f3n encabezada por el ministro de Defensa, Rustem Umerov, de la que tambi\u00e9n formar\u00e1n parte representantes del Ej\u00e9rcito y los servicios de inteligencia, seg\u00fan anunci\u00f3 desde Ankara el presidente ucraniano, Volodimir Zelenski. \u00abHe decidido enviar a nuestra delegaci\u00f3n a Estambul\u201d, declar\u00f3 Zelenski &hellip;<\/p>\n","protected":false},"author":1,"featured_media":27388,"comment_status":"open","ping_status":"open","sticky":false,"template":"","format":"standard","meta":{"fifu_image_url":"https:\/\/static.dw.com\/image\/66859420_6.jpg","fifu_image_alt":"","footnotes":""},"categories":[13],"tags":[],"class_list":["post-27387","post","type-post","status-publish","format-standard","has-post-thumbnail","","category-mundo"],"_links":{"self":[{"href":"https:\/\/noticiasveraces.com\/index.php?rest_route=\/wp\/v2\/posts\/27387","targetHints":{"allow":["GET"]}}],"collection":[{"href":"https:\/\/noticiasveraces.com\/index.php?rest_route=\/wp\/v2\/posts"}],"about":[{"href":"https:\/\/noticiasveraces.com\/index.php?rest_route=\/wp\/v2\/types\/post"}],"author":[{"embeddable":true,"href":"https:\/\/noticiasveraces.com\/index.php?rest_route=\/wp\/v2\/users\/1"}],"replies":[{"embeddable":true,"href":"https:\/\/noticiasveraces.com\/index.php?rest_route=%2Fwp%2Fv2%2Fcomments&post=27387"}],"version-history":[{"count":0,"href":"https:\/\/noticiasveraces.com\/index.php?rest_route=\/wp\/v2\/posts\/27387\/revisions"}],"wp:featuredmedia":[{"embeddable":true,"href":"https:\/\/noticiasveraces.com\/index.php?rest_route=\/wp\/v2\/media\/27388"}],"wp:attachment":[{"href":"https:\/\/noticiasveraces.com\/index.php?rest_route=%2Fwp%2Fv2%2Fmedia&parent=27387"}],"wp:term":[{"taxonomy":"category","embeddable":true,"href":"https:\/\/noticiasveraces.com\/index.php?rest_route=%2Fwp%2Fv2%2Fcategories&post=27387"},{"taxonomy":"post_tag","embeddable":true,"href":"https:\/\/noticiasveraces.com\/index.php?rest_route=%2Fwp%2Fv2%2Ftags&post=27387"}],"curies":[{"name":"wp","href":"https:\/\/api.w.org\/{rel}","templated":true}]}}