{"id":27371,"date":"2025-05-15T08:45:21","date_gmt":"2025-05-15T12:45:21","guid":{"rendered":"https:\/\/noticiasveraces.com\/?p=27371"},"modified":"2025-05-15T08:45:21","modified_gmt":"2025-05-15T12:45:21","slug":"entierro-de-margot-friedlander-superviviente-del-holocausto-dw-15-05-2025","status":"publish","type":"post","link":"https:\/\/noticiasveraces.com\/?p=27371","title":{"rendered":"Entierro de Margot Friedl\u00e4nder, superviviente del Holocausto \u2013 DW \u2013 15\/05\/2025"},"content":{"rendered":"<p> \n<\/p>\n<div>\n<p>La superviviente del Holocausto Margot Friedl\u00e4nder fue enterrada en un cementerio jud\u00edo de Berl\u00edn, en un funeral al que acudieron familiares y mandatarios\u00a0pasados y actuales. Todos ellos quisieron despedir a esta mujer, que dedic\u00f3 su vida a luchar contra el olvido, por la democracia y el entendimiento.<\/p>\n<p>Friedl\u00e4nder, que fue deportada cuando era joven por los nazis al gueto de Theresienstadt, se mud\u00f3 tras su liberaci\u00f3n del campo de concentraci\u00f3n nazi en 1945 a Nueva York con su esposo. Volvi\u00f3 a Berl\u00edn para instalarse con 88 a\u00f1os. All\u00ed continu\u00f3 luchando por el recuerdo de la Sho\u00e1 y por la reconciliaci\u00f3n, hasta el final de su vida, el 9 de mayo de 2025.<\/p>\n<h2>Numerosos rostros conocidos<\/h2>\n<p>Friedl\u00e4nder destac\u00f3 en los \u00faltimos a\u00f1os por su labor y compromiso con la memoria hist\u00f3rica en la sociedad alemana, a la que ayud\u00f3 como testigo de los cr\u00edmenes nazis a recordar la siniestra realidad de la Shoa. Sus padres y su hermano menor fueron asesinados en el campo de exterminio de Auschwitz.<\/p>\n<p>El jueves, 15 de mayo de 2025, fue enterrada en una tumba de honor en su ciudad natal junto a la tumba de sus abuelos. Un rabino liberal y otro ortodoxo oficiaron el funeral, en el que estaban familiares y amigos de la fallecida, pero tambi\u00e9n numerosos pol\u00edticos y rostros conocidos del cine y de los medios de comunicaci\u00f3n de Alemania.<\/p>\n<figure class=\"placeholder-image master_landscape big\"><img data-format=\"MASTER_LANDSCAPE\" data-id=\"72553159\" data-url=\"https:\/\/static.dw.com\/image\/72553159_${formatId}.jpg\" data-aspect-ratio=\"16\/9\" alt=\"Cuatro hombres de negro trasladan un ata\u00fad cubierto con una manta negra con dos estrellas jud\u00edas.\" style=\"padding-bottom: 56.25%; height: 0; max-height: 0;\"\/><figcaption class=\"img-caption\">El ata\u00fad de Margot Friedl\u00e4nder, trasladado por cuatro hombres en el cementerio Wei\u00dfensee de la comunidad jud\u00eda de Berl\u00edn.<small class=\"copyright\">Imagen: Kay Nietfeld\/dpa\/picture alliance<\/small><\/figcaption><\/figure>\n<p>Entre los invitados figuraban el presidente de Alemania, Frank-Walter Steinmeier, el expresidente Joachim Gauck, el canciller, Friedrich Merz, y sus antecesores en el cargo, Olaf Scholz y Angela Merkel, la presidenta de la C\u00e1mara Baja, Julia Kl\u00f6ckner, el alcalde de Berl\u00edn, Kai Wegner, as\u00ed como el presidente del Consejo Central de los Jud\u00edos de Alemania, Josef Schuster, y el embajador israel\u00ed, Ron Prosor, entre otros.<\/p>\n<p>Seg\u00fan la radiotelevisi\u00f3n p\u00fablica &#8216;RBB&#8217;, unos 430 polic\u00edas velaban por la seguridad del funeral, que tuvo lugar mientras que en edificios p\u00fablicos de la capital alemana ondeaban banderas de luto, pues Friedl\u00e4nder era ciudadana de honor de Berl\u00edn.<\/p>\n<p><span data-slot-id=\"Article_InContent-1\" class=\"rich-text-ad\"\/><\/p>\n<h2> Un s\u00edmbolo de calidez, cercan\u00eda y compasi\u00f3n <\/h2>\n<p>Gideon Joffe, presidente de la Comunidad Jud\u00eda de Berl\u00edn, rindi\u00f3 homenaje a la vida y obra de Friedl\u00e4nder en un paneg\u00edrico, al afirmar que pese a haber vivido los horrores del nazismo, la superviviente del Holocausto se convirti\u00f3 \u00aben alguien que no quer\u00eda odiar, sino recordar\u00bb.<\/p>\n<p>Friedl\u00e4nder simboliz\u00f3, a\u00f1adi\u00f3, \u00ablo que uno imagina que debe ser un ser humano: calidez, cercan\u00eda, compasi\u00f3n\u00bb.\u00a0El rabino Jonah Sievers, de la congregaci\u00f3n de la sinagoga de Friedl\u00e4nder, calific\u00f3 a la fallecida de \u00abbr\u00fajula moral\u00bb.<\/p>\n<p>No s\u00f3lo era un testigo contempor\u00e1neo, sino tambi\u00e9n un \u00abpuente vivo entre el pasado y el presente\u00bb, que hab\u00eda \u00abdejado una huella que va m\u00e1s all\u00e1 de la muerte\u00bb, afirm\u00f3.<\/p>\n<p>Friedl\u00e4nder falleci\u00f3 el d\u00eda en que estaba previsto que Steinmeier le entregara la Orden del M\u00e9rito de la Rep\u00fablica Federal de Alemania, la m\u00e1xima expresi\u00f3n de reconocimiento en el pa\u00eds centroeuropeo, un gesto del Estado germano hacia la fallecida superviviente del Holocausto que est\u00e1 previsto\u00a0se produzca ahora de manera p\u00f3stuma.<\/p>\n<p>MS (DPA\/AFP\/EFE)<\/p>\n<\/p>\n<\/div>\n\n","protected":false},"excerpt":{"rendered":"<p>La superviviente del Holocausto Margot Friedl\u00e4nder fue enterrada en un cementerio jud\u00edo de Berl\u00edn, en un funeral al que acudieron familiares y mandatarios\u00a0pasados y actuales. Todos ellos quisieron despedir a esta mujer, que dedic\u00f3 su vida a luchar contra el olvido, por la democracia y el entendimiento. Friedl\u00e4nder, que fue deportada cuando era joven por &hellip;<\/p>\n","protected":false},"author":1,"featured_media":27372,"comment_status":"open","ping_status":"open","sticky":false,"template":"","format":"standard","meta":{"fifu_image_url":"https:\/\/static.dw.com\/image\/72553341_6.jpg","fifu_image_alt":"","footnotes":""},"categories":[13],"tags":[],"class_list":["post-27371","post","type-post","status-publish","format-standard","has-post-thumbnail","","category-mundo"],"_links":{"self":[{"href":"https:\/\/noticiasveraces.com\/index.php?rest_route=\/wp\/v2\/posts\/27371","targetHints":{"allow":["GET"]}}],"collection":[{"href":"https:\/\/noticiasveraces.com\/index.php?rest_route=\/wp\/v2\/posts"}],"about":[{"href":"https:\/\/noticiasveraces.com\/index.php?rest_route=\/wp\/v2\/types\/post"}],"author":[{"embeddable":true,"href":"https:\/\/noticiasveraces.com\/index.php?rest_route=\/wp\/v2\/users\/1"}],"replies":[{"embeddable":true,"href":"https:\/\/noticiasveraces.com\/index.php?rest_route=%2Fwp%2Fv2%2Fcomments&post=27371"}],"version-history":[{"count":0,"href":"https:\/\/noticiasveraces.com\/index.php?rest_route=\/wp\/v2\/posts\/27371\/revisions"}],"wp:featuredmedia":[{"embeddable":true,"href":"https:\/\/noticiasveraces.com\/index.php?rest_route=\/wp\/v2\/media\/27372"}],"wp:attachment":[{"href":"https:\/\/noticiasveraces.com\/index.php?rest_route=%2Fwp%2Fv2%2Fmedia&parent=27371"}],"wp:term":[{"taxonomy":"category","embeddable":true,"href":"https:\/\/noticiasveraces.com\/index.php?rest_route=%2Fwp%2Fv2%2Fcategories&post=27371"},{"taxonomy":"post_tag","embeddable":true,"href":"https:\/\/noticiasveraces.com\/index.php?rest_route=%2Fwp%2Fv2%2Ftags&post=27371"}],"curies":[{"name":"wp","href":"https:\/\/api.w.org\/{rel}","templated":true}]}}